{"id":2786,"date":"2017-04-03T13:32:46","date_gmt":"2017-04-03T13:32:46","guid":{"rendered":"http:\/\/zumbalaturba.com.ar\/?p=2786"},"modified":"2017-04-07T13:41:20","modified_gmt":"2017-04-07T13:41:20","slug":"hablar-puede-resultar-peligroso","status":"publish","type":"post","link":"https:\/\/zumbalaturba.com.ar\/?p=2786","title":{"rendered":"Hablar puede resultar peligroso"},"content":{"rendered":"<h2><\/h2>\n<p>En el \u00faltimo mes, M\u00e9xico registro otros tres asesinatos a periodistas y comunicadorxs que se suman a los 100 producidos desde el a\u00f1o 2000 hasta la fecha. Esto demuestra el incremento sistem\u00e1tico de la violencia contra la prensa en dicho pa\u00eds, en el intento del Estado y los poderes de continuar ocultando una realidad brutal ante la cual lxs ciudadanxs mexicanos no pueden ni quieren callar. Al respecto, <strong>el ELM dialog\u00f3 con la periodista cordobesa radicada en M\u00e9xico Paula M\u00f3naco Felipe.<\/strong><\/p>\n<p>&nbsp;<\/p>\n<p>El pa\u00eds latinoamericano viene siendo escenario de reiterados hechos de violencia extrema contra la prensa. En lo que va de la administraci\u00f3n del presidente Enrique Pe\u00f1a Nieto, fueron asesinados 30 comunicadorxs.<\/p>\n<p>Seg\u00fan un informe de la organizaci\u00f3n Art\u00edculo 19, s\u00f3lo en 2016 se registraron 426 agresiones y 11 asesinatos a periodistas, el mayor n\u00famero en los \u00faltimos 10 a\u00f1os. Adem\u00e1s, destacan la impunidad en el pa\u00eds ante las agresiones a la prensa, ya que el 99.7% de los casos quedan sin resolverse.<\/p>\n<p>Por otro lado, en lo que va de este a\u00f1o fueron asesinados tres periodistas, todxs en el mes de marzo. Cecilio Pineda Brito de 38 a\u00f1os, colaborador de La Jornada en el estado de Guerrero, Ricardo Monlui Cabrera de 57 a\u00f1os, director del diario &#8216;El Pol\u00edtico&#8217; y columnista de temas de la industria ca\u00f1era en el &#8220;Diario de Xalapa\u201d y Miroslava Breach Velducea corresponsal de La Jornada en la capital del estado de Chihuahua, asesinada por 8 disparos el ultimo 23 de marzo.<\/p>\n<p>Sobre esto, en el programa <strong>Enredando Las Ma\u00f1anas<\/strong>, hablamos con la compa\u00f1era <strong>Paula M\u00f3naco Felipe<\/strong> desde M\u00e9xico quien opin\u00f3 que con estos \u00faltimos asesinatos la situaci\u00f3n parece empeorar.<\/p>\n<p><em>\u201cAl mismo tiempo hay una completa negaci\u00f3n de las autoridades sobre el tema. El presidente Pe\u00f1a Nieto tuvo varios discursos diciendo que M\u00e9xico vive muy buenos tiempos y que la crisis est\u00e1 en la mente de las personas. Frases dolorosas porque contrastan con una realidad completamente diferente\u201d<\/em>, coment\u00f3 la periodista.<\/p>\n<p>A su vez, Paula explica que aunque no se tienen claras las razones de los ataques a la prensa, <em>\u201ces un hecho que voluntaria o impl\u00edcitamente tiene un mensaje: hablar o decir puede resultar peligroso y que en cualquier trabajo se est\u00e1 completamente indefenso\u201d.<\/em><\/p>\n<p>Un dato importante \u2013cuenta Monaco- es que en el 60% de los casos de ataques a periodistas, quienes agreden son gobernantes de distintos grados en distintas situaciones. <em>\u201cNo tenemos tan claro qui\u00e9nes nos matan, pero s\u00ed tenemos claro qui\u00e9n nos amenaza y con eso basta\u201d,<\/em> afirm\u00f3 la compa\u00f1era.<\/p>\n<p>Por otro lado, ante las sistem\u00e1ticas agresiones a la prensa mexicana y el rol de los medios de comunicaci\u00f3n en el pa\u00eds, Paula considera que una de las consecuencias m\u00e1s graves es la autocensura. <em>\u201cComienzan a haber temas de los cuales ya no se puede hablar, que resultan peligrosos. Breach Velducea daba mucha cobertura a las v\u00edctimas de delitos de lesa humanidad, familiares de desaparecidos, de victimas de feminicidios o desplazados por violencia\u201d,<\/em> dijo la comunicadora y agreg\u00f3: <em>\u201cAdem\u00e1s hay otros temas, menos visibles de por s\u00ed, que comienzan a ser mas invisibles\u201d.<\/em><\/p>\n<p>En este sentido manifest\u00f3: <em>\u201cEmpieza a haber un anti manual de estilo, algo delirante, de lo que se puede hablar de que no, en qu\u00e9 t\u00e9rminos y que no, es imposible de saber\u201d<\/em><\/p>\n<p>Finalmente, Paula destac\u00f3 que existe una estrategia comunicacional muy fuerte, no s\u00f3lo desde el Estado sino desde los sectores poderosos de M\u00e9xico. <em>\u201cEs muy concreta de probar y tiene que ver con las pautas oficiales del gobierno. La hip\u00f3tesis es que est\u00e1 sujeta al tipo de informaci\u00f3n que se publica\u201d<\/em>, explic\u00f3 la compa\u00f1era y continu\u00f3: \u201c<em>Es dr\u00e1stica la baja en los temas que se tratan en la agenda medi\u00e1tica. Durante el gobierno de Calder\u00f3n se reportaba el 45% de las cosas que ocurr\u00edan, ahora con Pe\u00f1a Nieto, se reporta cerca de un 15% nada m\u00e1s y al mismo tiempo los gastos en publicidad oficial son gigantescos\u201d.<\/em><\/p>\n<p>Escuch\u00e1 aqu\u00ed la entrevista completa:<br \/>\n<audio class=\"wp-audio-shortcode\" id=\"audio-2786-1\" preload=\"none\" style=\"width: 100%;\" controls=\"controls\"><source type=\"audio\/mpeg\" src=\"https:\/\/ia601507.us.archive.org\/9\/items\/paulamonaco\/paulamonaco.mp3?_=1\" \/><a href=\"https:\/\/ia601507.us.archive.org\/9\/items\/paulamonaco\/paulamonaco.mp3\">https:\/\/ia601507.us.archive.org\/9\/items\/paulamonaco\/paulamonaco.mp3<\/a><\/audio><\/p>\n<div class='share-to-whatsapp-wrapper'><div class='share-on-whsp'>Share on: <\/div><div class='clear '><\/div><\/div>","protected":false},"excerpt":{"rendered":"<p>En el \u00faltimo mes, M\u00e9xico registro otros tres asesinatos a periodistas y comunicadorxs que se suman a los 100 producidos desde el a\u00f1o 2000 hasta la fecha. Esto demuestra el incremento sistem\u00e1tico de la violencia contra la prensa en dicho pa\u00eds, en el intento del Estado y los poderes de continuar ocultando una realidad brutal [&hellip;]<\/p>\n","protected":false},"author":7,"featured_media":2789,"comment_status":"open","ping_status":"open","sticky":false,"template":"","format":"standard","meta":{"footnotes":""},"categories":[18,29],"tags":[16,561],"class_list":["post-2786","post","type-post","status-publish","format-standard","has-post-thumbnail","hentry","category-elm","category-trabajadores-en-lucha","tag-mexico","tag-pena-nieto"],"_links":{"self":[{"href":"https:\/\/zumbalaturba.com.ar\/index.php?rest_route=\/wp\/v2\/posts\/2786","targetHints":{"allow":["GET"]}}],"collection":[{"href":"https:\/\/zumbalaturba.com.ar\/index.php?rest_route=\/wp\/v2\/posts"}],"about":[{"href":"https:\/\/zumbalaturba.com.ar\/index.php?rest_route=\/wp\/v2\/types\/post"}],"author":[{"embeddable":true,"href":"https:\/\/zumbalaturba.com.ar\/index.php?rest_route=\/wp\/v2\/users\/7"}],"replies":[{"embeddable":true,"href":"https:\/\/zumbalaturba.com.ar\/index.php?rest_route=%2Fwp%2Fv2%2Fcomments&post=2786"}],"version-history":[{"count":0,"href":"https:\/\/zumbalaturba.com.ar\/index.php?rest_route=\/wp\/v2\/posts\/2786\/revisions"}],"wp:featuredmedia":[{"embeddable":true,"href":"https:\/\/zumbalaturba.com.ar\/index.php?rest_route=\/wp\/v2\/media\/2789"}],"wp:attachment":[{"href":"https:\/\/zumbalaturba.com.ar\/index.php?rest_route=%2Fwp%2Fv2%2Fmedia&parent=2786"}],"wp:term":[{"taxonomy":"category","embeddable":true,"href":"https:\/\/zumbalaturba.com.ar\/index.php?rest_route=%2Fwp%2Fv2%2Fcategories&post=2786"},{"taxonomy":"post_tag","embeddable":true,"href":"https:\/\/zumbalaturba.com.ar\/index.php?rest_route=%2Fwp%2Fv2%2Ftags&post=2786"}],"curies":[{"name":"wp","href":"https:\/\/api.w.org\/{rel}","templated":true}]}}