{"id":28,"date":"2016-05-20T02:28:00","date_gmt":"2016-05-20T02:28:00","guid":{"rendered":"http:\/\/zumbalaturba.com.ar\/2016\/05\/20\/fabi-tron-la-sociedad-sigue-siendo-tan-homolesbotransfobica-como-era-antes-o-mas\/"},"modified":"2016-05-20T02:28:00","modified_gmt":"2016-05-20T02:28:00","slug":"fabi-tron-la-sociedad-sigue-siendo-tan-homolesbotransfobica-como-era-antes-o-mas","status":"publish","type":"post","link":"https:\/\/zumbalaturba.com.ar\/?p=28","title":{"rendered":"fabi tron: \u201cla sociedad sigue siendo tan homolesbotransf\u00f3bica como era antes o m\u00e1s\u201d"},"content":{"rendered":"<div style=\"clear: both; text-align: center;\"><a href=\"https:\/\/2.bp.blogspot.com\/-qxdyGjro-QA\/Vz510pz3SRI\/AAAAAAAAC4Q\/EczyWGFEAIsYujOAjXpZhARDLFHYQo4gwCLcB\/s1600\/fabi%2Btron.jpg\" style=\"clear: left; float: left; margin-bottom: 1em; margin-right: 1em;\"><img fetchpriority=\"high\" decoding=\"async\" border=\"0\" height=\"320\" src=\"https:\/\/2.bp.blogspot.com\/-qxdyGjro-QA\/Vz510pz3SRI\/AAAAAAAAC4Q\/EczyWGFEAIsYujOAjXpZhARDLFHYQo4gwCLcB\/s320\/fabi%2Btron.jpg\" width=\"320\" \/><\/a><\/div>\n<p>El 17 de mayo se conmemora en todo el mundo el D\u00eda Internacional contra la Homofobia y la Transfobia. En la emisi\u00f3n de <strong>Enredando las ma\u00f1anas de ese d\u00eda dialogamos con fabi tron, militante lesbiana feminista cuir<\/strong> integrante del espacio dil-atadas, disidentes sexuales en lucha, quien se refiri\u00f3 a la situaci\u00f3n de las organizaciones, los avances y retrocesos de los \u00faltimos a\u00f1os y la realidad que se abre ante la actual coyuntura pol\u00edtica. Por RNMA. <i><span style=\"font-size: x-small;\">Foto: Gast\u00f3n Malgieri<\/span><\/i>.<\/p>\n<p>Descargar <a data-cke-saved-href=\"https:\/\/archive.org\/details\/EntrevistaDaInternacionalContraLaHomofobia17052016\" href=\"https:\/\/archive.org\/details\/EntrevistaDaInternacionalContraLaHomofobia17052016\">audio<\/a>.<\/p>\n<p>\u201cEn las \u00faltimas d\u00e9cadas ha habido algunos avances en relaci\u00f3n con algunas leyes, como la Ley del Matrimonio Igualitario o la Ley de Identidad de G\u00e9nero, pero en un punto quedan en eso, son leyes que han permitido mejorar algunas cosas, sobre todo para la gente que ten\u00eda ganas de casarse que no es mi caso\u201d, afirm\u00f3 entre risas fabi tron al inicio de la charla con Enredando las ma\u00f1anas, tras ser consultada acerca de qu\u00e9 ocurre hoy en la sociedad argentina respecto a los derechos de la comunidad lgtb.<\/p>\n<p>En relaci\u00f3n particular al matrimonio, tron agreg\u00f3: \u201chay mucha gente en la sociedad que es cr\u00edtica del matrimonio como instituci\u00f3n social, porque dispone determinados condicionamientos a una forma establecida de familia. El patriarcado viene a instalar una sexualidad que es obligatoria, que es la heterosexual; una forma de vivir esa sexualidad obligatoria tambi\u00e9n que es la monogamia, adem\u00e1s de un contrato social cuando se junta la heteronormatividad y el capitalismo en un contrato matrimonial que ha funcionado hist\u00f3ricamente a trav\u00e9s de los siglos como un contrato, incluso en los sectores m\u00e1s pudientes de la sociedad donde se conserva el patrimonio y se lo pasa entre familia. Es un sistema disciplinador que b\u00e1sicamente instala esto de la heterosexualidad como la \u00fanica forma posible de sexualidad y la naturaliza, la hace ver como normal y moralmente aceptable, y hay gente que se quiere casar y otra que somos cr\u00edticas justamente porque pretendemos otra forma de relacionamiento social, m\u00e1s libre o m\u00e1s igualitario entre las personas\u201d.<\/p>\n<p>Volviendo a su reflexi\u00f3n sobre las leyes aprobadas en los \u00faltimos a\u00f1os, tron se\u00f1al\u00f3: \u201clamentablemente no se vieron acompa\u00f1adas con pol\u00edticas claras que tengan que ver con atacar las ra\u00edces profundas de la discriminaci\u00f3n por identidad de g\u00e9nero o por preferencia sexual; esto corrobora que la sociedad sigue siendo tan homolesbotransf\u00f3bica como era antes o m\u00e1s. M\u00e1s all\u00e1 de que se han generado debates, tambi\u00e9n hay gente que tiene posiciones muy radicales que con estas leyes se ha visto como violentada y entonces tiene reacciones hacia nuestra comunidad que son mucho m\u00e1s violentas, con lo cual en los \u00faltimos a\u00f1os los ataques homolesbotransf\u00f3bicos se han acrecentado en cantidad y en lo violento. Particularmente desde fines del a\u00f1o pasado y principios de este estamos muy preocupados y muy preocupadas los activistas porque ha habido muchas muertes de travestis o personas trans en situaciones que podr\u00edamos llamar, a partir de esta figura que se est\u00e1 instalando, travesticidios. En C\u00f3rdoba tuvimos el caso de Laura Moyano, pero tambi\u00e9n ha habido otros en Neuqu\u00e9n, Santa Fe, Capital Federal con el asesinato de Diana Sacay\u00e1n, una compa\u00f1era activista muy reconocida adem\u00e1s, y esto tambi\u00e9n es novedoso, se est\u00e1 atacando a gente que es activista, esto marca un grado de homofobia y transfobia que no hab\u00edamos vivido antes\u201d.<\/p>\n<p>En este marco, tron aclar\u00f3 que para las personas trans contin\u00faan existiendo los mismos problemas que antes: \u201csi bien se sancion\u00f3 la Ley de Identidad de G\u00e9nero hay ciertas cuestiones que desde la reglamentaci\u00f3n de la ley nunca se cumplieron, entonces siguen teniendo los mismos problemas para acceder a la salud y para acceder fundamentalmente a un trabajo, y no de calidad como le gusta decir al presidente nuevo que tenemos. Entonces desde la comunidad estamos insistiendo fuertemente este a\u00f1o con la implementaci\u00f3n de un cupo laboral trans que garantice trabajo para las personas con esa identidad. Lo que se llama v\u00edas de discriminaci\u00f3n positiva, que tambi\u00e9n existen para personas discapacitadas u otros sectores. Particularmente yo no tengo demasiadas esperanzas con esto pero s\u00e9 que a mucha gente le garantiza ciertas cosas, de todas maneras un cupo laboral trans en la situaci\u00f3n particular del pa\u00eds que estamos viviendo con una ola creciente de despidos en todos lados es como una utop\u00eda pero vamos a seguir insistiendo en esa lucha\u201d.<\/p>\n<p>En este punto, se le consult\u00f3 a&nbsp; fabi tron c\u00f3mo ve\u00eda a las organizaciones LGBT, de defensa de la comunidad homosexual y transg\u00e9nero en Argentina en relaci\u00f3n a su iniciativa pol\u00edtica para mejorar esta situaci\u00f3n: \u201ca partir de mediados de los noventa, principios del 2000 en realidad, claramente dentro de las organizaciones hubo una divisi\u00f3n muy grande o dentro de las agrupaciones que tiene que ver, por un lado, con la institucionalizaci\u00f3n de ciertas organizaciones, lo que llamamos \u2018oenegenizaci\u00f3n\u2019, con esta cuesti\u00f3n de una l\u00ednea m\u00e1s asociada a la reivindicaci\u00f3n de derechos, de leyes; y otras organizaciones m\u00e1s de izquierda que trabajamos desde otro lugar, no nos interesa tanto laburar leyes y la relaci\u00f3n con el Estado, sino justamente sensibilizar, concientizar, crear un discurso que ataque las ra\u00edces de esto que llamamos homolesbotransfobia, y en ese sentido me parece que las organizaciones que est\u00e1n por los derechos me parece que siguen empoderadas, hacen su trabajo y est\u00e1n organizadas. A&nbsp; partir del cambio de gobierno estamos en un contexto m\u00e1s dif\u00edcil porque (Mauricio) Macri claramente es una persona homof\u00f3bica, ya lo ha dicho, adem\u00e1s est\u00e1 asociado con el Opus Dei. Todos sabemos que el Opus Dei es el peor enemigo de nuestra comunidad, y en ese contexto habr\u00eda como un riesgo de que se perdieran ciertas conquistas. De todos modos yo veo que esas organizaciones est\u00e1n fuertes, trabajando. Yo soy m\u00e1s de la idea, y con la gente y organizaciones con las que articulo, de que hay que hacer un trabajo entre los grupos LGBT o de la disidencia sexual, pero prefiero ubicarme en ese lugar de la disidencia, m\u00e1s ligado a articular con otras organizaciones sociales de base que luchan tambi\u00e9n por otras reivindicaciones, como el acceso a la tierra, al trabajo, cuestiones migratorias, antirracistas, ecologistas. Creo que toda las personas que queremos otro mundo posible tenemos que articularnos entre todos para lograrlo, independientemente de la identidad de g\u00e9nero o la preferencia sexual que tengamos, incluyendo todas nuestras luchas en una sola, y en ese sentido me parece que este contexto est\u00e1 siendo favorable para propiciar ciertas alianzas que no se ven\u00edan dando con el kirchnerismo, que aglutin\u00f3 a un gran sector de las organizaciones con un discurso que para m\u00ed, y me hago cargo que lo digo por m\u00ed, demasiado victorioso\u201d.<\/p>\n<p>En este sentido, tron afirm\u00f3 que no cree, por ejemplo, en la unidad de la comunidad LGBT: \u201chay gente gay o lesbiana que lo ha votado a Macri, la ideolog\u00eda est\u00e1 por encima de la preferencia sexual y la identidad de g\u00e9nero que tengamos, en ese sentido cada uno se ubica en la l\u00ednea pol\u00edtica que elige y en el mundo que quiere vivir. Si est\u00e1s en contra del capitalismo vas a estar en un lugar y si te caben todos los espejitos de colores que te venden, el consumo y todo eso, vas a estar en otro lado y vas a tener todo el negocio que se gener\u00f3 tambi\u00e9n para un sector de la comunidad LGBT, porque el mercado no es tonto, el mercado hace mucho tiempo que dej\u00f3 de discriminar a las personas sobre todo a los varones gay porque se dio cuenta que tienen un poder adquisitivo mucho mayor que una familia heterosexual que tiene a veces un sueldo o a veces un sueldo y medio porque las mujeres ganan mucho menos que los varones. Una pareja gay por ejemplo son dos sueldos de varones, tienen un nivel adquisitivo mayor y el mercado no es tonto y empez\u00f3 a generar todo un sector para vender tambi\u00e9n\u201d.<\/p>\n<p>Una de las reflexiones que la activista reiter\u00f3 en m\u00e1s de una oportunidad durante la charla con Enredando las ma\u00f1anas fue que \u201cel capital no discrimina\u201d: \u201clamentablemente es as\u00ed, y si vos te com\u00e9s esa idea vas a estar en un lugar; los que pensamos que hay un sistema que oprime a mucha gente, justamente porque no entramos todos en ese modelo, estamos en otro lado, y hacemos otras luchas y construimos desde otro lado y desde lo colectivo. Y en ese sentido, a pesar de que es un contexto que muchos ven como muy desfavorable, yo veo que es propicio para generar, y se est\u00e1n generando, alianzas muy interesantes en estos primeros meses del a\u00f1o, as\u00ed que en ese sentido s\u00ed estoy optimista. Por otro lado, tenemos una Ley de Educaci\u00f3n Sexual Integral que ser\u00eda una herramienta fundamental para luchar en contra de la homofobia, y que no se est\u00e1 implementando, es muy dif\u00edcil de articular en las escuelas, con eso se podr\u00eda generar una conciencia en este punto, la verdad que es una pena y ese es un reclamo, una reivindicaci\u00f3n, una lucha que algunos sectores estamos llevando adelante, que se pueda implementar esta ley de una vez por todas\u201d, finaliz\u00f3 fabi tron.<\/p>\n<div class='share-to-whatsapp-wrapper'><div class='share-on-whsp'>Share on: <\/div><div class='clear '><\/div><\/div>","protected":false},"excerpt":{"rendered":"<p>El 17 de mayo se conmemora en todo el mundo el D\u00eda Internacional contra la Homofobia y la Transfobia. En la emisi\u00f3n de Enredando las ma\u00f1anas de ese d\u00eda dialogamos con fabi tron, militante lesbiana feminista cuir integrante del espacio dil-atadas, disidentes sexuales en lucha, quien se refiri\u00f3 a la situaci\u00f3n de las organizaciones, los [&hellip;]<\/p>\n","protected":false},"author":2,"featured_media":0,"comment_status":"open","ping_status":"open","sticky":false,"template":"","format":"standard","meta":{"footnotes":""},"categories":[18,5],"tags":[12,7],"class_list":["post-28","post","type-post","status-publish","format-standard","hentry","category-elm","category-transfeminismos","tag-diversidad","tag-feminismos"],"_links":{"self":[{"href":"https:\/\/zumbalaturba.com.ar\/index.php?rest_route=\/wp\/v2\/posts\/28","targetHints":{"allow":["GET"]}}],"collection":[{"href":"https:\/\/zumbalaturba.com.ar\/index.php?rest_route=\/wp\/v2\/posts"}],"about":[{"href":"https:\/\/zumbalaturba.com.ar\/index.php?rest_route=\/wp\/v2\/types\/post"}],"author":[{"embeddable":true,"href":"https:\/\/zumbalaturba.com.ar\/index.php?rest_route=\/wp\/v2\/users\/2"}],"replies":[{"embeddable":true,"href":"https:\/\/zumbalaturba.com.ar\/index.php?rest_route=%2Fwp%2Fv2%2Fcomments&post=28"}],"version-history":[{"count":0,"href":"https:\/\/zumbalaturba.com.ar\/index.php?rest_route=\/wp\/v2\/posts\/28\/revisions"}],"wp:attachment":[{"href":"https:\/\/zumbalaturba.com.ar\/index.php?rest_route=%2Fwp%2Fv2%2Fmedia&parent=28"}],"wp:term":[{"taxonomy":"category","embeddable":true,"href":"https:\/\/zumbalaturba.com.ar\/index.php?rest_route=%2Fwp%2Fv2%2Fcategories&post=28"},{"taxonomy":"post_tag","embeddable":true,"href":"https:\/\/zumbalaturba.com.ar\/index.php?rest_route=%2Fwp%2Fv2%2Ftags&post=28"}],"curies":[{"name":"wp","href":"https:\/\/api.w.org\/{rel}","templated":true}]}}