{"id":2821,"date":"2017-04-09T20:17:15","date_gmt":"2017-04-09T20:17:15","guid":{"rendered":"http:\/\/zumbalaturba.com.ar\/?p=2821"},"modified":"2017-04-09T20:17:15","modified_gmt":"2017-04-09T20:17:15","slug":"jazz-en-propias-manos-discos-peliculas-blues-y-huelga-el-recorrido-musical-de-la-nota-azul","status":"publish","type":"post","link":"https:\/\/zumbalaturba.com.ar\/?p=2821","title":{"rendered":"Jazz en propias manos. Discos, pel\u00edculas, blues y huelga: el recorrido musical de La Nota Azul"},"content":{"rendered":"<p style=\"padding-left: 120px;\"><span style=\"font-size: 14pt;\"><em>En esta emisi\u00f3n n\u00famero 91 de <\/em><a href=\"http:\/\/lanotaazul.com.ar\/\" target=\"_blank\"><strong>La Nota Azul<\/strong><\/a><em>, correspondiente al s\u00e1bado 08 de abril de 2017, recibimos la visita de <\/em><strong>Pablo Reartes<\/strong><em> y <\/em><strong>Manuel Cervi\u00f1o<\/strong><em> para presentar el reciente disco <strong>En Propias Manos<\/strong> del <\/em><strong>Pablo Reartes Tr\u00edo<\/strong><em>. Por supuesto, por el aire de radio <\/em><a href=\"https:\/\/zumbalaturba.com.ar\/\" target=\"_blank\"><strong>Zumba La Turba<\/strong><\/a><em>, FM 99.5 en C\u00f3rdoba.<\/em><\/span><\/p>\n<p><iframe id=\"audio_18045026\" style=\"border: 1px solid #EEE; box-sizing: border-box; width: 100%;\" src=\"https:\/\/ar.ivoox.com\/es\/player_ej_18045026_4_1.html?c1=ff6600\" width=\"300\" height=\"200\" frameborder=\"0\" scrolling=\"no\" allowfullscreen=\"allowfullscreen\"><\/iframe><\/p>\n<p>&nbsp;<\/p>\n<p><span style=\"font-size: 14pt;\">\u201c<em>Mi padre Chico ten\u00eda un tiempo de escucha diario para la m\u00fasica: cl\u00e1sica, latina, jazz,<a href=\"http:\/\/lanotaazul.com.ar\/wp-content\/uploads\/2017\/04\/2009-Risa-Negra.jpg\" target=\"_blank\"><img fetchpriority=\"high\" decoding=\"async\" class=\"alignright wp-image-649 size-medium\" src=\"http:\/\/lanotaazul.com.ar\/wp-content\/uploads\/2017\/04\/2009-Risa-Negra-300x300.jpg\" width=\"300\" height=\"300\" \/><\/a> pop, sin distinciones. \u00c9l amaba la buena m\u00fasica. Esta grabaci\u00f3n es para \u00e9l y para aquellos como \u00e9l. Esta es una sesi\u00f3n de escucha de m\u00fasica latina, jazz, funk y cl\u00e1sica. Si quer\u00e9s un momento de jazz bien clasificado, salteate este producto, and\u00e1 a las instituciones de jazz, que ponen las cosas en su lugar. All\u00ed pod\u00e9s tener tu m\u00fasica con la temperatura controlada, desinfectada y explicada<\/em>\u201d.\u00a0 As\u00ed presenta el pianista <strong>Arturo O\u2019Farrill<\/strong> la m\u00fasica de este \u00e1lbum suyo <strong>Risa Negra<\/strong>, del a\u00f1o 2009, para el sello Zoho Music, con el que abrimos esta emisi\u00f3n de\u00a0<a href=\"https:\/\/www.facebook.com\/lanotaazulradio\/\" target=\"_blank\"><strong>La Nota Azul<\/strong><\/a>. El \u00e1lbum es, al decir del pianista, un affair familiar en el que participan su mujer<strong> Alison Deane<\/strong> en el piano en algunos temas y sus hijos <strong>Adam O\u2019Farrill<\/strong> en la trompeta y <strong>Zachary O\u2019Farrill<\/strong> en la bater\u00eda en uno de los temas.<\/span><\/p>\n<p><span style=\"font-size: 14pt;\"><a href=\"http:\/\/lanotaazul.com.ar\/wp-content\/uploads\/2017\/04\/cover.jpg\" target=\"_blank\"><img decoding=\"async\" class=\"alignleft wp-image-652\" src=\"http:\/\/lanotaazul.com.ar\/wp-content\/uploads\/2017\/04\/cover-300x300.jpg\" width=\"226\" height=\"226\" \/><\/a>Recibimos la visita de <strong>Pablo Reartes<\/strong> y <strong>Manuel Cervi\u00f1o<\/strong> para presentar el reciente disco del <a href=\"https:\/\/www.facebook.com\/Pablo-Reartes-tr%C3%ADo-404424169919724\/?fref=ts\" target=\"_blank\"><strong>Pablo Reartes Tr\u00edo<\/strong><\/a>: &#8220;<a href=\"https:\/\/pabloreartestrio.bandcamp.com\/releases\" target=\"_blank\"><strong><em>En Propias Manos<\/em><\/strong><\/a>&#8220;, que result\u00f3 ganador en el Programa de Apoyo a la Edici\u00f3n Musical de C\u00f3rdoba 2016 de la Secretar\u00eda de Cultura de la Municipalidad de C\u00f3rdoba, para la edici\u00f3n en formato digital y fue editado hace pocos d\u00edas. Charlamos sobre la producci\u00f3n del \u00e1lbum, las composiciones, la grabaci\u00f3n y por supuesto, sobre la m\u00fasica que nos atrapa.<\/span><\/p>\n<p>&nbsp;<\/p>\n<p><span style=\"font-size: 14pt;\">A continuaci\u00f3n presentamos el \u00e1lbum &#8220;<em><strong>Desv\u00edos<\/strong><\/em>&#8220;, <a href=\"http:\/\/lanotaazul.com.ar\/wp-content\/uploads\/2017\/04\/sued-dominguez-desvios.jpg\" target=\"_blank\"><img decoding=\"async\" class=\"alignright wp-image-656\" src=\"http:\/\/lanotaazul.com.ar\/wp-content\/uploads\/2017\/04\/sued-dominguez-desvios-300x300.jpg\" width=\"277\" height=\"277\" \/><\/a>firmado por <strong>Sued\/Dom\u00ednguez<\/strong>, con\u00a0m\u00fasica grabada el 20 de marzo de 2009, pero editado reci\u00e9n el a\u00f1o pasado 2016 por el sello <strong>Blue Art<\/strong> de Rosario. El disco es el registro de la uni\u00f3n de dos de los saxofonistas m\u00e1s representativos del jazz y la m\u00fasica contempor\u00e1nea argentina, como lo son <strong>Natalio Sued<\/strong> y <strong>Rodrigo Dom\u00ednguez<\/strong>, con la base de <strong>Hern\u00e1n Merlo<\/strong> en el contrabajo y <strong>Eloy Michelini<\/strong> en la bater\u00eda.<\/span><\/p>\n<p>&nbsp;<\/p>\n<p><img loading=\"lazy\" decoding=\"async\" class=\"aligncenter wp-image-2822 size-full\" src=\"https:\/\/zumbalaturba.com.ar\/wp-content\/uploads\/2017\/04\/Sued-dominguez-2.jpg\" alt=\"Sued-dominguez 2\" width=\"800\" height=\"483\" srcset=\"https:\/\/zumbalaturba.com.ar\/wp-content\/uploads\/2017\/04\/Sued-dominguez-2.jpg 800w, https:\/\/zumbalaturba.com.ar\/wp-content\/uploads\/2017\/04\/Sued-dominguez-2-300x181.jpg 300w, https:\/\/zumbalaturba.com.ar\/wp-content\/uploads\/2017\/04\/Sued-dominguez-2-768x464.jpg 768w\" sizes=\"(max-width: 800px) 100vw, 800px\" \/><\/p>\n<p>&nbsp;<\/p>\n<p><span style=\"font-size: 14pt;\"><a href=\"http:\/\/lanotaazul.com.ar\/wp-content\/uploads\/2017\/04\/ATP-poster.jpg\" target=\"_blank\"><img loading=\"lazy\" decoding=\"async\" class=\"alignleft wp-image-658 \" src=\"http:\/\/lanotaazul.com.ar\/wp-content\/uploads\/2017\/04\/ATP-poster-210x300.jpg\" width=\"220\" height=\"314\" \/><\/a>Luego el bloque de <strong>Jazz en la Tele<\/strong> presenta <em><strong>All Tomorrow&#8217;s Parties<\/strong><\/em>, documental del a\u00f1o 2009, dirigido por <strong>Jonathan Caouette<\/strong>, sobre el festival londinense de post-punk y m\u00fasica alternativa que lleva el mismo nombre. Escuchamos, para ilustrar con m\u00fasica, a\u00a0<strong>Roscoe Mitchell.<\/strong><\/span><\/p>\n<p><span style=\"font-size: 14pt;\">Cerramos con un homenaje a los trabajadores en huelga y en particular a los compa\u00f1eros de la imprenta AGR-Clar\u00edn, despedidos ilegalmente y expulsados de la planta a punta de ametralladora. Suena <em>Strike Blues<\/em>, el <em>Blues de la Huelga<\/em>, en la voz y la guitarra de <strong>John Lee Hooker<\/strong>.<\/span><\/p>\n<p><span style=\"font-size: 14pt;\">Todo eso y mucho m\u00e1s en dos horas de jazz, m\u00fasica y radio.<\/span><\/p>\n<p>&nbsp;<\/p>\n<figure id=\"attachment_657\" aria-describedby=\"caption-attachment-657\" style=\"width: 640px\" class=\"wp-caption aligncenter\"><img loading=\"lazy\" decoding=\"async\" class=\"wp-image-657 size-large\" src=\"http:\/\/lanotaazul.com.ar\/wp-content\/uploads\/2017\/04\/Pablo-Reartes-1024x575.jpeg\" width=\"640\" height=\"359\" \/><figcaption id=\"caption-attachment-657\" class=\"wp-caption-text\">Pablo Reartes y Manuel Cervi\u00f1o en La Nota Azul en el estudio de Zumba La Turba<\/figcaption><\/figure>\n<div class='share-to-whatsapp-wrapper'><div class='share-on-whsp'>Share on: <\/div><div class='clear '><\/div><\/div>","protected":false},"excerpt":{"rendered":"<p>En esta emisi\u00f3n n\u00famero 91 de La Nota Azul, correspondiente al s\u00e1bado 08 de abril de 2017, recibimos la visita de Pablo Reartes y Manuel Cervi\u00f1o para presentar el reciente disco En Propias Manos del Pablo Reartes Tr\u00edo. Por supuesto, por el aire de radio Zumba La Turba, FM 99.5 en C\u00f3rdoba. &nbsp; \u201cMi padre [&hellip;]<\/p>\n","protected":false},"author":14,"featured_media":2823,"comment_status":"open","ping_status":"open","sticky":false,"template":"","format":"standard","meta":{"footnotes":""},"categories":[261],"tags":[81,52,293,305,296,166],"class_list":["post-2821","post","type-post","status-publish","format-standard","has-post-thumbnail","hentry","category-la-nota-azul","tag-agenda-cultural","tag-cultura","tag-jazz","tag-jazz-federal-club","tag-la-nota-azul","tag-musica"],"_links":{"self":[{"href":"https:\/\/zumbalaturba.com.ar\/index.php?rest_route=\/wp\/v2\/posts\/2821","targetHints":{"allow":["GET"]}}],"collection":[{"href":"https:\/\/zumbalaturba.com.ar\/index.php?rest_route=\/wp\/v2\/posts"}],"about":[{"href":"https:\/\/zumbalaturba.com.ar\/index.php?rest_route=\/wp\/v2\/types\/post"}],"author":[{"embeddable":true,"href":"https:\/\/zumbalaturba.com.ar\/index.php?rest_route=\/wp\/v2\/users\/14"}],"replies":[{"embeddable":true,"href":"https:\/\/zumbalaturba.com.ar\/index.php?rest_route=%2Fwp%2Fv2%2Fcomments&post=2821"}],"version-history":[{"count":0,"href":"https:\/\/zumbalaturba.com.ar\/index.php?rest_route=\/wp\/v2\/posts\/2821\/revisions"}],"wp:featuredmedia":[{"embeddable":true,"href":"https:\/\/zumbalaturba.com.ar\/index.php?rest_route=\/wp\/v2\/media\/2823"}],"wp:attachment":[{"href":"https:\/\/zumbalaturba.com.ar\/index.php?rest_route=%2Fwp%2Fv2%2Fmedia&parent=2821"}],"wp:term":[{"taxonomy":"category","embeddable":true,"href":"https:\/\/zumbalaturba.com.ar\/index.php?rest_route=%2Fwp%2Fv2%2Fcategories&post=2821"},{"taxonomy":"post_tag","embeddable":true,"href":"https:\/\/zumbalaturba.com.ar\/index.php?rest_route=%2Fwp%2Fv2%2Ftags&post=2821"}],"curies":[{"name":"wp","href":"https:\/\/api.w.org\/{rel}","templated":true}]}}