{"id":2921,"date":"2017-04-23T15:45:45","date_gmt":"2017-04-23T15:45:45","guid":{"rendered":"http:\/\/zumbalaturba.com.ar\/?p=2921"},"modified":"2017-04-23T15:45:45","modified_gmt":"2017-04-23T15:45:45","slug":"de-tony-williams-a-charles-mingus-lo-nuevo-de-lucio-balduini-christian-scott-y-un-recorrido-federal-de-jazz-en-la-nota-azul","status":"publish","type":"post","link":"https:\/\/zumbalaturba.com.ar\/?p=2921","title":{"rendered":"De Tony Williams a Charles Mingus, lo nuevo de Lucio Balduini, Christian Scott y un recorrido federal de jazz en La Nota Azul"},"content":{"rendered":"<p style=\"padding-left: 120px;\"><span style=\"font-size: 14pt;\"><em>De apariencia nerviosa, vibrante, oscilante, con s\u00f3lo 17 a\u00f1os en el grupo de Miles Davis, iba a hacer de su instrumento toda una herramienta de comunicaci\u00f3n, con una capacidad expresiva envidiable. Su trayectoria lo iba a llevar a ser todo un s\u00edmbolo de la bater\u00eda moderna. Abrimos <\/em><strong>La Nota Azul<\/strong><em> con\u00a0la m\u00fasica de <strong>Tony Williams<\/strong>\u2026<\/em><\/span><\/p>\n<p><iframe id=\"audio_18290844\" style=\"border: 1px solid #EEE; box-sizing: border-box; width: 100%;\" src=\"https:\/\/ar.ivoox.com\/es\/player_ej_18290844_4_1.html?c1=ff6600\" width=\"300\" height=\"200\" frameborder=\"0\" scrolling=\"no\" allowfullscreen=\"allowfullscreen\"><\/iframe><\/p>\n<p>&nbsp;<\/p>\n<p><span style=\"font-size: 14pt;\">En esta emisi\u00f3n n\u00famero 93 de <strong>La Nota Azul<\/strong>, correspondiente al s\u00e1bado 22 de abril de 2017,\u00a0<\/span><span style=\"font-size: 14pt;\">abrimos con la m\u00fasica de <strong>Tony Williams<\/strong> y su \u00e1lbum <strong><em>Tokyo Live<\/em><\/strong>, grabado en un concierto en vivo en Tokio en el a\u00f1o 1992 y editado por Blue Note.<\/span><\/p>\n<p><span style=\"font-size: 14pt;\">Tambi\u00e9n suena el \u00e1lbum <strong><em>Sfumato<\/em><\/strong>, del a\u00f1o pasado 2016 firmado por el <strong>Emile Parisien Quintet<\/strong>, que integra en el piano a <strong>Joachim K\u00fchn<\/strong>. El disco suma, adem\u00e1s, como invitados, a <strong>Vincent Peirani<\/strong> en acorde\u00f3n y a <strong>Michel Portal<\/strong> en clarinete.<\/span><\/p>\n<div id='gallery-1' class='gallery galleryid-2921 gallery-columns-2 gallery-size-medium'><figure class='gallery-item'>\n\t\t\t<div class='gallery-icon portrait'>\n\t\t\t\t<a href='https:\/\/zumbalaturba.com.ar\/?attachment_id=2923'><img fetchpriority=\"high\" decoding=\"async\" width=\"294\" height=\"300\" src=\"https:\/\/zumbalaturba.com.ar\/wp-content\/uploads\/2017\/04\/Tokyo-Live-294x300.jpg\" class=\"attachment-medium size-medium\" alt=\"\" srcset=\"https:\/\/zumbalaturba.com.ar\/wp-content\/uploads\/2017\/04\/Tokyo-Live-294x300.jpg 294w, https:\/\/zumbalaturba.com.ar\/wp-content\/uploads\/2017\/04\/Tokyo-Live.jpg 522w\" sizes=\"(max-width: 294px) 100vw, 294px\" \/><\/a>\n\t\t\t<\/div><\/figure><figure class='gallery-item'>\n\t\t\t<div class='gallery-icon landscape'>\n\t\t\t\t<a href='https:\/\/zumbalaturba.com.ar\/?attachment_id=2922'><img decoding=\"async\" width=\"300\" height=\"270\" src=\"https:\/\/zumbalaturba.com.ar\/wp-content\/uploads\/2017\/04\/portada-300x270.jpg\" class=\"attachment-medium size-medium\" alt=\"\" srcset=\"https:\/\/zumbalaturba.com.ar\/wp-content\/uploads\/2017\/04\/portada-300x270.jpg 300w, https:\/\/zumbalaturba.com.ar\/wp-content\/uploads\/2017\/04\/portada-768x692.jpg 768w, https:\/\/zumbalaturba.com.ar\/wp-content\/uploads\/2017\/04\/portada-1024x923.jpg 1024w\" sizes=\"(max-width: 300px) 100vw, 300px\" \/><\/a>\n\t\t\t<\/div><\/figure>\n\t\t<\/div>\n\n<p>&nbsp;<\/p>\n<p><span style=\"font-size: 14pt;\">Presentamos a continuaci\u00f3n el nuevo disco de <strong>Lucio Balduini<\/strong>, guitarrista nacido en General Roca, R\u00edo Negro, que ostenta una trayectoria de lujo y, sobre todo, es due\u00f1o de una creatividad y una t\u00e9cnica envidiables.<\/span><\/p>\n<p><span style=\"font-size: 14pt;\"><a href=\"http:\/\/lanotaazul.com.ar\/wp-content\/uploads\/2017\/04\/bosque-brillante.jpg\" target=\"_blank\"><img decoding=\"async\" class=\"aligncenter wp-image-666 \" src=\"http:\/\/lanotaazul.com.ar\/wp-content\/uploads\/2017\/04\/bosque-brillante-1024x576.jpg\" width=\"562\" height=\"316\" \/><\/a><\/span><\/p>\n<p>&nbsp;<\/p>\n<p>&nbsp;<\/p>\n<p><span class=\"alignnone\" style=\"font-size: 14pt;\">El Jazz Federal sigue con la m\u00fasica de <strong>Milton Arias<\/strong> que <a href=\"http:\/\/lanotaazul.com.ar\/wp-content\/uploads\/2017\/04\/milton-arias-cd.jpg\"><img loading=\"lazy\" decoding=\"async\" class=\"alignright size-medium wp-image-668\" src=\"http:\/\/lanotaazul.com.ar\/wp-content\/uploads\/2017\/04\/milton-arias-cd-300x300.jpg\" alt=\"\" width=\"300\" height=\"300\" \/><\/a>sirve para presentar algo de la\u00a0agenda jazzera de C\u00f3rdoba. Milton Arias, bajista de intensa actividad, est\u00e1 presentando un espect\u00e1culo en el que interpreta la m\u00fasica de sus pares, titulado <em>Cordobazzo: jazz de compositores cordobeses.<\/em><\/span><\/p>\n<p><span style=\"font-size: 14pt;\">Tambi\u00e9n presentamos el \u00faltimo y reciente lanzamiento de <strong>Christian Scott<\/strong>: <strong><em>Ruler Rebel<\/em><\/strong>, editado hace poco menos de un mes.<\/span><\/p>\n<p><a href=\"http:\/\/lanotaazul.com.ar\/wp-content\/uploads\/2017\/04\/christian-scott.jpg\" target=\"_blank\"><img loading=\"lazy\" decoding=\"async\" class=\"alignleft wp-image-675 size-medium\" src=\"http:\/\/lanotaazul.com.ar\/wp-content\/uploads\/2017\/04\/christian-scott-300x200.jpg\" width=\"300\" height=\"200\" \/><\/a><\/p>\n<p>&nbsp;<\/p>\n<p>&nbsp;<\/p>\n<p><span style=\"font-size: 14pt;\">Cerramos celebrando el natalicio de <strong>Charles Mingus<\/strong>, nacido un 22 de abril, hace 95 a\u00f1os. Escuchamos algo de su disco <strong><em>Pithecanthropus Erectus<\/em><\/strong>, del a\u00f1o 1956: su particular interpretaci\u00f3n de <em>A Foggy Day<\/em> de Gershwin.<\/span><\/p>\n<p>&nbsp;<\/p>\n<p><span style=\"font-size: 14pt;\">Todo eso y mucho m\u00e1s en dos horas de jazz, m\u00fasica y radio.<\/span><\/p>\n<div class='share-to-whatsapp-wrapper'><div class='share-on-whsp'>Share on: <\/div><div class='clear '><\/div><\/div>","protected":false},"excerpt":{"rendered":"<p>De apariencia nerviosa, vibrante, oscilante, con s\u00f3lo 17 a\u00f1os en el grupo de Miles Davis, iba a hacer de su instrumento toda una herramienta de comunicaci\u00f3n, con una capacidad expresiva envidiable. Su trayectoria lo iba a llevar a ser todo un s\u00edmbolo de la bater\u00eda moderna. Abrimos La Nota Azul con\u00a0la m\u00fasica de Tony Williams\u2026 [&hellip;]<\/p>\n","protected":false},"author":14,"featured_media":2924,"comment_status":"open","ping_status":"open","sticky":false,"template":"","format":"standard","meta":{"footnotes":""},"categories":[261],"tags":[81,52,293,296,166],"class_list":["post-2921","post","type-post","status-publish","format-standard","has-post-thumbnail","hentry","category-la-nota-azul","tag-agenda-cultural","tag-cultura","tag-jazz","tag-la-nota-azul","tag-musica"],"_links":{"self":[{"href":"https:\/\/zumbalaturba.com.ar\/index.php?rest_route=\/wp\/v2\/posts\/2921","targetHints":{"allow":["GET"]}}],"collection":[{"href":"https:\/\/zumbalaturba.com.ar\/index.php?rest_route=\/wp\/v2\/posts"}],"about":[{"href":"https:\/\/zumbalaturba.com.ar\/index.php?rest_route=\/wp\/v2\/types\/post"}],"author":[{"embeddable":true,"href":"https:\/\/zumbalaturba.com.ar\/index.php?rest_route=\/wp\/v2\/users\/14"}],"replies":[{"embeddable":true,"href":"https:\/\/zumbalaturba.com.ar\/index.php?rest_route=%2Fwp%2Fv2%2Fcomments&post=2921"}],"version-history":[{"count":0,"href":"https:\/\/zumbalaturba.com.ar\/index.php?rest_route=\/wp\/v2\/posts\/2921\/revisions"}],"wp:featuredmedia":[{"embeddable":true,"href":"https:\/\/zumbalaturba.com.ar\/index.php?rest_route=\/wp\/v2\/media\/2924"}],"wp:attachment":[{"href":"https:\/\/zumbalaturba.com.ar\/index.php?rest_route=%2Fwp%2Fv2%2Fmedia&parent=2921"}],"wp:term":[{"taxonomy":"category","embeddable":true,"href":"https:\/\/zumbalaturba.com.ar\/index.php?rest_route=%2Fwp%2Fv2%2Fcategories&post=2921"},{"taxonomy":"post_tag","embeddable":true,"href":"https:\/\/zumbalaturba.com.ar\/index.php?rest_route=%2Fwp%2Fv2%2Ftags&post=2921"}],"curies":[{"name":"wp","href":"https:\/\/api.w.org\/{rel}","templated":true}]}}