{"id":2993,"date":"2017-04-30T14:39:08","date_gmt":"2017-04-30T14:39:08","guid":{"rendered":"http:\/\/zumbalaturba.com.ar\/?p=2993"},"modified":"2017-04-30T14:39:08","modified_gmt":"2017-04-30T14:39:08","slug":"celebramos-el-cumpleanos-de-duke-ellington-y-el-dia-internacional-del-jazz-en-la-nota-azul","status":"publish","type":"post","link":"https:\/\/zumbalaturba.com.ar\/?p=2993","title":{"rendered":"Celebramos el cumplea\u00f1os de Duke Ellington y el D\u00eda Internacional del Jazz en La Nota Azul"},"content":{"rendered":"<p style=\"padding-left: 180px;\"><span style=\"font-size: 14pt;\">&#8220;<em>Yo he visto el origen del jazz. Se desarroll\u00f3 junto conmigo. Conozco a toda la gente que form\u00f3 parte de \u00e9l. He vivido su historia. Y creo firmemente que no hemos llegado al final<\/em>&#8220;. En esta emisi\u00f3n\u00a0n\u00famero 94 de <a href=\"https:\/\/www.facebook.com\/lanotaazulradio\/\" target=\"_blank\"><strong>La Nota Azul<\/strong><\/a>, correspondiente al s\u00e1bado 29 de abril de 2017, elegimos celebrar el <strong>D\u00eda Internacional del Jazz<\/strong> y el de los <strong>Trabajadores<\/strong> festejando el cumplea\u00f1os de <strong>Duke Ellington<\/strong>. Por radio <a href=\"https:\/\/zumbalaturba.com.ar\/\" target=\"_blank\"><strong>Zumba La Turba<\/strong><\/a>, FM 99.5, C\u00f3rdoba, Argentina.<\/span><\/p>\n<p><iframe id=\"audio_18417136\" style=\"border: 1px solid #EEE; box-sizing: border-box; width: 100%;\" src=\"https:\/\/ar.ivoox.com\/es\/player_ej_18417136_4_1.html?c1=ff6600\" width=\"300\" height=\"200\" frameborder=\"0\" scrolling=\"no\" allowfullscreen=\"allowfullscreen\"><\/iframe><\/p>\n<p><span style=\"font-size: 14pt;\">Programa especial de <a href=\"http:\/\/lanotaazul.com.ar\/\" target=\"_blank\"><strong>La Nota Azul<\/strong><\/a>, con una triple conmemoraci\u00f3n: el D\u00eda Internacional de los Trabajadores del 1 de mayo, el D\u00eda Internacional del Jazz del 30 de abril y el cumplea\u00f1os de <strong>Duke Ellington<\/strong> del 29 de abril. Abrimos con la m\u00fasica de Ellington tomada desde un LP de <em>Polydor<\/em> titulado <strong><em>Duke Ellington Moods<\/em><\/strong> que re\u00fane grabaciones de 1956, un momento particular en la carrera del m\u00fasico. La orquesta hab\u00eda sufrido muchos cambios en su formaci\u00f3n, pero tambi\u00e9n hab\u00eda reincorporado recientemente a <strong>Johnny Hodges<\/strong>. Suenan <em>The Blues<\/em> y <em>I Can&#8217;t Get Started<\/em>.<\/span><\/p>\n<p><span style=\"font-size: 14pt;\">Como invitado a la fiesta, llega\u00a0<strong>Oscar Peterson<\/strong>, desde dos discos dedicados a Duke: <em><strong>Duke Ellington Songbook<\/strong><\/em> de 1959, con <strong>Ray Brown<\/strong> en el contrabajo y <strong>Ed Thigpen<\/strong> en la bater\u00eda, y tambi\u00e9n <strong><em>Oscar Peterson Plays Duke Ellington<\/em><\/strong>, \u00e1lbum del a\u00f1o 1952, que incorpora a <strong>Barney Kessel<\/strong> en la guitarra.<\/span><\/p>\n<div id='gallery-1' class='gallery galleryid-2993 gallery-columns-3 gallery-size-medium'><figure class='gallery-item'>\n\t\t\t<div class='gallery-icon landscape'>\n\t\t\t\t<a href='https:\/\/zumbalaturba.com.ar\/wp-content\/uploads\/2017\/04\/Duke-Moods.jpeg'><img fetchpriority=\"high\" decoding=\"async\" width=\"300\" height=\"295\" src=\"https:\/\/zumbalaturba.com.ar\/wp-content\/uploads\/2017\/04\/Duke-Moods-300x295.jpeg\" class=\"attachment-medium size-medium\" alt=\"\" srcset=\"https:\/\/zumbalaturba.com.ar\/wp-content\/uploads\/2017\/04\/Duke-Moods-300x295.jpeg 300w, https:\/\/zumbalaturba.com.ar\/wp-content\/uploads\/2017\/04\/Duke-Moods.jpeg 600w\" sizes=\"(max-width: 300px) 100vw, 300px\" \/><\/a>\n\t\t\t<\/div><\/figure><figure class='gallery-item'>\n\t\t\t<div class='gallery-icon landscape'>\n\t\t\t\t<a href='https:\/\/zumbalaturba.com.ar\/wp-content\/uploads\/2017\/04\/oscar_peterson-plays_the_duke_ellington_song_book_a.jpg'><img decoding=\"async\" width=\"300\" height=\"300\" src=\"https:\/\/zumbalaturba.com.ar\/wp-content\/uploads\/2017\/04\/oscar_peterson-plays_the_duke_ellington_song_book_a-300x300.jpg\" class=\"attachment-medium size-medium\" alt=\"\" srcset=\"https:\/\/zumbalaturba.com.ar\/wp-content\/uploads\/2017\/04\/oscar_peterson-plays_the_duke_ellington_song_book_a-300x300.jpg 300w, https:\/\/zumbalaturba.com.ar\/wp-content\/uploads\/2017\/04\/oscar_peterson-plays_the_duke_ellington_song_book_a-768x768.jpg 768w, https:\/\/zumbalaturba.com.ar\/wp-content\/uploads\/2017\/04\/oscar_peterson-plays_the_duke_ellington_song_book_a-1024x1024.jpg 1024w, https:\/\/zumbalaturba.com.ar\/wp-content\/uploads\/2017\/04\/oscar_peterson-plays_the_duke_ellington_song_book_a.jpg 1200w\" sizes=\"(max-width: 300px) 100vw, 300px\" \/><\/a>\n\t\t\t<\/div><\/figure><figure class='gallery-item'>\n\t\t\t<div class='gallery-icon portrait'>\n\t\t\t\t<a href='https:\/\/zumbalaturba.com.ar\/wp-content\/uploads\/2017\/04\/oscar_peterson-plays_the_duke_ellington-2.jpg'><img decoding=\"async\" width=\"298\" height=\"300\" src=\"https:\/\/zumbalaturba.com.ar\/wp-content\/uploads\/2017\/04\/oscar_peterson-plays_the_duke_ellington-2-298x300.jpg\" class=\"attachment-medium size-medium\" alt=\"\" srcset=\"https:\/\/zumbalaturba.com.ar\/wp-content\/uploads\/2017\/04\/oscar_peterson-plays_the_duke_ellington-2-298x300.jpg 298w, https:\/\/zumbalaturba.com.ar\/wp-content\/uploads\/2017\/04\/oscar_peterson-plays_the_duke_ellington-2.jpg 621w\" sizes=\"(max-width: 298px) 100vw, 298px\" \/><\/a>\n\t\t\t<\/div><\/figure>\n\t\t<\/div>\n\n<p><span style=\"font-size: 14pt;\">Luego llega <strong>Chico Hamilton Quintet<\/strong> con <strong>Eric Dolphy<\/strong> <a href=\"http:\/\/lanotaazul.com.ar\/wp-content\/uploads\/2017\/04\/The-Original-Ellington-Suite-1.jpg\"><img loading=\"lazy\" decoding=\"async\" class=\"alignright size-medium wp-image-699\" src=\"http:\/\/lanotaazul.com.ar\/wp-content\/uploads\/2017\/04\/The-Original-Ellington-Suite-1-300x298.jpg\" alt=\"\" width=\"300\" height=\"298\" \/><\/a>en los vientos y escuchamos su\u00a0disco <strong><em>The Original Ellington Suite<\/em><\/strong>. El \u00e1lbum fue grabada en 1958, pero se archiv\u00f3 y reci\u00e9n sali\u00f3 en al a\u00f1o 2000. En 1959 Hamilton graba otro disco, con otros m\u00fasicos y un repertorio similar, que es editado como <strong><em>Ellington Suite<\/em><\/strong>. De all\u00ed el t\u00edtulo para esta grabaci\u00f3n, recuperada tard\u00edamente, como <strong><em>The Original Ellington Suite<\/em><\/strong>. Adem\u00e1s de <strong>Chico Hamilton<\/strong> en la bater\u00eda, <strong>Eric Dolphy<\/strong> en el saxo alto, el clarinete y la flauta, al quinteto lo completan <strong>Hal Gaylor<\/strong> en el bajo, <strong>Nate Gershman<\/strong> en el chelo y <strong>John Pisano<\/strong> en la guitarra.<\/span><\/p>\n<p><span style=\"font-size: 14pt;\">El jazz argentino tambi\u00e9n est\u00e1 invitado a la fiesta de cumplea\u00f1os. Presentamos a la <strong>Anonimus Big Band<\/strong> y su disco debut <em><strong>Mar Rojo<\/strong><\/em>, lanzado el a\u00f1o pasado 2016, que cierra con <em>Blue Pepper<\/em> de Ellington, arreglado por <strong>Guillermo Klein<\/strong>. Tambi\u00e9n en el <em>Jazz Federal Club<\/em> escuchamos nada menos que a la pianista rosarina <strong>Paula Schocron<\/strong>. De su disco <strong><em>Our Delight<\/em><\/strong>, del a\u00f1o 2011, sello <em>Rivo Records<\/em>, escuchamos el tema que cierra el \u00e1lbum. Un ejercicio de introspecci\u00f3n ellingtoniana: el piano solo de <strong>Paula Schocron<\/strong> haciendo <em>Melancholia<\/em>.\u00a0<\/span><span style=\"font-size: 14pt;\">Duke no se contiene y se mete tambi\u00e9n all\u00ed con su piano tomado del disco <em><strong>Piano Reflections<\/strong><\/em> o <em><strong>The Duke Plays Ellington<\/strong><\/em>, de 1953. Tambi\u00e9n recuperamos una an\u00e9cdota del <strong>Mono Villegas<\/strong>, tocando a cuatro manos con Ellington y con su orquesta.<\/span><\/p>\n<div id='gallery-2' class='gallery galleryid-2993 gallery-columns-3 gallery-size-medium'><figure class='gallery-item'>\n\t\t\t<div class='gallery-icon landscape'>\n\t\t\t\t<a href='https:\/\/zumbalaturba.com.ar\/?attachment_id=2995'><img loading=\"lazy\" decoding=\"async\" width=\"300\" height=\"268\" src=\"https:\/\/zumbalaturba.com.ar\/wp-content\/uploads\/2017\/04\/anonimus-big-band-300x268.jpg\" class=\"attachment-medium size-medium\" alt=\"\" srcset=\"https:\/\/zumbalaturba.com.ar\/wp-content\/uploads\/2017\/04\/anonimus-big-band-300x268.jpg 300w, https:\/\/zumbalaturba.com.ar\/wp-content\/uploads\/2017\/04\/anonimus-big-band-768x686.jpg 768w, https:\/\/zumbalaturba.com.ar\/wp-content\/uploads\/2017\/04\/anonimus-big-band-1024x915.jpg 1024w, https:\/\/zumbalaturba.com.ar\/wp-content\/uploads\/2017\/04\/anonimus-big-band.jpg 1200w\" sizes=\"(max-width: 300px) 100vw, 300px\" \/><\/a>\n\t\t\t<\/div><\/figure><figure class='gallery-item'>\n\t\t\t<div class='gallery-icon landscape'>\n\t\t\t\t<a href='https:\/\/zumbalaturba.com.ar\/?attachment_id=3001'><img loading=\"lazy\" decoding=\"async\" width=\"300\" height=\"265\" src=\"https:\/\/zumbalaturba.com.ar\/wp-content\/uploads\/2017\/04\/Paula-Schocron-Our-Delight-300x265.jpg\" class=\"attachment-medium size-medium\" alt=\"\" srcset=\"https:\/\/zumbalaturba.com.ar\/wp-content\/uploads\/2017\/04\/Paula-Schocron-Our-Delight-300x265.jpg 300w, https:\/\/zumbalaturba.com.ar\/wp-content\/uploads\/2017\/04\/Paula-Schocron-Our-Delight-768x678.jpg 768w, https:\/\/zumbalaturba.com.ar\/wp-content\/uploads\/2017\/04\/Paula-Schocron-Our-Delight-1024x904.jpg 1024w, https:\/\/zumbalaturba.com.ar\/wp-content\/uploads\/2017\/04\/Paula-Schocron-Our-Delight.jpg 1500w\" sizes=\"(max-width: 300px) 100vw, 300px\" \/><\/a>\n\t\t\t<\/div><\/figure><figure class='gallery-item'>\n\t\t\t<div class='gallery-icon landscape'>\n\t\t\t\t<a href='https:\/\/zumbalaturba.com.ar\/?attachment_id=3002'><img loading=\"lazy\" decoding=\"async\" width=\"300\" height=\"293\" src=\"https:\/\/zumbalaturba.com.ar\/wp-content\/uploads\/2017\/04\/Piano-Reflections-300x293.jpg\" class=\"attachment-medium size-medium\" alt=\"\" srcset=\"https:\/\/zumbalaturba.com.ar\/wp-content\/uploads\/2017\/04\/Piano-Reflections-300x293.jpg 300w, https:\/\/zumbalaturba.com.ar\/wp-content\/uploads\/2017\/04\/Piano-Reflections-768x749.jpg 768w, https:\/\/zumbalaturba.com.ar\/wp-content\/uploads\/2017\/04\/Piano-Reflections-1024x998.jpg 1024w, https:\/\/zumbalaturba.com.ar\/wp-content\/uploads\/2017\/04\/Piano-Reflections.jpg 1562w\" sizes=\"(max-width: 300px) 100vw, 300px\" \/><\/a>\n\t\t\t<\/div><\/figure>\n\t\t<\/div>\n\n<p><span style=\"font-size: 14pt;\">A continuaci\u00f3n llega <strong>Matthew Shipp Trio<\/strong>, con <strong>Michael Bisio<\/strong> en el contrabajo y <strong>Whit Dickey<\/strong> en la bater\u00eda. Presentamos su disco de 2015: <strong><em>To Duke<\/em><\/strong>, dedicado a la m\u00fasica de <strong>Duke Ellington<\/strong>.<\/span><\/p>\n<p><span style=\"font-size: 14pt;\">Luego abrimos el cat\u00e1logo de <em>Catalytic Sound<\/em> y escuchamos el disco <strong><em>Elsewhere<\/em><\/strong> por el <strong>Joe Morris Ensemble<\/strong>: <strong>Joe Morris<\/strong> en guitarra, <strong>William Parker<\/strong> en el contrabajo, y nuevamente <strong>Whit Dickey<\/strong> y <strong>Matthew Shipp<\/strong> en bater\u00eda y piano respectivamente. El disco fue lanzado el 7 de enero de este a\u00f1o 2017, pero recupera una grabaci\u00f3n de 1996.<\/span><\/p>\n<div id='gallery-3' class='gallery galleryid-2993 gallery-columns-3 gallery-size-medium'><figure class='gallery-item'>\n\t\t\t<div class='gallery-icon portrait'>\n\t\t\t\t<a href='https:\/\/zumbalaturba.com.ar\/?attachment_id=3003'><img loading=\"lazy\" decoding=\"async\" width=\"270\" height=\"300\" src=\"https:\/\/zumbalaturba.com.ar\/wp-content\/uploads\/2017\/04\/To-Duke-270x300.jpg\" class=\"attachment-medium size-medium\" alt=\"\" srcset=\"https:\/\/zumbalaturba.com.ar\/wp-content\/uploads\/2017\/04\/To-Duke-270x300.jpg 270w, https:\/\/zumbalaturba.com.ar\/wp-content\/uploads\/2017\/04\/To-Duke-768x854.jpg 768w, https:\/\/zumbalaturba.com.ar\/wp-content\/uploads\/2017\/04\/To-Duke-921x1024.jpg 921w, https:\/\/zumbalaturba.com.ar\/wp-content\/uploads\/2017\/04\/To-Duke.jpg 1482w\" sizes=\"(max-width: 270px) 100vw, 270px\" \/><\/a>\n\t\t\t<\/div><\/figure><figure class='gallery-item'>\n\t\t\t<div class='gallery-icon landscape'>\n\t\t\t\t<a href='https:\/\/zumbalaturba.com.ar\/?attachment_id=2998'><img loading=\"lazy\" decoding=\"async\" width=\"300\" height=\"300\" src=\"https:\/\/zumbalaturba.com.ar\/wp-content\/uploads\/2017\/04\/Elsewhere-300x300.jpg\" class=\"attachment-medium size-medium\" alt=\"\" srcset=\"https:\/\/zumbalaturba.com.ar\/wp-content\/uploads\/2017\/04\/Elsewhere-300x300.jpg 300w, https:\/\/zumbalaturba.com.ar\/wp-content\/uploads\/2017\/04\/Elsewhere-768x768.jpg 768w, https:\/\/zumbalaturba.com.ar\/wp-content\/uploads\/2017\/04\/Elsewhere-1024x1024.jpg 1024w, https:\/\/zumbalaturba.com.ar\/wp-content\/uploads\/2017\/04\/Elsewhere.jpg 1200w\" sizes=\"(max-width: 300px) 100vw, 300px\" \/><\/a>\n\t\t\t<\/div><\/figure><figure class='gallery-item'>\n\t\t\t<div class='gallery-icon portrait'>\n\t\t\t\t<a href='https:\/\/zumbalaturba.com.ar\/?attachment_id=2994'><img loading=\"lazy\" decoding=\"async\" width=\"285\" height=\"300\" src=\"https:\/\/zumbalaturba.com.ar\/wp-content\/uploads\/2017\/04\/anatomy-of-a-murder-285x300.jpg\" class=\"attachment-medium size-medium\" alt=\"\" srcset=\"https:\/\/zumbalaturba.com.ar\/wp-content\/uploads\/2017\/04\/anatomy-of-a-murder-285x300.jpg 285w, https:\/\/zumbalaturba.com.ar\/wp-content\/uploads\/2017\/04\/anatomy-of-a-murder-768x807.jpg 768w, https:\/\/zumbalaturba.com.ar\/wp-content\/uploads\/2017\/04\/anatomy-of-a-murder-974x1024.jpg 974w, https:\/\/zumbalaturba.com.ar\/wp-content\/uploads\/2017\/04\/anatomy-of-a-murder.jpg 1427w\" sizes=\"(max-width: 285px) 100vw, 285px\" \/><\/a>\n\t\t\t<\/div><\/figure>\n\t\t<\/div>\n\n<p><span style=\"font-size: 14pt;\">Y cerramos, con m\u00e1s de Ellington. A falta de jazz en la tele, escuchamos algo de la banda de sonido compuesta por Ellington para la pel\u00edcula <em><strong>Anatomy Of A Murder<\/strong><\/em> de 1959. La m\u00fasica de Ellington para esa pel\u00edcula fue premiada ese a\u00f1o como mejor m\u00fasica para cine.<\/span><\/p>\n<p><span style=\"font-size: 14pt;\">Todo eso y mucho m\u00e1s en dos horas de m\u00fasica, jazz y radio.<\/span><\/p>\n<div class='share-to-whatsapp-wrapper'><div class='share-on-whsp'>Share on: <\/div><div class='clear '><\/div><\/div>","protected":false},"excerpt":{"rendered":"<p>&#8220;Yo he visto el origen del jazz. Se desarroll\u00f3 junto conmigo. Conozco a toda la gente que form\u00f3 parte de \u00e9l. He vivido su historia. Y creo firmemente que no hemos llegado al final&#8220;. En esta emisi\u00f3n\u00a0n\u00famero 94 de La Nota Azul, correspondiente al s\u00e1bado 29 de abril de 2017, elegimos celebrar el D\u00eda Internacional [&hellip;]<\/p>\n","protected":false},"author":14,"featured_media":2996,"comment_status":"open","ping_status":"open","sticky":false,"template":"","format":"standard","meta":{"footnotes":""},"categories":[261],"tags":[81,52,293,305,296,166],"class_list":["post-2993","post","type-post","status-publish","format-standard","has-post-thumbnail","hentry","category-la-nota-azul","tag-agenda-cultural","tag-cultura","tag-jazz","tag-jazz-federal-club","tag-la-nota-azul","tag-musica"],"_links":{"self":[{"href":"https:\/\/zumbalaturba.com.ar\/index.php?rest_route=\/wp\/v2\/posts\/2993","targetHints":{"allow":["GET"]}}],"collection":[{"href":"https:\/\/zumbalaturba.com.ar\/index.php?rest_route=\/wp\/v2\/posts"}],"about":[{"href":"https:\/\/zumbalaturba.com.ar\/index.php?rest_route=\/wp\/v2\/types\/post"}],"author":[{"embeddable":true,"href":"https:\/\/zumbalaturba.com.ar\/index.php?rest_route=\/wp\/v2\/users\/14"}],"replies":[{"embeddable":true,"href":"https:\/\/zumbalaturba.com.ar\/index.php?rest_route=%2Fwp%2Fv2%2Fcomments&post=2993"}],"version-history":[{"count":0,"href":"https:\/\/zumbalaturba.com.ar\/index.php?rest_route=\/wp\/v2\/posts\/2993\/revisions"}],"wp:featuredmedia":[{"embeddable":true,"href":"https:\/\/zumbalaturba.com.ar\/index.php?rest_route=\/wp\/v2\/media\/2996"}],"wp:attachment":[{"href":"https:\/\/zumbalaturba.com.ar\/index.php?rest_route=%2Fwp%2Fv2%2Fmedia&parent=2993"}],"wp:term":[{"taxonomy":"category","embeddable":true,"href":"https:\/\/zumbalaturba.com.ar\/index.php?rest_route=%2Fwp%2Fv2%2Fcategories&post=2993"},{"taxonomy":"post_tag","embeddable":true,"href":"https:\/\/zumbalaturba.com.ar\/index.php?rest_route=%2Fwp%2Fv2%2Ftags&post=2993"}],"curies":[{"name":"wp","href":"https:\/\/api.w.org\/{rel}","templated":true}]}}