{"id":3017,"date":"2017-05-04T01:54:16","date_gmt":"2017-05-04T01:54:16","guid":{"rendered":"http:\/\/zumbalaturba.com.ar\/?p=3017"},"modified":"2017-05-04T19:40:30","modified_gmt":"2017-05-04T19:40:30","slug":"las-cosas-no-son-asi-estan-asi-y-las-vamos-a-degenerar","status":"publish","type":"post","link":"https:\/\/zumbalaturba.com.ar\/?p=3017","title":{"rendered":"&#8220;Las cosas no son as\u00ed. Est\u00e1n as\u00ed, y las vamos a degenerar&#8221;"},"content":{"rendered":"<p align=\"justify\"><img decoding=\"async\" class=\"size-medium wp-image-3018 alignleft\" src=\"https:\/\/zumbalaturba.com.ar\/wp-content\/uploads\/2017\/05\/deges-2017-300x147.jpg\" alt=\"deges 2017\" width=\"300\" height=\"147\" srcset=\"https:\/\/zumbalaturba.com.ar\/wp-content\/uploads\/2017\/05\/deges-2017-300x147.jpg 300w, https:\/\/zumbalaturba.com.ar\/wp-content\/uploads\/2017\/05\/deges-2017-768x377.jpg 768w, https:\/\/zumbalaturba.com.ar\/wp-content\/uploads\/2017\/05\/deges-2017-800x393.jpg 800w, https:\/\/zumbalaturba.com.ar\/wp-content\/uploads\/2017\/05\/deges-2017.jpg 801w\" sizes=\"(max-width: 300px) 100vw, 300px\" \/>Entre los d\u00edas 3 y 11 de mayo se desarrollar\u00e1 una nueva edici\u00f3n de las <strong>Jornadas Degenerando C\u00f3rdoba,<\/strong> que abren la discusi\u00f3n sobre los g\u00e9neros. Impulsadas por la organizaci\u00f3n estudiantil Cauce se realizar\u00e1n en la Universidad Nacional de C\u00f3rdoba. Desde Zumba la Turba conversamos con <strong>Ver\u00f3nica Luna, una de sus organizadorxs e integrante de la agrupaci\u00f3n.<\/strong><\/p>\n<p><iframe src=\"http:\/\/ar.ivoox.com\/es\/player_ej_18482501_2_1.html?data=kp2hmpeZdJKhhpywj5WWaZS1kp6ah5yncZOhhpywj5WRaZi3jpWah5yncabi1dfS2M7XuMKfwpDDx9fTb63pz8aSlKiPiMbbxtPS1MbSqNCfhpelk4qWfY6ZmKiatMbIrdCfu9raxMaPsMKftdrfxMaRaZi3jpk.&amp;\" width=\"100%\" height=\"200\" frameborder=\"0\" scrolling=\"no\" allowfullscreen=\"allowfullscreen\"><\/iframe><\/p>\n<p align=\"justify\">Ver\u00f3nica, integrante de Cauce, manifiesta que las <strong>Jornadas Degenerando C\u00f3rdoba<\/strong> se propone \u201c<em>trabajar en la construcci\u00f3n del conocimiento cr\u00edtico, que busca dar otra mirada al mundo en el que vivimos, usando las herramientas que nos proporcionan nuestras carreras, para ponerlas en juego con la realidad<\/em>\u201d. Este trabajo lo desarrollan especialmente en torno a dos ejes, el antirrepresivo y el g\u00e9nero. \u00c9ste \u00faltimo es el que ponen en cuesti\u00f3n desde hace cuatro a\u00f1os en distintas ciudades del pa\u00eds \u201cLas Degenerando\u201d, que -explica la estudiante-, \u201c<em>vienen a tratar de abrir las discusiones, generar debate y romper con la burbuja universitaria, para comprometernos con las problem\u00e1ticas sociales que nos atraviesan cada d\u00eda<\/em>\u201d. Para eso, una de sus caracter\u00edsticas es que abre los espacios de debate a otras organizaciones y espacios vinculados con la tem\u00e1tica, no necesariamente del \u00e1mbito universitario.<\/p>\n<p align=\"justify\">La iniciativa parte de la definici\u00f3n de que \u201c<em>mujeres e identidades disidentes estamos en una relaci\u00f3n de desigualdad en todos los \u00e1mbitos de la sociedad (\u2026) cobramos menos que los varones, hay un control sobre nuestros cuerpos a trav\u00e9s de diferentes instituciones o mecanismos, y nos encontramos sobre todo en una situaci\u00f3n de vulnerabilidad, con diferentes tipos de violencia<\/em>\u201d, y se propone indagar en las condiciones que posibilitan estas expresiones, \u201c<em>toda una cultura patriarcal que d\u00eda a d\u00eda alimenta, por ejemplo, la cosificaci\u00f3n de las mujeres, la cultura de la violaci\u00f3n, o la discriminaci\u00f3n de todo aquel que no encaja con un patr\u00f3n var\u00f3n-mujer<\/em>\u201d.<\/p>\n<p align=\"justify\">A partir de estos an\u00e1lisis, la intenci\u00f3n del espacio es \u201c<em>elaborar perspectivas concretas de trabajo, que tambi\u00e9n terminen en definitiva en una organizaci\u00f3n como colectivo de mujeres e identidades disidentes<\/em>\u201d.<\/p>\n<p><iframe src=\"http:\/\/ar.ivoox.com\/es\/player_ej_18482529_2_1.html?data=kp2hmpeZdpqhhpywj5WYaZS1kZmah5yncZOhhpywj5WRaZi3jpWah5yncabi1dfS2M7XuMKfwpDDx9fTb63pz8aSlKiPiMbbxtPS1MbSqNCfhpellIqWfY6ZmKiatMbIrdCfu9raxMaPsMKftdrfxMaRaZi3jpk.&amp;\" width=\"100%\" height=\"200\" frameborder=\"0\" scrolling=\"no\" allowfullscreen=\"allowfullscreen\"><\/iframe><\/p>\n<p align=\"justify\">Las Jornadas Degenerando son un ejercicio de conocimiento situado y, como tales, parten de una lectura del contexto universitario en que viven lxs estudiantes y de un clima social que hoy est\u00e1 atravesado por la exacerbada visibilizaci\u00f3n de las situaciones de violencia machista. Ver\u00f3nica plantea que esta situaci\u00f3n, \u201c<em>lejos de ahuyentarnos y ponernos un freno, nos da un impulso para preguntarnos qu\u00e9 podemos hacer desde nuestro lugar como estudiantes y comenzar con una pregunta que nos lleve a otra pregunta, y as\u00ed desencadenar una infinidad de cuestionamientos que hacen que hoy lleguemos a estas actividades. Las Degenerando son, en parte, una respuesta que encontramos a tantas preguntas que nos hacemos a diario<\/em>\u201d. Con ese fin se proponen para esos d\u00edas una serie de actividades, que incluyen paneles-debate y talleres en torno a los \u201cfeminismos en disputa\u201d; los hechos significativos del movimiento disidente y las tareas actuales; el cuestionamiento al amor rom\u00e1ntico que \u201cnos hace sustentar relaciones que se vuelven peligrosas\u201d y la problematizaci\u00f3n del atravesamiento de estas tem\u00e1ticas en el propio espacio de la UNC.<\/p>\n<p align=\"justify\">Al respecto, afirma que \u201c<em>\u00faltimamente la Facultad de Filosof\u00eda y Humanidades se ha visto muy convulsionada por diversos casos de abuso y violencia de g\u00e9nero que salieron a la luz, y esto nos pone un poco alerta como colectivo estudiantil. Nos hace reflexionar sobre nuestras pr\u00e1cticas cotidianas, pero sobre todo c\u00f3mo hacemos para prevenir casos de violencia. Lo cierto es que la UNC el a\u00f1o pasado elabor\u00f3 un plan de acci\u00f3n contra la violencia de g\u00e9nero que, si bien intenta darle una salida institucional a los conflictos que se nos han presentado, tambi\u00e9n tiene algunas limitaciones en cuanto a garantizar a nuestras compa\u00f1eras el derecho a la educaci\u00f3n. Vamos a tratar de problematizar la poca perspectiva de g\u00e9nero que tenemos en todas las carreras de la UNC, y c\u00f3mo podemos intervenir para interpretar el sentido com\u00fan desde las aulas. Por \u00faltimo, tambi\u00e9n buscamos problematizar la invisibilizaci\u00f3n y discriminaci\u00f3n que hay hacia el colectivo trans<\/em>\u201d.<\/p>\n<p><iframe src=\"http:\/\/ar.ivoox.com\/es\/player_ej_18504741_2_1.html?data=kp2ikpmbeJKhhpywj5WUaZS1lpiah5yncZOhhpywj5WRaZi3jpWah5yncbTk0NmYpsrLqc_Z08bbxtSPdpGlmJKSmaiRlsLYytSYvNrRpsKfzcaYttrWpsKhhpywj5k.&amp;\" width=\"100%\" height=\"200\" frameborder=\"0\" scrolling=\"no\" allowfullscreen=\"allowfullscreen\"><\/iframe><\/p>\n<p align=\"left\"><strong>Grilla Degenerada*:<\/strong><\/p>\n<p>03-05 Feminismos en disputa. Panel-debate sobre temas candentes: El feminismo y la izquierda. Movilizaci\u00f3n de masas e intervenciones radicales: &#8220;Ni una menos y el tetazo&#8221;. El rol de los varones en la lucha feminista.<\/p>\n<p>09-05 Los l\u00edmites del consentimiento. Taller de reflexi\u00f3n y problematizaci\u00f3n de los v\u00ednculos \u00edntimos, los l\u00edmites y el consentimiento.<\/p>\n<p align=\"left\">11-05 Universidad, G\u00e9neros y Disidencia. Panel sobre lo que pasa y lo que no pasa en la UNC: Formaci\u00f3n con perspectiva de g\u00e9nero. Violencia de g\u00e9nero en el \u00e1mbito universitario. Invisibilizaci\u00f3n y discriminaci\u00f3n hacia el colectivo trans.<\/p>\n<p>18-05 Reviviendo hitos del movimiento disidente. Taller. Reconstrucci\u00f3n colectiva de la memoria disidente para nuestras luchas<\/p>\n<p><span style=\"font-size: small;\">*En caso de paro docente las actividades de los d\u00edas 9 y 11 se trasladan a la misma hora y lugar de la semana siguiente.<\/span><\/p>\n<div class='share-to-whatsapp-wrapper'><div class='share-on-whsp'>Share on: <\/div><div class='clear '><\/div><\/div>","protected":false},"excerpt":{"rendered":"<p>Entre los d\u00edas 3 y 11 de mayo se desarrollar\u00e1 una nueva edici\u00f3n de las Jornadas Degenerando C\u00f3rdoba, que abren la discusi\u00f3n sobre los g\u00e9neros. Impulsadas por la organizaci\u00f3n estudiantil Cauce se realizar\u00e1n en la Universidad Nacional de C\u00f3rdoba. Desde Zumba la Turba conversamos con Ver\u00f3nica Luna, una de sus organizadorxs e integrante de la [&hellip;]<\/p>\n","protected":false},"author":6,"featured_media":3018,"comment_status":"open","ping_status":"open","sticky":false,"template":"","format":"standard","meta":{"footnotes":""},"categories":[5],"tags":[14,400,335,347,520],"class_list":["post-3017","post","type-post","status-publish","format-standard","has-post-thumbnail","hentry","category-transfeminismos","tag-disidencia","tag-feminismo","tag-generos","tag-jornadas","tag-lgtb"],"_links":{"self":[{"href":"https:\/\/zumbalaturba.com.ar\/index.php?rest_route=\/wp\/v2\/posts\/3017","targetHints":{"allow":["GET"]}}],"collection":[{"href":"https:\/\/zumbalaturba.com.ar\/index.php?rest_route=\/wp\/v2\/posts"}],"about":[{"href":"https:\/\/zumbalaturba.com.ar\/index.php?rest_route=\/wp\/v2\/types\/post"}],"author":[{"embeddable":true,"href":"https:\/\/zumbalaturba.com.ar\/index.php?rest_route=\/wp\/v2\/users\/6"}],"replies":[{"embeddable":true,"href":"https:\/\/zumbalaturba.com.ar\/index.php?rest_route=%2Fwp%2Fv2%2Fcomments&post=3017"}],"version-history":[{"count":0,"href":"https:\/\/zumbalaturba.com.ar\/index.php?rest_route=\/wp\/v2\/posts\/3017\/revisions"}],"wp:featuredmedia":[{"embeddable":true,"href":"https:\/\/zumbalaturba.com.ar\/index.php?rest_route=\/wp\/v2\/media\/3018"}],"wp:attachment":[{"href":"https:\/\/zumbalaturba.com.ar\/index.php?rest_route=%2Fwp%2Fv2%2Fmedia&parent=3017"}],"wp:term":[{"taxonomy":"category","embeddable":true,"href":"https:\/\/zumbalaturba.com.ar\/index.php?rest_route=%2Fwp%2Fv2%2Fcategories&post=3017"},{"taxonomy":"post_tag","embeddable":true,"href":"https:\/\/zumbalaturba.com.ar\/index.php?rest_route=%2Fwp%2Fv2%2Ftags&post=3017"}],"curies":[{"name":"wp","href":"https:\/\/api.w.org\/{rel}","templated":true}]}}