{"id":3036,"date":"2017-05-04T23:10:37","date_gmt":"2017-05-05T02:10:37","guid":{"rendered":"http:\/\/zumbalaturba.com.ar\/?p=3036"},"modified":"2023-10-14T20:50:30","modified_gmt":"2023-10-14T23:50:30","slug":"ciudad-de-mis-suenos-mujeres-organizadas-contra-la-violencia-machista","status":"publish","type":"post","link":"https:\/\/zumbalaturba.com.ar\/?p=3036","title":{"rendered":"Ciudad de mis Sue\u00f1os: mujeres organizadas contra la violencia machista"},"content":{"rendered":"<p><em><img fetchpriority=\"high\" decoding=\"async\" class=\"size-medium wp-image-3037 alignleft\" src=\"https:\/\/zumbalaturba.com.ar\/wp-content\/uploads\/2017\/05\/cdad-suenios-2-300x169.jpeg\" alt=\"cdad suenios 2\" width=\"300\" height=\"169\" srcset=\"https:\/\/zumbalaturba.com.ar\/wp-content\/uploads\/2017\/05\/cdad-suenios-2-300x169.jpeg 300w, https:\/\/zumbalaturba.com.ar\/wp-content\/uploads\/2017\/05\/cdad-suenios-2-768x432.jpeg 768w, https:\/\/zumbalaturba.com.ar\/wp-content\/uploads\/2017\/05\/cdad-suenios-2-1024x576.jpeg 1024w, https:\/\/zumbalaturba.com.ar\/wp-content\/uploads\/2017\/05\/cdad-suenios-2.jpeg 1280w\" sizes=\"(max-width: 300px) 100vw, 300px\" \/> En la ma\u00f1ana del jueves 4, mujeres del barrio Ciudad de Mis Sue\u00f1os cortaron la circulaci\u00f3n en la antigua ruta 9 para reclamar respuestas del Estado ante las violaciones e intentos de violaci\u00f3n y secuestro que se repiten asiduamente en la zona.<\/em><\/p>\n<p>Durante la ma\u00f1ana del jueves 4 de mayo el tr\u00e1nsito se vio interrumpido en la Av. Sabattini a la altura del barrio Ciudad de Mis Sue\u00f1os.<br \/>\nMujeres con carteles escritos con frases como &#8220;Ni una menos. El estado es responsable&#8221;; &#8220;Exigimos inmediatas respuestas por nuestras ni\u00f1as&#8221; avanzaron sobre la calzada de la antigua ruta 9 para reclamar atenci\u00f3n y respuestas del Estado ante una situaci\u00f3n que ya se hace insostenible: la violaci\u00f3n de tres j\u00f3venes en las \u00faltimas semanas, y los reiterados intentos de secuestro y violaci\u00f3n que vienen repiti\u00e9ndose con asiduidad.<br \/>\nPara interiorizarnos de lo que est\u00e1 sucediendo nos comunicamos con Yanina Ramis, una de las mujeres que impuls\u00f3 la acci\u00f3n.<br \/>\n<iframe src=\"http:\/\/ar.ivoox.com\/es\/player_ej_18507827_2_1.html?data=kp2ikpycdpihhpywj5WaaZS1kZeah5yncZOhhpywj5WRaZi3jpWah5yncabi1dfS2M7XuMKfwpDGw9PNssKZk6iYpcnFqIzYxpDay9iPl9bZhqigh6eVs9Shhpywj7fFqMrjjL_iz8fFb83VjLni1MfFcYarpJKh&amp;\" width=\"100%\" height=\"200\" frameborder=\"0\" scrolling=\"no\" allowfullscreen=\"allowfullscreen\"><\/iframe><br \/>\nYanina empieza compartiendo las razones que llevaron a las mujeres del barrio a organizarse: &#8220;ac\u00e1 en el barrio hubo tres violaciones y cuatro intentos de violaci\u00f3n, una de ellas el jueves pasado. Hab\u00edamos hecho otro corte y al otro d\u00eda, el mismo viernes, andaba un auto blanco secuestrando a una nenita. Un intento de secuestro porque la nenita empez\u00f3 a gritar y fue a la casa de la abuela. Los yuyos son muy altos tambi\u00e9n y es una parte que tienen acceso para ver si est\u00e1n las chicas para llev\u00e1rselas. A una de ellas la encontraron en un canal, sobre la misma ruta. La encontraron porque como estaban haciendo un operativo que la estaban buscando, agarraron y la tiraron. Ese fue uno de los casos de violaci\u00f3n. Despu\u00e9s hubo otra que estuvo internada, estaba en terapia intensiva&#8221;.<br \/>\n<img decoding=\"async\" class=\"size-medium wp-image-3038 alignright\" src=\"https:\/\/zumbalaturba.com.ar\/wp-content\/uploads\/2017\/05\/cdad-suenios-3-300x169.jpeg\" alt=\"cdad suenios 3\" width=\"300\" height=\"169\" srcset=\"https:\/\/zumbalaturba.com.ar\/wp-content\/uploads\/2017\/05\/cdad-suenios-3-300x169.jpeg 300w, https:\/\/zumbalaturba.com.ar\/wp-content\/uploads\/2017\/05\/cdad-suenios-3-768x432.jpeg 768w, https:\/\/zumbalaturba.com.ar\/wp-content\/uploads\/2017\/05\/cdad-suenios-3-1024x576.jpeg 1024w, https:\/\/zumbalaturba.com.ar\/wp-content\/uploads\/2017\/05\/cdad-suenios-3.jpeg 1280w\" sizes=\"(max-width: 300px) 100vw, 300px\" \/>La descripci\u00f3n de lo que est\u00e1 sucediendo en el barrio es tremenda e indigna constatar una vez m\u00e1s la ausencia del Estado ante la violencia machista que arrasa la vida de mujeres y ni\u00f1as. Y, en contrapartida, su r\u00e1pida respuesta represiva cuando se organizan para protestar y visibilizar la situaci\u00f3n. Yanina explica que &#8220;queremos que nos den una seguridad, porque la polic\u00eda est\u00e1 un d\u00eda en los colegios y despu\u00e9s no la encontramos m\u00e1s. Pero hoy como decidimos cortar la calle, mandaron un mont\u00f3n de polic\u00edas. Yo entiendo que no tendr\u00edan que decirnos a nosotras que no podemos cortar la calle si es algo b\u00e1sico lo que estamos pidiendo, no hay violencia ni nada, es un reclamo que hacemos todas las mam\u00e1s&#8221;.<\/p>\n<p><b>&#8220;De otra jurisdicci\u00f3n&#8221;<br \/>\n<\/b>El abandono de las responsabilidades estatales m\u00e1s b\u00e1sicas en los barrios perif\u00e9ricos qued\u00f3 una vez m\u00e1s expuesto cuando las vecinas fueron a reclamar soluciones concretas a las autoridades del CPC [<span class=\"st\">Centro de Participaci\u00f3n Comunal] <\/span>Empalme. La respuesta que recibieron no deja lugar a dudas. &#8220;Estuvimos -cuenta Yanina- en el CPC Empalme, y nos dijeron que no pueden hacer nada, no pueden desmalezar, no pueden poner luz, porque ya no es jurisdicci\u00f3n de ellos. Como nosotros somos de la provincia, ellos no se hacen cargo de nada. Esa es la respuesta que nos dieron hoy&#8221;. De all\u00ed las derivaron al Complejo Pablo Pizzurno, sede del Ministerio de Desarrollo Social provincial y adonde, dicen, &#8220;ir\u00e1n a golpear puertas&#8221;.<\/p>\n<p><b>Ante la agresi\u00f3n machista, organizaci\u00f3n<\/b><br \/>\nYanina cuenta que el detonante de las \u00faltimas acciones fue el secuestro y violaci\u00f3n de una joven de quince a\u00f1os el pasado jueves 18 de abril. A la adolescente la levantaron en un auto a las 8 de la ma\u00f1ana a unas cuadras de la escuela, y luego del abuso, la arrojaron a un canal de la zona. &#8220;Ya hubo otros casos en el campo de ciudad de mis sue\u00f1os que violaron a dos chicas y las encontramos ah\u00ed y los grupos de vecinos las salimos a buscar&#8221;.<br \/>\nLa respuesta surgi\u00f3 de lxs vecinxs de la zona, &#8220;somos un grupo de vecinos, mam\u00e1s sobre todo, no hay pol\u00edticos no hay nada, que estamos pensando en lo que le puede pasar a nuestras hijas y tenemos hermanas, t\u00edas, sobrinas, nos puede pasar a cualquiera, eso es lo que pasa. Ah\u00ed nos empezamos a organizar con las mujeres, con las mam\u00e1s, para que no haya ninguna chiquita que sea violada, no queremos que nos pase nada a nuestras hijas&#8221;.<br \/>\nA partir de all\u00ed comenzaron a reunirse todos los martes para hablar y tomar decisiones colectivas, como el corte que realizaron esta ma\u00f1ana y que las dej\u00f3 con la sensaci\u00f3n de las manos vac\u00edas.<br \/>\nPero el empe\u00f1o y la necesidad no cejan y Yanina es clara: &#8220;ma\u00f1ana vamos a seguir golpeando las puertas para ver qui\u00e9n nos atiende y mientras tanto vamos a seguir cortando las calles por nuestras hijas, porque necesitamos seguridad para nuestras hijas. Vamos a cortar de nuevo las calles, pero vamos a ser muchas m\u00e1s, porque vamos a ver qu\u00e9 organizaciones vienen a apoyar, ya de las mujeres del Ni Una Menos ya nos vinieron a apoyar, del Polo Obrero tambi\u00e9n&#8221;.<\/p>\n<p><b>Los barrios-ciudad, o la &#8220;Ciudad de los Sue\u00f1os&#8221; de De la Sota<\/b><br \/>\nCiudad de Mis Sue\u00f1os es uno de los barrios-ciudad inaugurados en C\u00f3rdoba en la d\u00e9cada del 2000 por Jos\u00e9 Manuel De la Sota, como parte del ordenamiento territorial urbano que expuls\u00f3 a la periferia de la ciudad a quienes viv\u00edan en villas c\u00e9ntricas.<br \/>\nLas cr\u00edticas en su momento se hicieron escuchar con fuerza, porque estos traslados\u00a0 rompieron las redes solidarias, de trabajo, de vida cotidiana preexistentes en los territorios y alejaron a lxs vecinxs de los recursos del centro de la ciudad, como los hospitales y escuelas, precarizando aun m\u00e1s sus condiciones de existencia.<br \/>\nCiudad de Mis Sue\u00f1os se encuentra sobre la Av. Sabattini, antigua ruta 9, casi saliendo del ejido urbano.<\/p>\n<p style=\"text-align: right;\"><span style=\"font-size: small;\"><em>Fotos: Cintia Frencia<\/em><\/span><\/p>\n<div class='share-to-whatsapp-wrapper'><div class='share-on-whsp'>Share on: <\/div><div class='clear '><\/div><\/div>","protected":false},"excerpt":{"rendered":"<p>En la ma\u00f1ana del jueves 4, mujeres del barrio Ciudad de Mis Sue\u00f1os cortaron la circulaci\u00f3n en la antigua ruta 9 para reclamar respuestas del Estado ante las violaciones e intentos de violaci\u00f3n y secuestro que se repiten asiduamente en la zona. Durante la ma\u00f1ana del jueves 4 de mayo el tr\u00e1nsito se vio interrumpido [&hellip;]<\/p>\n","protected":false},"author":6,"featured_media":3039,"comment_status":"open","ping_status":"open","sticky":false,"template":"","format":"standard","meta":{"footnotes":""},"categories":[38,15,5],"tags":[],"class_list":["post-3036","post","type-post","status-publish","format-standard","has-post-thumbnail","hentry","category-anticarcelario-antrepresivo","category-la-zumba","category-transfeminismos"],"_links":{"self":[{"href":"https:\/\/zumbalaturba.com.ar\/index.php?rest_route=\/wp\/v2\/posts\/3036","targetHints":{"allow":["GET"]}}],"collection":[{"href":"https:\/\/zumbalaturba.com.ar\/index.php?rest_route=\/wp\/v2\/posts"}],"about":[{"href":"https:\/\/zumbalaturba.com.ar\/index.php?rest_route=\/wp\/v2\/types\/post"}],"author":[{"embeddable":true,"href":"https:\/\/zumbalaturba.com.ar\/index.php?rest_route=\/wp\/v2\/users\/6"}],"replies":[{"embeddable":true,"href":"https:\/\/zumbalaturba.com.ar\/index.php?rest_route=%2Fwp%2Fv2%2Fcomments&post=3036"}],"version-history":[{"count":0,"href":"https:\/\/zumbalaturba.com.ar\/index.php?rest_route=\/wp\/v2\/posts\/3036\/revisions"}],"wp:featuredmedia":[{"embeddable":true,"href":"https:\/\/zumbalaturba.com.ar\/index.php?rest_route=\/wp\/v2\/media\/3039"}],"wp:attachment":[{"href":"https:\/\/zumbalaturba.com.ar\/index.php?rest_route=%2Fwp%2Fv2%2Fmedia&parent=3036"}],"wp:term":[{"taxonomy":"category","embeddable":true,"href":"https:\/\/zumbalaturba.com.ar\/index.php?rest_route=%2Fwp%2Fv2%2Fcategories&post=3036"},{"taxonomy":"post_tag","embeddable":true,"href":"https:\/\/zumbalaturba.com.ar\/index.php?rest_route=%2Fwp%2Fv2%2Ftags&post=3036"}],"curies":[{"name":"wp","href":"https:\/\/api.w.org\/{rel}","templated":true}]}}