{"id":305,"date":"2013-07-25T04:59:00","date_gmt":"2013-07-25T04:59:00","guid":{"rendered":"http:\/\/zumbalaturba.com.ar\/2013\/07\/25\/en-el-ojo-de-la-tormenta-25-de-julio-de-2013\/"},"modified":"2013-07-25T04:59:00","modified_gmt":"2013-07-25T04:59:00","slug":"en-el-ojo-de-la-tormenta-25-de-julio-de-2013","status":"publish","type":"post","link":"https:\/\/zumbalaturba.com.ar\/?p=305","title":{"rendered":"En el Ojo de la Tormenta &#8211; 25 de julio de 2013"},"content":{"rendered":"<p><a href=\"https:\/\/fbcdn-sphotos-a-a.akamaihd.net\/hphotos-ak-ash4\/1011393_10201477647092642_1334637876_n.jpg\"><img decoding=\"async\" alt=\"\" src=\"https:\/\/fbcdn-sphotos-a-a.akamaihd.net\/hphotos-ak-ash4\/1011393_10201477647092642_1334637876_n.jpg\" style=\"float: left; height: 424px; margin: 4px; width: 300px;\" \/><\/a>En el Ojo de la Tormenta, el programa de <a href=\"http:\/\/argentina.indymedia.org\/features\/cordoba\/\" target=\"_blank\">Indymedia Cordoba<\/a>&#8230; EMISION DEL 25&nbsp;DE JULIO DE 2013<br \/><span style=\"line-height: 1.6em;\">En este programa:<\/span><br \/>&#8211; Estuvieron en el piso integrantes de la <strong>Asamblea de Malvinas lucha por la vida <\/strong>(que cumpli\u00f3 un a\u00f1o de lucha) <br \/>&#8211; <strong>Vecinxs de Villa la Maternidad<\/strong> siguen denunciando la persecuci\u00f3n del estado.<br \/>&#8211; Conversamos con las compa\u00f1eras de <strong>Ammar Cordoba<\/strong> por las denuncias contra la secretaria de trata, Amelia Chiofalo y la situaci\u00f3n de Yamila Cuello.<br \/>&#8211;&nbsp;Columna del <strong>Colectivo <a href=\"http:\/\/www.llanocba.com.ar\/site\/\">Llano En Llamas<\/a><\/strong>, hoy sobre un bien natural imprescindible: el agua.<br \/>&#8211; Salta: hablamos con <strong>Beatriz Guevara, de la Comisi\u00f3n de la Mujer de la UNSa<\/strong> sobre el fallo que ratifica la educaci\u00f3n religiosa en las escuelas p\u00fablicas y la situaci\u00f3n de la educaci\u00f3n sexual.<br \/>&#8211; Como siempre, iniciamos el programa con un poema de <strong><a href=\"https:\/\/www.facebook.com\/dahiana.belfiori?fref=ts\" target=\"_blank\">Dahiana Belfiori<\/a>,<\/strong> hoy: La columna.<br \/>Todo esto y mucho m\u00e1sssssssss&#8230;. en el ojo de la tormenta!<\/p>\n<div class='share-to-whatsapp-wrapper'><div class='share-on-whsp'>Share on: <\/div><div class='clear '><\/div><\/div>","protected":false},"excerpt":{"rendered":"<p>En el Ojo de la Tormenta, el programa de Indymedia Cordoba&#8230; EMISION DEL 25&nbsp;DE JULIO DE 2013En este programa:&#8211; Estuvieron en el piso integrantes de la Asamblea de Malvinas lucha por la vida (que cumpli\u00f3 un a\u00f1o de lucha) &#8211; Vecinxs de Villa la Maternidad siguen denunciando la persecuci\u00f3n del estado.&#8211; Conversamos con las compa\u00f1eras [&hellip;]<\/p>\n","protected":false},"author":2,"featured_media":0,"comment_status":"open","ping_status":"open","sticky":false,"template":"","format":"standard","meta":{"footnotes":""},"categories":[148,5],"tags":[21],"class_list":["post-305","post","type-post","status-publish","format-standard","hentry","category-en-el-ojo-de-la-tormenta","category-transfeminismos","tag-represion"],"_links":{"self":[{"href":"https:\/\/zumbalaturba.com.ar\/index.php?rest_route=\/wp\/v2\/posts\/305","targetHints":{"allow":["GET"]}}],"collection":[{"href":"https:\/\/zumbalaturba.com.ar\/index.php?rest_route=\/wp\/v2\/posts"}],"about":[{"href":"https:\/\/zumbalaturba.com.ar\/index.php?rest_route=\/wp\/v2\/types\/post"}],"author":[{"embeddable":true,"href":"https:\/\/zumbalaturba.com.ar\/index.php?rest_route=\/wp\/v2\/users\/2"}],"replies":[{"embeddable":true,"href":"https:\/\/zumbalaturba.com.ar\/index.php?rest_route=%2Fwp%2Fv2%2Fcomments&post=305"}],"version-history":[{"count":0,"href":"https:\/\/zumbalaturba.com.ar\/index.php?rest_route=\/wp\/v2\/posts\/305\/revisions"}],"wp:attachment":[{"href":"https:\/\/zumbalaturba.com.ar\/index.php?rest_route=%2Fwp%2Fv2%2Fmedia&parent=305"}],"wp:term":[{"taxonomy":"category","embeddable":true,"href":"https:\/\/zumbalaturba.com.ar\/index.php?rest_route=%2Fwp%2Fv2%2Fcategories&post=305"},{"taxonomy":"post_tag","embeddable":true,"href":"https:\/\/zumbalaturba.com.ar\/index.php?rest_route=%2Fwp%2Fv2%2Ftags&post=305"}],"curies":[{"name":"wp","href":"https:\/\/api.w.org\/{rel}","templated":true}]}}