{"id":3052,"date":"2017-05-07T22:07:13","date_gmt":"2017-05-07T22:07:13","guid":{"rendered":"http:\/\/zumbalaturba.com.ar\/?p=3052"},"modified":"2017-05-07T22:07:13","modified_gmt":"2017-05-07T22:07:13","slug":"hijos-europeos-y-sabores-del-jazz-diverso-como-el-vino","status":"publish","type":"post","link":"https:\/\/zumbalaturba.com.ar\/?p=3052","title":{"rendered":"Hijos europeos y sabores del jazz: diverso como el vino"},"content":{"rendered":"<p style=\"padding-left: 120px;\"><span style=\"font-size: 14pt;\">Programa n\u00famero 95 de <a href=\"https:\/\/www.facebook.com\/lanotaazulradio\/\" target=\"_blank\"><strong>La Nota Azul<\/strong><\/a>, correspondiente al s\u00e1bado 6 de mayo de 2017. Por el aire de radio <a href=\"https:\/\/zumbalaturba.com.ar\/\" target=\"_blank\"><strong>Zumba La Turba<\/strong><\/a>, FM 99.5, C\u00f3rdoba, Argentina. Suenan <strong>Stefano Bollani<\/strong>, <strong>Mazzarino-Fioravanti-Bagnoli<\/strong> Trio, la <strong>Anonimus Big Band<\/strong>, <strong>Rodrigo Dom\u00ednguez<\/strong>, <strong>Coltrane<\/strong> y <strong>BadBadNotGood<\/strong>.<\/span><\/p>\n<p><iframe id=\"audio_18541234\" style=\"border: 1px solid #EEE; box-sizing: border-box; width: 100%;\" src=\"https:\/\/ar.ivoox.com\/es\/player_ej_18541234_4_1.html?c1=ff6600\" width=\"300\" height=\"200\" frameborder=\"0\" scrolling=\"no\" allowfullscreen=\"allowfullscreen\"><\/iframe><\/p>\n<p><span style=\"font-size: 14pt;\">En esta emisi\u00f3n abrimos con la m\u00fasica de <strong>Stefano Bollani<\/strong>, que se va a estar presentando en Argentina en la semana. Brindar\u00e1 dos conciertos, uno en piano solo, otro en el Coliseo con la Orquesta Estable del Teatro Col\u00f3n. Escuchamos m\u00fasica de dos discos: <em><strong>Trio In Germany<\/strong><\/em>, en vivo en 2015 y <em><strong>Arrivano gli Alieni<\/strong><\/em>, del mismo a\u00f1o, con Bollani solo en el piano y en el fender rhodes.<\/span><\/p>\n<p><span style=\"font-size: 14pt;\">Luego, todav\u00eda en Italia, escuchamos el \u00e1lbum <em><strong>Songs,<\/strong><\/em> firmado por el tr\u00edo de <strong>Giovanni<a href=\"http:\/\/lanotaazul.com.ar\/wp-content\/uploads\/2017\/05\/Mazzarino-Fioravanti-Bagnoli.jpg\"><img fetchpriority=\"high\" decoding=\"async\" class=\"alignright size-medium wp-image-716\" src=\"http:\/\/lanotaazul.com.ar\/wp-content\/uploads\/2017\/05\/Mazzarino-Fioravanti-Bagnoli-300x200.jpg\" alt=\"\" width=\"300\" height=\"200\" \/><\/a> Mazzarino<\/strong> en el piano, <strong>Riccardo Fioravanti<\/strong> en el contrabajo y <strong>Stefano Bagnoli<\/strong> en la bater\u00eda. Escuchamos canciones de <strong>Steve Swallow<\/strong>, <strong>Charlie Haden<\/strong> y <strong>Jerome Kern<\/strong>.<\/span><\/p>\n<p><span style=\"font-size: 14pt;\">Luego es el turno de la <strong>Anonimus Big Band<\/strong> y su \u00e1lbum <em><strong>Mar Rojo<\/strong><\/em>, editado el pasado a\u00f1o 2016. Una big band argentina que nace en 2009, hace m\u00fasica original y encara un trabajo colectivo. La <strong>Anonimus Big Band<\/strong> interpreta m\u00fasica de compositores contempor\u00e1neos como <strong>Juan Cruz de Urquiza<\/strong>, <strong>Guillermo Klein<\/strong>, <strong>Hern\u00e1n Cassibba<\/strong>, <strong>Vladimir Nikolov<\/strong>. Escuchamos <em>Snake<\/em> y <em>Joder<\/em> de <strong>Guillermo Klein<\/strong> y el tema que da t\u00edtulo al \u00e1lbum: <em>Mar Rojo<\/em>, composici\u00f3n de <strong>Hern\u00e1n Cassiba<\/strong>, contrabajista de la banda.<\/span><\/p>\n<p><span style=\"font-size: 14pt;\"><a href=\"http:\/\/lanotaazul.com.ar\/wp-content\/uploads\/2017\/05\/concierto-del-aire.jpg\"><img decoding=\"async\" class=\"alignleft size-medium wp-image-714\" src=\"http:\/\/lanotaazul.com.ar\/wp-content\/uploads\/2017\/05\/concierto-del-aire-150x300.jpg\" alt=\"\" width=\"150\" height=\"300\" \/><\/a>A continuaci\u00f3n comentamos la presentaci\u00f3n del libro <em><strong>El Concierto del Aire<\/strong><\/em> de <strong>Lucas Jos\u00e9 Fern\u00e1ndez<\/strong> y <strong>Miguel \u00c1ngel Dente<\/strong>, sobre el recital de <em>Spinetta y las Bandas Eternas<\/em>, editado por <em>Disconario<\/em>. Escuchamos <strong><em>Soy Sauce<\/em><\/strong>, disco del saxofonista <strong>Rodrigo Dom\u00ednguez<\/strong> , del a\u00f1o 2008, dedicado a la m\u00fasica de <strong>Luis Alberto Spinetta<\/strong>.<\/span><\/p>\n<p><a href=\"http:\/\/lanotaazul.com.ar\/wp-content\/uploads\/2017\/05\/Rodrigo-dominguez-soy-sauce.jpg\"><img decoding=\"async\" class=\"alignright wp-image-717\" src=\"http:\/\/lanotaazul.com.ar\/wp-content\/uploads\/2017\/05\/Rodrigo-dominguez-soy-sauce-300x268.jpg\" alt=\"\" width=\"244\" height=\"218\" \/><\/a><\/p>\n<p><span style=\"font-size: 14pt;\">Despu\u00e9s llega <strong>Jazz En La Tele<\/strong> y presenta <strong><em>Tank on the Moon<\/em><\/strong>, una pel\u00edcula documental francesa del a\u00f1o 2007 sobre el desarrollo, lanzamiento y operaci\u00f3n de robots exploradores sovi\u00e9ticos en la Luna. Un paso gigante en la ciencia y pasos gigantes son la m\u00fasica: suena <em>Giant Steps<\/em> de <strong>John Coltrane<\/strong>.<\/span><\/p>\n<p><span style=\"font-size: 14pt;\">Y cerramos con la m\u00fasica de <strong>BadBadNotGood<\/strong>, grupo canadiense que incorpora al jazz, el hip hop, los sonidos electr\u00f3nicos y otras proyecciones. Estuvieron tocando en vivo en Argentina la semana pasada.\u00a0<\/span><span style=\"font-size: 14pt;\">Seg\u00fan La Naci\u00f3n, jazz para millennials. Escuchamos algo de su primer \u00e1lbum, <strong><em>BBNG<\/em><\/strong> de 2011.<\/span><\/p>\n<p><span style=\"font-size: 14pt;\">Todo eso y mucho m\u00e1s en dos horas de m\u00fasica, jazz y radio: <a href=\"http:\/\/lanotaazul.com.ar\/\" target=\"_blank\"><strong>La Nota Azul Jazz Federal Club<\/strong><\/a>.\u00a0<\/span><\/p>\n<div class='share-to-whatsapp-wrapper'><div class='share-on-whsp'>Share on: <\/div><div class='clear '><\/div><\/div>","protected":false},"excerpt":{"rendered":"<p>Programa n\u00famero 95 de La Nota Azul, correspondiente al s\u00e1bado 6 de mayo de 2017. Por el aire de radio Zumba La Turba, FM 99.5, C\u00f3rdoba, Argentina. Suenan Stefano Bollani, Mazzarino-Fioravanti-Bagnoli Trio, la Anonimus Big Band, Rodrigo Dom\u00ednguez, Coltrane y BadBadNotGood. En esta emisi\u00f3n abrimos con la m\u00fasica de Stefano Bollani, que se va a [&hellip;]<\/p>\n","protected":false},"author":14,"featured_media":3053,"comment_status":"open","ping_status":"open","sticky":false,"template":"","format":"standard","meta":{"footnotes":""},"categories":[261],"tags":[81,52,293,305,296,166],"class_list":["post-3052","post","type-post","status-publish","format-standard","has-post-thumbnail","hentry","category-la-nota-azul","tag-agenda-cultural","tag-cultura","tag-jazz","tag-jazz-federal-club","tag-la-nota-azul","tag-musica"],"_links":{"self":[{"href":"https:\/\/zumbalaturba.com.ar\/index.php?rest_route=\/wp\/v2\/posts\/3052","targetHints":{"allow":["GET"]}}],"collection":[{"href":"https:\/\/zumbalaturba.com.ar\/index.php?rest_route=\/wp\/v2\/posts"}],"about":[{"href":"https:\/\/zumbalaturba.com.ar\/index.php?rest_route=\/wp\/v2\/types\/post"}],"author":[{"embeddable":true,"href":"https:\/\/zumbalaturba.com.ar\/index.php?rest_route=\/wp\/v2\/users\/14"}],"replies":[{"embeddable":true,"href":"https:\/\/zumbalaturba.com.ar\/index.php?rest_route=%2Fwp%2Fv2%2Fcomments&post=3052"}],"version-history":[{"count":0,"href":"https:\/\/zumbalaturba.com.ar\/index.php?rest_route=\/wp\/v2\/posts\/3052\/revisions"}],"wp:featuredmedia":[{"embeddable":true,"href":"https:\/\/zumbalaturba.com.ar\/index.php?rest_route=\/wp\/v2\/media\/3053"}],"wp:attachment":[{"href":"https:\/\/zumbalaturba.com.ar\/index.php?rest_route=%2Fwp%2Fv2%2Fmedia&parent=3052"}],"wp:term":[{"taxonomy":"category","embeddable":true,"href":"https:\/\/zumbalaturba.com.ar\/index.php?rest_route=%2Fwp%2Fv2%2Fcategories&post=3052"},{"taxonomy":"post_tag","embeddable":true,"href":"https:\/\/zumbalaturba.com.ar\/index.php?rest_route=%2Fwp%2Fv2%2Ftags&post=3052"}],"curies":[{"name":"wp","href":"https:\/\/api.w.org\/{rel}","templated":true}]}}