{"id":3129,"date":"2017-05-14T06:31:35","date_gmt":"2017-05-14T06:31:35","guid":{"rendered":"http:\/\/zumbalaturba.com.ar\/?p=3129"},"modified":"2017-05-14T06:31:35","modified_gmt":"2017-05-14T06:31:35","slug":"jazz-federal-y-neurociencia-desde-san-juan-tito-oliva-en-la-nota-azul","status":"publish","type":"post","link":"https:\/\/zumbalaturba.com.ar\/?p=3129","title":{"rendered":"Jazz Federal y Neurociencia. Desde San Juan: Tito Oliva en La Nota Azul!"},"content":{"rendered":"<p style=\"padding-left: 120px;\"><span style=\"font-size: 14pt;\">En este programa n\u00famero 96 de <a href=\"http:\/\/lanotaazul.com.ar\/\" target=\"_blank\"><strong>La Nota Azul<\/strong><\/a>, correspondiente al s\u00e1bado 13 de mayo de 2017, recibimos la visita de <a href=\"https:\/\/www.facebook.com\/tito.oliva.14\" target=\"_blank\"><strong>Tito Oliva<\/strong><\/a>, m\u00fasico, pianista y compositor de larga trayectoria, que llega desde San Juan. Dialogamos sobre su m\u00fasica, sobre la escena del jazz en el pa\u00eds, en su provincia y en distintas partes del mundo, y&#8230; sobre <em>Neurociencia<\/em>! Por el aire de radio <a href=\"https:\/\/www.facebook.com\/zumba.laturba\/\" target=\"_blank\"><strong>Zumba La Turba<\/strong><\/a>, FM 99.5, C\u00f3rdoba, Argentina.<\/span><\/p>\n<p><iframe id=\"audio_18669865\" style=\"border: 1px solid #EEE; box-sizing: border-box; width: 100%;\" src=\"https:\/\/ar.ivoox.com\/es\/player_ej_18669865_4_1.html?c1=ff6600\" width=\"300\" height=\"200\" frameborder=\"0\" scrolling=\"no\" allowfullscreen=\"allowfullscreen\"><\/iframe><\/p>\n<p>&nbsp;<\/p>\n<p><span style=\"font-size: 14pt;\">Abrimos con la la m\u00fasica de <strong>Ben van den Dungen<\/strong>, saxofonista holand\u00e9s que fue visita<a href=\"http:\/\/lanotaazul.com.ar\/wp-content\/uploads\/2017\/05\/NATC-ZW11.jpg\"><img fetchpriority=\"high\" decoding=\"async\" class=\"alignright size-medium wp-image-738\" src=\"http:\/\/lanotaazul.com.ar\/wp-content\/uploads\/2017\/05\/NATC-ZW11-300x300.jpg\" alt=\"\" width=\"300\" height=\"300\" \/><\/a> en el \u00faltimo <em>Festival Internacional de Jazz de C\u00f3rdoba<\/em>. Nacido el 29 de octubre de 1960 en La Haya, <strong>Ben van den Dungen<\/strong> fue miembro del grupo europeo de jazz latino <em><strong>Nueva Manteca<\/strong><\/em>. Fund\u00f3 un quinteto junto a <strong>Jarmo Hoogendijk<\/strong>, que recorri\u00f3 con \u00e9xito toda Europa desde 1985 hasta 2004 y present\u00f3 varios discos. Interesado en la <em>world music<\/em>, realiz\u00f3 estudios en Cuba, Colombia y la India. Adem\u00e1s de su propio cuarteto, tambi\u00e9n particip\u00f3 en grupos como <em><strong>Fra Fra Sound<\/strong><\/em> y <strong><em>Tango Extremo<\/em><\/strong>. Escuchamos su \u00e1lbum <em><strong>A Night At The Club<\/strong><\/em>, grabado en vivo en 2014 en el <em>Caf\u00e9 Central de Madrid<\/em> con el <strong>Ben van den Dungen Quartet<\/strong>.<\/span><\/p>\n<p>&nbsp;<\/p>\n<p><span style=\"font-size: 14pt;\"><a href=\"http:\/\/lanotaazul.com.ar\/wp-content\/uploads\/2017\/05\/the-bad-plus-joshua-redman-900sq.jpg\"><img decoding=\"async\" class=\"alignleft size-medium wp-image-741\" src=\"http:\/\/lanotaazul.com.ar\/wp-content\/uploads\/2017\/05\/the-bad-plus-joshua-redman-900sq-300x300.jpg\" alt=\"\" width=\"300\" height=\"300\" \/><\/a>Luego presentamos el disco de <strong>The Bad Plus<\/strong> con <strong>Joshua Redman<\/strong> del a\u00f1o 2015, integrado completamente por composiciones originales del tr\u00edo y del saxofonista.<\/span><\/p>\n<p><span style=\"font-size: 14pt;\">En el <strong>Jazz Federal Club<\/strong>, recibimos la visita de <a href=\"http:\/\/www.titooliva.com\/\" target=\"_blank\"><strong>Tito Oliva<\/strong><\/a>, pianista y compositor de San Juan que lleg\u00f3 a C\u00f3rdoba por un proyecto ligado a la Facultad de Psicolog\u00eda de la Facultad de Filosof\u00eda y Humanidades. <em>\u00bfQu\u00e9 papel juega la m\u00fasica (en particular el jazz) en la neurociencia?<\/em> Esa es una de las preguntas que intentamos no ya responder, pero s\u00ed al menos formular de forma coherente con el equipo de investigaci\u00f3n que visit\u00f3 el programa.<\/span><\/p>\n<p>&nbsp;<\/p>\n<p>&nbsp;<\/p>\n<p><span style=\"font-size: 14pt;\">Presentamos la m\u00fasica de <strong>Roberto Tito Oliva<\/strong>, m\u00fasico de larga trayectoria y formaci\u00f3n, <a href=\"http:\/\/lanotaazul.com.ar\/wp-content\/uploads\/2017\/05\/WP_20170513_004.jpg\"><img decoding=\"async\" class=\"alignright size-medium wp-image-745\" src=\"http:\/\/lanotaazul.com.ar\/wp-content\/uploads\/2017\/05\/WP_20170513_004-300x169.jpg\" alt=\"\" width=\"300\" height=\"169\" \/><\/a>que se mueve entre la m\u00fasica de tradici\u00f3n acad\u00e9mica y popular, con obras cl\u00e1sicas, trabajos que incursionan en el folklore, la canci\u00f3n y por supuesto, el jazz. Escuchamos algunos de sus discos: &#8220;<em><strong>Transcordillerano&#8221;<\/strong><\/em>, &#8220;<em><strong>Caminos de cornisa<\/strong><\/em>&#8221; y su \u00faltimo \u00e1lbum &#8220;<em><strong>Abriendo caminos en tu coraz\u00f3n<\/strong><\/em>&#8220;. Una charla imperdible con <strong>Tito Oliva<\/strong> sobre la escena del jazz en San Juan, su idea del &#8220;<em>jazz cordillerano<\/em>&#8220;, las relaciones entre la m\u00fasica y las artes visuales, la poes\u00eda de <strong>Jorge Leonidas Escudero<\/strong> y la ciencia, entre otros varios temas.<\/span><\/p>\n<p>&nbsp;<\/p>\n<div id='gallery-1' class='gallery galleryid-3129 gallery-columns-3 gallery-size-medium'><figure class='gallery-item'>\n\t\t\t<div class='gallery-icon portrait'>\n\t\t\t\t<a href='https:\/\/zumbalaturba.com.ar\/wp-content\/uploads\/2017\/05\/Tito-Oliva-Transcordillerano.jpg'><img loading=\"lazy\" decoding=\"async\" width=\"300\" height=\"300\" src=\"https:\/\/zumbalaturba.com.ar\/wp-content\/uploads\/2017\/05\/Tito-Oliva-Transcordillerano-300x300.jpg\" class=\"attachment-medium size-medium\" alt=\"\" srcset=\"https:\/\/zumbalaturba.com.ar\/wp-content\/uploads\/2017\/05\/Tito-Oliva-Transcordillerano-300x300.jpg 300w, https:\/\/zumbalaturba.com.ar\/wp-content\/uploads\/2017\/05\/Tito-Oliva-Transcordillerano.jpg 590w\" sizes=\"(max-width: 300px) 100vw, 300px\" \/><\/a>\n\t\t\t<\/div><\/figure><figure class='gallery-item'>\n\t\t\t<div class='gallery-icon landscape'>\n\t\t\t\t<a href='https:\/\/zumbalaturba.com.ar\/wp-content\/uploads\/2017\/05\/Tito-Oliva-caminos-de-cornisa.jpg'><img loading=\"lazy\" decoding=\"async\" width=\"300\" height=\"300\" src=\"https:\/\/zumbalaturba.com.ar\/wp-content\/uploads\/2017\/05\/Tito-Oliva-caminos-de-cornisa-300x300.jpg\" class=\"attachment-medium size-medium\" alt=\"\" srcset=\"https:\/\/zumbalaturba.com.ar\/wp-content\/uploads\/2017\/05\/Tito-Oliva-caminos-de-cornisa-300x300.jpg 300w, https:\/\/zumbalaturba.com.ar\/wp-content\/uploads\/2017\/05\/Tito-Oliva-caminos-de-cornisa.jpg 460w\" sizes=\"(max-width: 300px) 100vw, 300px\" \/><\/a>\n\t\t\t<\/div><\/figure><figure class='gallery-item'>\n\t\t\t<div class='gallery-icon portrait'>\n\t\t\t\t<a href='https:\/\/zumbalaturba.com.ar\/wp-content\/uploads\/2017\/05\/Tito-Oliva-Abriendo-caminos.jpg'><img loading=\"lazy\" decoding=\"async\" width=\"300\" height=\"300\" src=\"https:\/\/zumbalaturba.com.ar\/wp-content\/uploads\/2017\/05\/Tito-Oliva-Abriendo-caminos-300x300.jpg\" class=\"attachment-medium size-medium\" alt=\"\" srcset=\"https:\/\/zumbalaturba.com.ar\/wp-content\/uploads\/2017\/05\/Tito-Oliva-Abriendo-caminos-300x300.jpg 300w, https:\/\/zumbalaturba.com.ar\/wp-content\/uploads\/2017\/05\/Tito-Oliva-Abriendo-caminos.jpg 590w\" sizes=\"(max-width: 300px) 100vw, 300px\" \/><\/a>\n\t\t\t<\/div><\/figure>\n\t\t<\/div>\n\n<p>&nbsp;<\/p>\n<p><span style=\"font-size: 14pt;\">Todo eso y mucho m\u00e1s en dos horas de <strong>jazz<\/strong>, <strong>m\u00fasica<\/strong>, radio y <strong>neurociencia<\/strong>: <a href=\"https:\/\/www.facebook.com\/lanotaazulradio\/\" target=\"_blank\"><strong>La Nota Azul Jazz Federal Club<\/strong><\/a>.<\/span><\/p>\n<p><img loading=\"lazy\" decoding=\"async\" class=\"aligncenter size-medium wp-image-3134\" src=\"https:\/\/zumbalaturba.com.ar\/wp-content\/uploads\/2017\/05\/WP_20170513_20_14_34_Pro-300x169.jpg\" alt=\"Tito Oliva en La Nota Azul\" width=\"300\" height=\"169\" srcset=\"https:\/\/zumbalaturba.com.ar\/wp-content\/uploads\/2017\/05\/WP_20170513_20_14_34_Pro-300x169.jpg 300w, https:\/\/zumbalaturba.com.ar\/wp-content\/uploads\/2017\/05\/WP_20170513_20_14_34_Pro-768x433.jpg 768w, https:\/\/zumbalaturba.com.ar\/wp-content\/uploads\/2017\/05\/WP_20170513_20_14_34_Pro-1024x577.jpg 1024w, https:\/\/zumbalaturba.com.ar\/wp-content\/uploads\/2017\/05\/WP_20170513_20_14_34_Pro.jpg 1632w\" sizes=\"(max-width: 300px) 100vw, 300px\" \/><\/p>\n<div class='share-to-whatsapp-wrapper'><div class='share-on-whsp'>Share on: <\/div><div class='clear '><\/div><\/div>","protected":false},"excerpt":{"rendered":"<p>En este programa n\u00famero 96 de La Nota Azul, correspondiente al s\u00e1bado 13 de mayo de 2017, recibimos la visita de Tito Oliva, m\u00fasico, pianista y compositor de larga trayectoria, que llega desde San Juan. Dialogamos sobre su m\u00fasica, sobre la escena del jazz en el pa\u00eds, en su provincia y en distintas partes del [&hellip;]<\/p>\n","protected":false},"author":14,"featured_media":3136,"comment_status":"open","ping_status":"open","sticky":false,"template":"","format":"standard","meta":{"footnotes":""},"categories":[261],"tags":[81,52,293,305,296,166],"class_list":["post-3129","post","type-post","status-publish","format-standard","has-post-thumbnail","hentry","category-la-nota-azul","tag-agenda-cultural","tag-cultura","tag-jazz","tag-jazz-federal-club","tag-la-nota-azul","tag-musica"],"_links":{"self":[{"href":"https:\/\/zumbalaturba.com.ar\/index.php?rest_route=\/wp\/v2\/posts\/3129","targetHints":{"allow":["GET"]}}],"collection":[{"href":"https:\/\/zumbalaturba.com.ar\/index.php?rest_route=\/wp\/v2\/posts"}],"about":[{"href":"https:\/\/zumbalaturba.com.ar\/index.php?rest_route=\/wp\/v2\/types\/post"}],"author":[{"embeddable":true,"href":"https:\/\/zumbalaturba.com.ar\/index.php?rest_route=\/wp\/v2\/users\/14"}],"replies":[{"embeddable":true,"href":"https:\/\/zumbalaturba.com.ar\/index.php?rest_route=%2Fwp%2Fv2%2Fcomments&post=3129"}],"version-history":[{"count":0,"href":"https:\/\/zumbalaturba.com.ar\/index.php?rest_route=\/wp\/v2\/posts\/3129\/revisions"}],"wp:featuredmedia":[{"embeddable":true,"href":"https:\/\/zumbalaturba.com.ar\/index.php?rest_route=\/wp\/v2\/media\/3136"}],"wp:attachment":[{"href":"https:\/\/zumbalaturba.com.ar\/index.php?rest_route=%2Fwp%2Fv2%2Fmedia&parent=3129"}],"wp:term":[{"taxonomy":"category","embeddable":true,"href":"https:\/\/zumbalaturba.com.ar\/index.php?rest_route=%2Fwp%2Fv2%2Fcategories&post=3129"},{"taxonomy":"post_tag","embeddable":true,"href":"https:\/\/zumbalaturba.com.ar\/index.php?rest_route=%2Fwp%2Fv2%2Ftags&post=3129"}],"curies":[{"name":"wp","href":"https:\/\/api.w.org\/{rel}","templated":true}]}}