{"id":317,"date":"2013-06-28T12:46:00","date_gmt":"2013-06-28T12:46:00","guid":{"rendered":"http:\/\/zumbalaturba.com.ar\/2013\/06\/28\/comunicado-de-prensa-lanzamiento-de-la-coordinadora-por-la-aparicion-de-yamila-cuello\/"},"modified":"2013-06-28T12:46:00","modified_gmt":"2013-06-28T12:46:00","slug":"comunicado-de-prensa-lanzamiento-de-la-coordinadora-por-la-aparicion-de-yamila-cuello","status":"publish","type":"post","link":"https:\/\/zumbalaturba.com.ar\/?p=317","title":{"rendered":"Comunicado de Prensa Lanzamiento de la Coordinadora por la aparicion de Yamila Cuello"},"content":{"rendered":"<h2><b>&nbsp;&nbsp;&nbsp; Comunicado de Prensa Lanzamiento de la Coordinadora<\/b>&nbsp;<\/h2>\n<h2>&nbsp;&nbsp;&nbsp; &nbsp; &nbsp; &nbsp; &nbsp; &nbsp; &nbsp; &nbsp; &nbsp; &nbsp; &nbsp; por la aparicion de Yamila Cuello <\/h2>\n<p><b>Los y las invitamos este viernes 28 de junio en la plaza San Mart\u00edn a las 16:00hs al  lanzamiento de la \u201cCoordinadora por la Aparici\u00f3n con Vida de Yamila Cuello\u201d.&nbsp;<\/b><\/p>\n<p>Yamila Cuello fue vista por \u00faltima vez el 25 de octubre de 2009 en el barrio Coronel Olmedo de la ciudad de C\u00f3rdoba, se cree que fue secuestrada por las redes de trata que operan en nuestro pa\u00eds.   Esta Coordinadora tiene como objetivos realizar acciones concretas para difundir la b\u00fasqueda de Yamila a nivel nacional, conseguir asesoramiento legal y recaudar fondos para tales fines.     Es por este motivo que nos reunimos ma\u00f1ana a las 16:00hs en la plaza San Martin de la ciudad de C\u00f3rdoba para llevar a cabo una radio abierta, vender bonos de contribuci\u00f3n para la causa, contando con la presencia de varixs artistas invitados.   <\/p>\n<p>Esta coordinadora no cuenta con ninguna ayuda o subsidio por parte de la \u201csecretaria contra la trata\u201d de la provincia de C\u00f3rdoba. A\u00fan hoy la titular de la Secretar\u00eda de Asistencia y Prevenci\u00f3n de la Trata de Personas, Mar\u00eda Amelia Chi\u00f3falo, sigue sin querer atender a los familiares de Yamila.   A m\u00e1s de tres a\u00f1os de la desaparici\u00f3n de Yamila Cuello y al primer a\u00f1o de la sanci\u00f3n de la Ley Provincial N\u00b010060 de \u201cLucha contra la trata\u201d, lejos de haberse desarticulado las redes mafiosas que secuestran, trasladan y explotan personas, lo \u00fanico que se ha logrado es confundir la trata de personas con el trabajo sexual discriminando a las propias trabajadoras sexuales, malgastando los recursos del Estado que debieran ser utilizados para la b\u00fasqueda de Yamila as\u00ed como de otras personas desaparecidas.<\/p>\n<p>Para comunicarse con la Coordinadora por la Aparici\u00f3n con Vida de Yamila Cuello pueden escribir abuscamosayamila@gmail.com o a los  tel\u00e9fonos  (351) 152344111 Soledad Cuello                            (351) 155649571 Noe Gall<\/p>\n<p>&nbsp;&nbsp;&nbsp;&nbsp;&nbsp;&nbsp;&nbsp;&nbsp;&nbsp;&nbsp;&nbsp;&nbsp;&nbsp; Tu participaci\u00f3n es muy importante! Sumate a la lucha contra la trata de personas!!!<\/p>\n<div class='share-to-whatsapp-wrapper'><div class='share-on-whsp'>Share on: <\/div><div class='clear '><\/div><\/div>","protected":false},"excerpt":{"rendered":"<p>&nbsp;&nbsp;&nbsp; Comunicado de Prensa Lanzamiento de la Coordinadora&nbsp; &nbsp;&nbsp;&nbsp; &nbsp; &nbsp; &nbsp; &nbsp; &nbsp; &nbsp; &nbsp; &nbsp; &nbsp; &nbsp; por la aparicion de Yamila Cuello Los y las invitamos este viernes 28 de junio en la plaza San Mart\u00edn a las 16:00hs al lanzamiento de la \u201cCoordinadora por la Aparici\u00f3n con Vida de Yamila Cuello\u201d.&nbsp; [&hellip;]<\/p>\n","protected":false},"author":2,"featured_media":0,"comment_status":"open","ping_status":"open","sticky":false,"template":"","format":"standard","meta":{"footnotes":""},"categories":[5],"tags":[],"class_list":["post-317","post","type-post","status-publish","format-standard","hentry","category-transfeminismos"],"_links":{"self":[{"href":"https:\/\/zumbalaturba.com.ar\/index.php?rest_route=\/wp\/v2\/posts\/317","targetHints":{"allow":["GET"]}}],"collection":[{"href":"https:\/\/zumbalaturba.com.ar\/index.php?rest_route=\/wp\/v2\/posts"}],"about":[{"href":"https:\/\/zumbalaturba.com.ar\/index.php?rest_route=\/wp\/v2\/types\/post"}],"author":[{"embeddable":true,"href":"https:\/\/zumbalaturba.com.ar\/index.php?rest_route=\/wp\/v2\/users\/2"}],"replies":[{"embeddable":true,"href":"https:\/\/zumbalaturba.com.ar\/index.php?rest_route=%2Fwp%2Fv2%2Fcomments&post=317"}],"version-history":[{"count":0,"href":"https:\/\/zumbalaturba.com.ar\/index.php?rest_route=\/wp\/v2\/posts\/317\/revisions"}],"wp:attachment":[{"href":"https:\/\/zumbalaturba.com.ar\/index.php?rest_route=%2Fwp%2Fv2%2Fmedia&parent=317"}],"wp:term":[{"taxonomy":"category","embeddable":true,"href":"https:\/\/zumbalaturba.com.ar\/index.php?rest_route=%2Fwp%2Fv2%2Fcategories&post=317"},{"taxonomy":"post_tag","embeddable":true,"href":"https:\/\/zumbalaturba.com.ar\/index.php?rest_route=%2Fwp%2Fv2%2Ftags&post=317"}],"curies":[{"name":"wp","href":"https:\/\/api.w.org\/{rel}","templated":true}]}}