{"id":3192,"date":"2017-05-21T06:39:18","date_gmt":"2017-05-21T06:39:18","guid":{"rendered":"http:\/\/zumbalaturba.com.ar\/?p=3192"},"modified":"2017-05-21T06:39:18","modified_gmt":"2017-05-21T06:39:18","slug":"jazz-federal-la-musica-que-nunca-deja-de-sonar-de-sonny-rollins-a-daniel-tinte-el-cuchi-leguizamon-y-el-contrabajo-de-gustavo-lorenzatti","status":"publish","type":"post","link":"https:\/\/zumbalaturba.com.ar\/?p=3192","title":{"rendered":"Jazz Federal: la m\u00fasica que nunca deja de sonar. De Sonny Rollins a Daniel Tinte, el Cuchi Leguizam\u00f3n y el contrabajo de Gustavo Lorenzatti"},"content":{"rendered":"<p style=\"padding-left: 150px;\"><em><span style=\"font-size: 14pt;\">Hay una m\u00fasica que nunca deja de sonar y que siempre vuelve. M\u00fasica que no detiene el recorrido y tampoco se pierde en el camino. Lo que perdura es la marca de un estilo&#8230; El coloso <\/span><\/em><strong><span style=\"font-size: 14pt;\">Sonny Rollins<\/span><\/strong><em><span style=\"font-size: 14pt;\"> para abrir este p<\/span><span style=\"font-size: 14pt;\">rograma n\u00famero 97 de <\/span><\/em><a href=\"http:\/\/lanotaazul.com.ar\/\" target=\"_blank\"><strong><span style=\"font-size: 14pt;\">La Nota Azul<\/span><\/strong><\/a><em><span style=\"font-size: 14pt;\">, correspondiente al s\u00e1bado 20 de mayo de 2017. Por radio <\/span><\/em><strong><span style=\"font-size: 14pt;\">Zumba La Turba<\/span><\/strong><em><span style=\"font-size: 14pt;\">, FM 99.5, C\u00f3rdoba, Argentina.<\/span><\/em><\/p>\n<p><iframe id=\"audio_18805234\" style=\"border: 1px solid #EEE; box-sizing: border-box; width: 100%;\" src=\"https:\/\/ar.ivoox.com\/es\/player_ej_18805234_4_1.html?c1=ff6600\" width=\"300\" height=\"200\" frameborder=\"0\" scrolling=\"no\" allowfullscreen=\"allowfullscreen\"><\/iframe><\/p>\n<p><a href=\"http:\/\/lanotaazul.com.ar\/wp-content\/uploads\/2017\/05\/Sonny-Rollins-Vol-1.jpg\" target=\"_blank\"><img fetchpriority=\"high\" decoding=\"async\" class=\"alignright wp-image-770\" src=\"http:\/\/lanotaazul.com.ar\/wp-content\/uploads\/2017\/05\/Sonny-Rollins-Vol-1-298x300.jpg\" width=\"245\" height=\"247\" \/><\/a><\/p>\n<p><span style=\"font-size: 14pt;\">Iniciamos el programa con la m\u00fasica de <strong>Sonny Rollins<\/strong>, de su primer trabajo para el sello <em>Blue Note<\/em>, grabado en diciembre de 1956, con <strong>Donald Byrd<\/strong> en la trompeta, <strong>Wynton Kelly<\/strong> en el piano, <strong>Gene Ramey<\/strong> en el contrabajo, <strong>Max Roach<\/strong> en la bater\u00eda y por supuesto, el saxo tenor de <strong>Sonny Rollins<\/strong>.<\/span><\/p>\n<p><span style=\"font-size: 14pt;\">Luego nos metemos en la m\u00fasica de <strong>Chris Cornell<\/strong> a trav\u00e9s del prisma del piano de <strong>Brad Mehldau<\/strong> y su tr\u00edo con <strong>Larry Grenadier<\/strong> en el contrabajo y <strong>Jeff Ballard<\/strong> en la bater\u00eda. Escuchamos su versi\u00f3n de &#8220;<em>Black Hole Sun<\/em>&#8221; de <strong>Soundgarden<\/strong>.<\/span><\/p>\n<p><a href=\"http:\/\/lanotaazul.com.ar\/wp-content\/uploads\/2017\/05\/Brad-Mehldau-Trio-Live.jpg\" target=\"_blank\"><img decoding=\"async\" class=\"aligncenter wp-image-765 size-medium\" src=\"http:\/\/lanotaazul.com.ar\/wp-content\/uploads\/2017\/05\/Brad-Mehldau-Trio-Live-300x267.jpg\" width=\"300\" height=\"267\" \/><\/a><\/p>\n<p>&nbsp;<\/p>\n<p><span style=\"font-size: 14pt;\">El <strong>Jazz Federal Club<\/strong> viene cargado. Dialogamos con el gran pianista de Salta <strong>Daniel Tinte<\/strong>, que acaba de inaugurar la <a href=\"https:\/\/www.facebook.com\/Escuela-de-M%C3%BAsica-Popular-Gustavo-Cuchi-Leguizam%C3%B3n-1938159399804316\/\" target=\"_blank\"><strong>Escuela de M\u00fasica Popular Gustavo Cuchi Leguizam\u00f3n<\/strong><\/a>. Charlamos sobre el plantel docente, el proyecto de la escuela, las perspectivas y la oportunidad de su apertura. Y, claro, sobre la m\u00fasica en la que est\u00e1 trabajando el incansable <strong>Daniel Tinte<\/strong>. Escuchamos <em>Electric Joi Joi<\/em>.<\/span><\/p>\n<p><a href=\"http:\/\/lanotaazul.com.ar\/wp-content\/uploads\/2017\/05\/escuela-cuchi-leguizam\u00f3n.jpeg\" target=\"_blank\"><img decoding=\"async\" class=\"aligncenter wp-image-768 size-medium\" src=\"http:\/\/lanotaazul.com.ar\/wp-content\/uploads\/2017\/05\/escuela-cuchi-leguizam\u00f3n-300x300.jpeg\" width=\"300\" height=\"300\" \/><\/a><\/p>\n<p>&nbsp;<\/p>\n<p><span style=\"font-size: 14pt;\">A continuaci\u00f3n, es el turno de <strong>Gustavo Lorenzatti<\/strong> y su disco <em><strong>Buenas Nuevas (music for solo doublebass)<\/strong><\/em>, grabado en 2005 y editado en 2009 por <em>BAU Records<\/em>. Una m\u00fasica creativa, ecl\u00e9ctica, original y sobre todo, bien hecha, s\u00f3lo con el contrabajo. Suena tambi\u00e9n el <strong>Tr\u00edo Desatanudos<\/strong> con <strong>Dar\u00edo \u00edscaro<\/strong> en guitarra, <strong>Fernando Caballero<\/strong> en bater\u00eda y <strong>Gustavo Lorenzatti<\/strong> en contrabajo. Escuchamos su disco de 2011 <em><strong>El rey de las palabras<\/strong><\/em>.<\/span><\/p>\n<p><span class=\"alignnone\" style=\"font-size: 14pt;\">Cerramos con lo nuevo de <strong>Bob Dylan<\/strong>: <a href=\"http:\/\/lanotaazul.com.ar\/wp-content\/uploads\/2017\/05\/Bob-Dylan-Triplicate.jpg\"><img loading=\"lazy\" decoding=\"async\" class=\"alignright size-medium wp-image-772\" src=\"http:\/\/lanotaazul.com.ar\/wp-content\/uploads\/2017\/05\/Bob-Dylan-Triplicate-300x300.jpg\" alt=\"\" width=\"300\" height=\"300\" \/><\/a><em><strong>Triplicate<\/strong><\/em>, un disco triple que lo vuelve a\u00a0mostrar en su faceta de crooner. Ronco y \u00e1spero, pero con sello propio en canciones a\u00f1ejadas y apropiadas.<\/span><\/p>\n<p>&nbsp;<\/p>\n<p><span style=\"font-size: 14pt;\">Todo eso y mucho m\u00e1s en dos horas de jazz, m\u00fasica y radio.<\/span><\/p>\n<p>&nbsp;<\/p>\n<p><span style=\"font-size: 14pt;\">Aqu\u00ed tambi\u00e9n el audio del <a href=\"http:\/\/lanotaazul.com.ar\/programas\/jazz-federal-la-musica-que-nunca-deja-de-sonar-de-sonny-rollins-a-daniel-tinte-el-cuchi-leguizamon-y-el-contrabajo-de-gustavo-lorenzatti\/\" target=\"_blank\">programa<\/a>:<\/span><\/p>\n<audio class=\"wp-audio-shortcode\" id=\"audio-3192-1\" preload=\"none\" style=\"width: 100%;\" controls=\"controls\"><source type=\"audio\/mpeg\" src=\"http:\/\/lanotaazul.com.ar\/wp-content\/uploads\/2017\/05\/11-La-Nota-Azul-20-05-2017.mp3?_=1\" \/><a href=\"http:\/\/lanotaazul.com.ar\/wp-content\/uploads\/2017\/05\/11-La-Nota-Azul-20-05-2017.mp3\">http:\/\/lanotaazul.com.ar\/wp-content\/uploads\/2017\/05\/11-La-Nota-Azul-20-05-2017.mp3<\/a><\/audio>\n<div class='share-to-whatsapp-wrapper'><div class='share-on-whsp'>Share on: <\/div><div class='clear '><\/div><\/div>","protected":false},"excerpt":{"rendered":"<p>Hay una m\u00fasica que nunca deja de sonar y que siempre vuelve. M\u00fasica que no detiene el recorrido y tampoco se pierde en el camino. Lo que perdura es la marca de un estilo&#8230; El coloso Sonny Rollins para abrir este programa n\u00famero 97 de La Nota Azul, correspondiente al s\u00e1bado 20 de mayo de [&hellip;]<\/p>\n","protected":false},"author":14,"featured_media":3193,"comment_status":"open","ping_status":"open","sticky":false,"template":"","format":"standard","meta":{"footnotes":""},"categories":[261],"tags":[81,52,293,305,296,166],"class_list":["post-3192","post","type-post","status-publish","format-standard","has-post-thumbnail","hentry","category-la-nota-azul","tag-agenda-cultural","tag-cultura","tag-jazz","tag-jazz-federal-club","tag-la-nota-azul","tag-musica"],"_links":{"self":[{"href":"https:\/\/zumbalaturba.com.ar\/index.php?rest_route=\/wp\/v2\/posts\/3192","targetHints":{"allow":["GET"]}}],"collection":[{"href":"https:\/\/zumbalaturba.com.ar\/index.php?rest_route=\/wp\/v2\/posts"}],"about":[{"href":"https:\/\/zumbalaturba.com.ar\/index.php?rest_route=\/wp\/v2\/types\/post"}],"author":[{"embeddable":true,"href":"https:\/\/zumbalaturba.com.ar\/index.php?rest_route=\/wp\/v2\/users\/14"}],"replies":[{"embeddable":true,"href":"https:\/\/zumbalaturba.com.ar\/index.php?rest_route=%2Fwp%2Fv2%2Fcomments&post=3192"}],"version-history":[{"count":0,"href":"https:\/\/zumbalaturba.com.ar\/index.php?rest_route=\/wp\/v2\/posts\/3192\/revisions"}],"wp:featuredmedia":[{"embeddable":true,"href":"https:\/\/zumbalaturba.com.ar\/index.php?rest_route=\/wp\/v2\/media\/3193"}],"wp:attachment":[{"href":"https:\/\/zumbalaturba.com.ar\/index.php?rest_route=%2Fwp%2Fv2%2Fmedia&parent=3192"}],"wp:term":[{"taxonomy":"category","embeddable":true,"href":"https:\/\/zumbalaturba.com.ar\/index.php?rest_route=%2Fwp%2Fv2%2Fcategories&post=3192"},{"taxonomy":"post_tag","embeddable":true,"href":"https:\/\/zumbalaturba.com.ar\/index.php?rest_route=%2Fwp%2Fv2%2Ftags&post=3192"}],"curies":[{"name":"wp","href":"https:\/\/api.w.org\/{rel}","templated":true}]}}