{"id":3223,"date":"2017-05-26T02:47:20","date_gmt":"2017-05-26T02:47:20","guid":{"rendered":"http:\/\/zumbalaturba.com.ar\/?p=3223"},"modified":"2017-05-26T02:48:37","modified_gmt":"2017-05-26T02:48:37","slug":"dahyana-en-libertad-la-lucha-de-las-mujeres-organizadas-nos-lleva-a-conseguir-batallas-ganadas","status":"publish","type":"post","link":"https:\/\/zumbalaturba.com.ar\/?p=3223","title":{"rendered":"Dahyana en libertad: \u201cla lucha de las mujeres organizadas nos lleva a conseguir batallas ganadas\u201d"},"content":{"rendered":"<p class=\"western\"><i><img decoding=\"async\" class=\"size-medium wp-image-3225 alignleft\" src=\"https:\/\/zumbalaturba.com.ar\/wp-content\/uploads\/2017\/05\/WhatsApp-Image-2017-05-23-at-00.25.24-300x160.jpeg\" alt=\"WhatsApp Image 2017-05-23 at 00.25.24\" width=\"300\" height=\"160\" srcset=\"https:\/\/zumbalaturba.com.ar\/wp-content\/uploads\/2017\/05\/WhatsApp-Image-2017-05-23-at-00.25.24-300x160.jpeg 300w, https:\/\/zumbalaturba.com.ar\/wp-content\/uploads\/2017\/05\/WhatsApp-Image-2017-05-23-at-00.25.24.jpeg 617w\" sizes=\"(max-width: 300px) 100vw, 300px\" \/>Por Natalia Di Marco para Zumba la Turba y Marcha. <\/i>En la ma\u00f1ana del martes 23 de mayo, integrantes de la <a href=\"https:\/\/libertadparadayana.wordpress.com\/\">Mesa por la Libertad de Dahyana<\/a> Gorosito brindaron una conferencia de prensa con el fin de difundir las \u00faltimas novedades de la causa en la que se juzga a la joven por la muerte de su beba reci\u00e9n nacida a manos de su pareja.<\/p>\n<p class=\"western\">A una semana de que Dahyana recuperara su libertad luego de un a\u00f1o de injusta prisi\u00f3n, las integrantes de la <strong>Mesa de Trabajo Libertad para Dahyana<\/strong> compartieron detalles del proceso judicial que contin\u00faa en los tribunales cordobeses, pero hoy con la joven en libertad y con nuevas posibilidades de rehacer su vida junto a su hijo de 4 a\u00f1os.<\/p>\n<p><iframe src=\"http:\/\/ar.ivoox.com\/es\/player_ej_18854765_2_1.html?data=kp2ll5mbepahhpywj5WdaZS1kp6ah5yncZOhhpywj5WRaZi3jpWah5yncaXVyd7O0MaPkMrW08qSlKiPp9Dix8rfx9PHrcKfxcqY0tfJstTVjoqkpZK2pcXd0JDH19LGpYzgwpDB19fGpY6ZmKialg..&amp;\" width=\"100%\" height=\"200\" frameborder=\"0\" scrolling=\"no\" allowfullscreen=\"allowfullscreen\"><\/iframe><\/p>\n<p class=\"western\">Cabe recordar que en la madrugada del 19 de mayo de 2016, Luis Oron\u00e1, en ese entonces la pareja de Dahyana, la oblig\u00f3 a parir en un descampado de la localidad de Unquillo (C\u00f3rdoba), llev\u00e1ndose a la beba reci\u00e9n nacida que fue hallada muerta semanas despu\u00e9s. Posteriormente, la Fiscal Balestrini decidi\u00f3 imputarla por homicidio agravado por el v\u00ednculo <b>por omisi\u00f3n<\/b>, por entender que ella debi\u00f3 haber intervenido para impedir que Oron\u00e1 se llevara a la beba.<\/p>\n<p class=\"western\">Las abogadas <strong>Mariela Guevara y Melina Canesini, integrantes del Espacio Jur\u00eddico Deodoro Roca<\/strong> y patrocinantes de Dahyana, reconstruyeron lo sucedido en las \u00faltimas semanas, a partir de que se diera a conocer el 17 de mayo el fallo de la C\u00e1mara de Acusaci\u00f3n. En el mismo, explica Guevara, la C\u00e1mara decide ratificar la elevaci\u00f3n a juicio de la causa pero tambi\u00e9n \u201c<em>manifiesta que existen indicios de violencia de g\u00e9nero, que la fiscal\u00eda y el juzgado de control no hab\u00edan hecho un an\u00e1lisis con perspectiva de g\u00e9nero, algo que est\u00e1n obligados por las convenciones internacionales. Indicios que se\u00f1alan que Dahyana en realidad no pudo actuar ni ten\u00eda su voluntad libre por estar en condiciones de violencia de g\u00e9nero<\/em>\u201d.<\/p>\n<p class=\"western\">El llamado de atenci\u00f3n de la C\u00e1mara, consensuado entre sus tres miembros, es fundamental ya que afirman que ni la fiscal de violencia Mercedes Balestrini ni el Juzgado de Control N\u00ba 6 abordaron la causa desde una perspectiva de g\u00e9nero, y por lo tanto no tuvieron en cuenta ni consideraron \u201c<em>un mont\u00f3n de prueba que indicaba justamente toda esta condici\u00f3n y situaci\u00f3n en su vida<\/em>\u201d. En palabras de la Dra. Farias, que directamente considera que est\u00e1 acreditada la inocencia de Dahyana, la joven \u201c<em>no tuvo posibilidades de actuar y corresponder\u00eda el sobreseimiento<\/em>\u201d. Los otros dos integrantes, aunque coincidieron en la falta de abordaje de g\u00e9nero, entendieron necesaria todav\u00eda la instancia del juicio oral y p\u00fablico. \u201c<em>Por ende <\/em>-contin\u00faa la abogada-,<em> con dos votos contra uno se confirma y va a juicio pero justamente para debatir estos puntos, si realmente ella pudo salir como la acusa la fiscal\u00eda, en una posici\u00f3n de garante y haber impedido que su pareja en ese momento se lleve a la beba y suceda lo que sucedi\u00f3<\/em>\u201d. Desde la defensa de Dahyana se solicitar\u00e1 la absoluci\u00f3n \u201c<em>justamente por seguir convencidas de que ella es inocente y que no tuvo posibilidades de actuar y de que es tambi\u00e9n v\u00edctima de quien fue su pareja y sufr\u00eda violencia por \u00e9l<\/em>\u201d.<\/p>\n<p class=\"western\">Adem\u00e1s, su relevancia excede la situaci\u00f3n de Dahyana ya que est\u00e1 indicando que <em>\u201c\u00e9sta es una forma de mirar las causas en las que est\u00e1n involucradas las mujeres. Hay que tener en cuenta una serie de condiciones de su propia vida que si no se las aborda desde una perspectiva de g\u00e9nero quedan invisibilizadas y pueden pasar a ser criminalizadas (\u2026) Creemos que eso es crucial y a su vez que el fallo manifiesta, justamente, las convenciones, las leyes que rigen en la Argentina con respecto a la violencia hacia las mujeres\u201d.<\/em> Cualquier semejanza con lo sucedido con Reina Maraz en Buenos Aires, o Bel\u00e9n en Tucum\u00e1n, no es pura coincidencia.<\/p>\n<p class=\"western\">La abogada se\u00f1ala adem\u00e1s que uno de los antecedentes citados fue \u201c<em>el de [Gonzalo] Lizarralde, donde el Tribunal Superior de C\u00f3rdoba da vuelta el fallo de la C\u00e1mara justamente porque no se tuvo en cuenta esta perspectiva de g\u00e9nero<\/em>\u201d. En ese fallo, el TSJ estableci\u00f3 que el crimen de Paola Acosta se trat\u00f3 efectivamente un femicidio, se\u00f1alando asimismo el marco de la violencia de g\u00e9nero en el que ocurri\u00f3.<\/p>\n<p class=\"western\">Aunque aun no se conoce la fecha en que se sustanciar\u00e1 el juicio de Dahyana, s\u00ed se dio a conocer que estar\u00e1 a cargo de la C\u00e1mara del Crimen 12a.<\/p>\n<p class=\"western\"><b>Para cada una, la libertad<\/b><\/p>\n<p class=\"western\">Mariela no duda cuando le preguntan a qu\u00e9 se debi\u00f3 el giro en el abordaje jur\u00eddico de la situaci\u00f3n de Dahyana. \u201c<em>Creemos<\/em> -afirma- <em>que se debe a la movilizaci\u00f3n social, desde el espacio Deodoro Roca, m\u00e1s la Mesa por la Libertad para Dahyana, todo el trabajo que se hizo con las organizaciones, el trabajo p\u00fablico, me parece que eso fue importante para poner de manifiesto toda esta situaci\u00f3n<\/em>\u201d.<\/p>\n<p class=\"western\">As\u00ed como con Reina y Bel\u00e9n, la vida de Dahyana cambi\u00f3 cuando su causa lleg\u00f3 a o\u00eddos y manos de espacios de militancia feminista, que exigen una lectura de las decisiones judiciales que vaya m\u00e1s all\u00e1 de lo netamente t\u00e9cnico-jur\u00eddico para enmarcarlas en las estructuras patriarcales de poder que atraviesan las instituciones. Denunciar en el espacio p\u00fablico esas estructuras y su materializaci\u00f3n en fallos profundamente sesgados por el machismo es parte de la tarea que estos espacios asumen cuando toman como propia la reivindicaci\u00f3n de libertad y justicia para estas mujeres v\u00edctimas de m\u00faltiples violencias. Adem\u00e1s del acompa\u00f1amiento afectivo y de todo tipo a las mujeres y j\u00f3venes injustamente criminalizadas.<\/p>\n<p class=\"western\">Melina Canesini, otra de las abogadas del Deodoro, recupera el trabajo de la Mesa de Libertad para Dahyana en el espacio de organizaci\u00f3n de la marcha #NiUnaMenos que tendr\u00e1 lugar el pr\u00f3ximo 3 de junio, donde, explica, \u201c<em>hab\u00edamos pedido la libertad por Dahyana. Creo que la consigna general tambi\u00e9n est\u00e1 en esto de abajo la justicia patriarcal, que los femicidios son causas muy vinculadas a la violencia de g\u00e9nero y que [la libertad de Dahyana] tiene un impacto positivo. Sabemos -afirma- que la lucha de las mujeres organizadas nos lleva a conseguir estas reivindicaciones, estas peque\u00f1as batallas ganadas<\/em>\u201d.<\/p>\n<p>Las integrantes de la Mesa coinciden en que a\u00fan resta un largo camino de trabajo y movilizaci\u00f3n, ahora junto a Dahyana libre, acompa\u00f1ando su proceso y visibilizando el caso <strong>en pos de la absoluci\u00f3n total y definitiva<\/strong>. Para que de este modo Dahyana pueda, a sus muy j\u00f3venes 21 a\u00f1os, proyectar y concretar la vida que desea junto a su hijo.<\/p>\n<div class='share-to-whatsapp-wrapper'><div class='share-on-whsp'>Share on: <\/div><div class='clear '><\/div><\/div>","protected":false},"excerpt":{"rendered":"<p>Por Natalia Di Marco para Zumba la Turba y Marcha. En la ma\u00f1ana del martes 23 de mayo, integrantes de la Mesa por la Libertad de Dahyana Gorosito brindaron una conferencia de prensa con el fin de difundir las \u00faltimas novedades de la causa en la que se juzga a la joven por la muerte [&hellip;]<\/p>\n","protected":false},"author":6,"featured_media":3224,"comment_status":"open","ping_status":"open","sticky":false,"template":"","format":"standard","meta":{"footnotes":""},"categories":[18,5],"tags":[505,7,335,570,626,567],"class_list":["post-3223","post","type-post","status-publish","format-standard","has-post-thumbnail","hentry","category-elm","category-transfeminismos","tag-dayana-gorosito","tag-feminismos","tag-generos","tag-justicia","tag-libertad-para-dahyana","tag-violencia-de-genero"],"_links":{"self":[{"href":"https:\/\/zumbalaturba.com.ar\/index.php?rest_route=\/wp\/v2\/posts\/3223","targetHints":{"allow":["GET"]}}],"collection":[{"href":"https:\/\/zumbalaturba.com.ar\/index.php?rest_route=\/wp\/v2\/posts"}],"about":[{"href":"https:\/\/zumbalaturba.com.ar\/index.php?rest_route=\/wp\/v2\/types\/post"}],"author":[{"embeddable":true,"href":"https:\/\/zumbalaturba.com.ar\/index.php?rest_route=\/wp\/v2\/users\/6"}],"replies":[{"embeddable":true,"href":"https:\/\/zumbalaturba.com.ar\/index.php?rest_route=%2Fwp%2Fv2%2Fcomments&post=3223"}],"version-history":[{"count":0,"href":"https:\/\/zumbalaturba.com.ar\/index.php?rest_route=\/wp\/v2\/posts\/3223\/revisions"}],"wp:featuredmedia":[{"embeddable":true,"href":"https:\/\/zumbalaturba.com.ar\/index.php?rest_route=\/wp\/v2\/media\/3224"}],"wp:attachment":[{"href":"https:\/\/zumbalaturba.com.ar\/index.php?rest_route=%2Fwp%2Fv2%2Fmedia&parent=3223"}],"wp:term":[{"taxonomy":"category","embeddable":true,"href":"https:\/\/zumbalaturba.com.ar\/index.php?rest_route=%2Fwp%2Fv2%2Fcategories&post=3223"},{"taxonomy":"post_tag","embeddable":true,"href":"https:\/\/zumbalaturba.com.ar\/index.php?rest_route=%2Fwp%2Fv2%2Ftags&post=3223"}],"curies":[{"name":"wp","href":"https:\/\/api.w.org\/{rel}","templated":true}]}}