{"id":3231,"date":"2017-05-28T06:54:33","date_gmt":"2017-05-28T06:54:33","guid":{"rendered":"http:\/\/zumbalaturba.com.ar\/?p=3231"},"modified":"2017-05-28T06:56:02","modified_gmt":"2017-05-28T06:56:02","slug":"la-experiencia-de-escuchar-cancion-de-protesta-jazz-e-improvisacion-libre-en-la-nota-azul","status":"publish","type":"post","link":"https:\/\/zumbalaturba.com.ar\/?p=3231","title":{"rendered":"La experiencia de escuchar: canci\u00f3n de protesta, jazz e improvisaci\u00f3n libre en La Nota Azul"},"content":{"rendered":"<p style=\"padding-left: 150px;\"><em><span style=\"font-size: 14pt;\">En este programa n\u00famero 98 de <\/span><\/em><a href=\"http:\/\/lanotaazul.com.ar\/\" target=\"_blank\"><span style=\"font-size: 14pt;\"><strong>La Nota Azul<\/strong><\/span><\/a><em><span style=\"font-size: 14pt;\">, correspondiente al s\u00e1bado 27 de mayo de 2017, recorremos un abanico que va desde la canci\u00f3n de protesta al jazz y a\u00a0la improvisaci\u00f3n libre. La experiencia de escuchar para transformar la realidad. Por radio <\/span><\/em><strong><span style=\"font-size: 14pt;\">Zumba La Turba<\/span><\/strong><em><span style=\"font-size: 14pt;\">, FM 99.5, C\u00f3rdoba, Argentina.<\/span><\/em><\/p>\n<p><iframe id=\"audio_18934579\" style=\"border: 1px solid #EEE; box-sizing: border-box; width: 100%;\" src=\"https:\/\/ar.ivoox.com\/es\/player_ej_18934579_4_1.html?c1=ff6600\" width=\"300\" height=\"200\" frameborder=\"0\" scrolling=\"no\" allowfullscreen=\"allowfullscreen\"><\/iframe><\/p>\n<p><span style=\"font-size: 14pt;\">Abrimos el programa con <em><strong>Strange Fruit<\/strong><\/em> presentada con un texto del libro <em><strong>33<a href=\"http:\/\/lanotaazul.com.ar\/wp-content\/uploads\/2017\/05\/33-revoluciones-por-minuto-tapa.jpg\"><img fetchpriority=\"high\" decoding=\"async\" class=\"alignright size-medium wp-image-798\" src=\"http:\/\/lanotaazul.com.ar\/wp-content\/uploads\/2017\/05\/33-revoluciones-por-minuto-tapa-199x300.jpg\" alt=\"\" width=\"199\" height=\"300\" \/><\/a> revoluciones por minuto. Historia de la canci\u00f3n protesta<\/strong><\/em>\u00a0de <strong>Dorian Lynskey<\/strong>, reeditado en castellano el a\u00f1o <a href=\"http:\/\/lanotaazul.com.ar\/wp-content\/uploads\/2017\/05\/roxana-amed-entremundos.jpg\"><img decoding=\"async\" class=\"wp-image-800 alignleft\" src=\"http:\/\/lanotaazul.com.ar\/wp-content\/uploads\/2017\/05\/roxana-amed-entremundos-300x300.jpg\" alt=\"\" width=\"248\" height=\"248\" \/><\/a>pasado.\u00a0Lynskey ubica <em><strong>Strange Fruit<\/strong><\/em> en el primer cap\u00edtulo de la historia de la moderna canci\u00f3n de protesta. La escuchamos\u00a0en la cl\u00e1sica interpretaci\u00f3n de <strong>Billie Holiday<\/strong> de 1939 y tambi\u00e9n en la versi\u00f3n de <strong>Roxana Amed<\/strong>, de su disco <em><strong>Entremundos<\/strong><\/em> del a\u00f1o 2008.<\/span><\/p>\n<p>&nbsp;<\/p>\n<p><span style=\"font-size: 14pt;\">Recibimos la visita de <strong>Ives Romero<\/strong>, <strong>Federico Ragessi<\/strong> y <strong>Julio Catalano<\/strong> del <strong>LEIM Ensamble<\/strong> que convocan y organizan las <strong>II Jornadas de Improvisaci\u00f3n en C\u00f3rdoba<\/strong>. Presentan su propuesta de improvisaci\u00f3n libre, la formaci\u00f3n del Ensamble LEIM y la trayectoria de su trabajo. Y lo hacen nada menos que tocando e improvisando en vivo en la radio. Una experiencia \u00fanica que estimula el oficio de escuchar.<\/span><\/p>\n<p><a href=\"http:\/\/lanotaazul.com.ar\/wp-content\/uploads\/2017\/05\/Leim-Ensamble-en-vivo.jpg\"><img decoding=\"async\" class=\"aligncenter wp-image-804\" src=\"http:\/\/lanotaazul.com.ar\/wp-content\/uploads\/2017\/05\/Leim-Ensamble-en-vivo.jpg\" alt=\"\" width=\"576\" height=\"325\" \/><\/a><\/p>\n<p>&nbsp;<\/p>\n<p><span style=\"font-size: 14pt;\">Luego llega <strong>Lucas Rochaux<\/strong>, guitarrista de Buenos Aires, de visita en C\u00f3rdoba para dar una cl\u00ednica de composici\u00f3n en <em>La Colmena<\/em>. Charlamos sobre su m\u00fasica y presentamos su disco <em><strong>Manovuot\u00f3metro<\/strong><\/em>, grabado con su Quinteto e integrado completamente por composiciones propias. Un excelente disco que evidencia el trabajo de un gran artista con ideas, tes\u00f3n y creatividad. La saludable experiencia de lo que es bueno y promete.<\/span><\/p>\n<p><a href=\"http:\/\/lanotaazul.com.ar\/wp-content\/uploads\/2017\/05\/Con-Lucas-Rochaix.jpg\"><img loading=\"lazy\" decoding=\"async\" class=\"aligncenter wp-image-802\" src=\"http:\/\/lanotaazul.com.ar\/wp-content\/uploads\/2017\/05\/Con-Lucas-Rochaix.jpg\" alt=\"\" width=\"588\" height=\"332\" \/><\/a><\/p>\n<p>&nbsp;<\/p>\n<p><span style=\"font-size: 14pt;\">Un programa lleno de agradables sorpresas, plet\u00f3rico de jazz, m\u00fasica, improvisaci\u00f3n y radio.<\/span><\/p>\n<p><a href=\"http:\/\/lanotaazul.com.ar\/programas\/la-experiencia-de-escuchar-cancion-de-protesta-jazz-e-improvisacion-libre-en-la-nota-azul\/\"><strong>ESCUCH\u00c1 TAMBI\u00c9N DESDE\u00a0AC\u00c1<\/strong><\/a>:<\/p>\n<audio class=\"wp-audio-shortcode\" id=\"audio-3231-1\" preload=\"none\" style=\"width: 100%;\" controls=\"controls\"><source type=\"audio\/mpeg\" src=\"http:\/\/lanotaazul.com.ar\/wp-content\/uploads\/2017\/05\/12-LA-NOTA-AZUL-27-05-2017.mp3?_=1\" \/><a href=\"http:\/\/lanotaazul.com.ar\/wp-content\/uploads\/2017\/05\/12-LA-NOTA-AZUL-27-05-2017.mp3\">http:\/\/lanotaazul.com.ar\/wp-content\/uploads\/2017\/05\/12-LA-NOTA-AZUL-27-05-2017.mp3<\/a><\/audio>\n<p>&nbsp;<\/p>\n<div class='share-to-whatsapp-wrapper'><div class='share-on-whsp'>Share on: <\/div><div class='clear '><\/div><\/div>","protected":false},"excerpt":{"rendered":"<p>En este programa n\u00famero 98 de La Nota Azul, correspondiente al s\u00e1bado 27 de mayo de 2017, recorremos un abanico que va desde la canci\u00f3n de protesta al jazz y a\u00a0la improvisaci\u00f3n libre. La experiencia de escuchar para transformar la realidad. Por radio Zumba La Turba, FM 99.5, C\u00f3rdoba, Argentina. Abrimos el programa con Strange [&hellip;]<\/p>\n","protected":false},"author":14,"featured_media":3232,"comment_status":"open","ping_status":"open","sticky":false,"template":"","format":"standard","meta":{"footnotes":""},"categories":[261],"tags":[81,52,293,305,296,166],"class_list":["post-3231","post","type-post","status-publish","format-standard","has-post-thumbnail","hentry","category-la-nota-azul","tag-agenda-cultural","tag-cultura","tag-jazz","tag-jazz-federal-club","tag-la-nota-azul","tag-musica"],"_links":{"self":[{"href":"https:\/\/zumbalaturba.com.ar\/index.php?rest_route=\/wp\/v2\/posts\/3231","targetHints":{"allow":["GET"]}}],"collection":[{"href":"https:\/\/zumbalaturba.com.ar\/index.php?rest_route=\/wp\/v2\/posts"}],"about":[{"href":"https:\/\/zumbalaturba.com.ar\/index.php?rest_route=\/wp\/v2\/types\/post"}],"author":[{"embeddable":true,"href":"https:\/\/zumbalaturba.com.ar\/index.php?rest_route=\/wp\/v2\/users\/14"}],"replies":[{"embeddable":true,"href":"https:\/\/zumbalaturba.com.ar\/index.php?rest_route=%2Fwp%2Fv2%2Fcomments&post=3231"}],"version-history":[{"count":0,"href":"https:\/\/zumbalaturba.com.ar\/index.php?rest_route=\/wp\/v2\/posts\/3231\/revisions"}],"wp:featuredmedia":[{"embeddable":true,"href":"https:\/\/zumbalaturba.com.ar\/index.php?rest_route=\/wp\/v2\/media\/3232"}],"wp:attachment":[{"href":"https:\/\/zumbalaturba.com.ar\/index.php?rest_route=%2Fwp%2Fv2%2Fmedia&parent=3231"}],"wp:term":[{"taxonomy":"category","embeddable":true,"href":"https:\/\/zumbalaturba.com.ar\/index.php?rest_route=%2Fwp%2Fv2%2Fcategories&post=3231"},{"taxonomy":"post_tag","embeddable":true,"href":"https:\/\/zumbalaturba.com.ar\/index.php?rest_route=%2Fwp%2Fv2%2Ftags&post=3231"}],"curies":[{"name":"wp","href":"https:\/\/api.w.org\/{rel}","templated":true}]}}