{"id":3260,"date":"2017-05-29T19:29:25","date_gmt":"2017-05-29T19:29:25","guid":{"rendered":"http:\/\/zumbalaturba.com.ar\/?p=3260"},"modified":"2017-05-30T14:28:08","modified_gmt":"2017-05-30T14:28:08","slug":"episodio-7-del-ovario-anarco-temporada-4","status":"publish","type":"post","link":"https:\/\/zumbalaturba.com.ar\/?p=3260","title":{"rendered":"Episodio 7 del Ovario Anarco &#8211; Temporada 4"},"content":{"rendered":"<p><em>En esta edici\u00f3n: Entrevista con Alejandra P\u00e9rez Scalzi, y con el colectivo art\u00edstico &#8220;Salchich\u00f3n Primavera&#8221;. Programa dedicado a las Mujeres Libertadoras en la semana de la Revoluci\u00f3n de Mayo.<\/em><\/p>\n<p><!--more--><\/p>\n<p>El programa feminista de los martes por la noche, El Ovario Anarco, vuelve recargado con 2 entrevistas muy picantes.<\/p>\n<p>Florencia Brandolini y Roc\u00edo Mana charlaron con la abogada\u00a0especialista en econom\u00eda familiar y g\u00e9nero, Alejandra P\u00e9rez Scalzi, quien visit\u00f3 C\u00f3rdoba en el marco de la conferencia\u00a0&#8220;Desigualdad de G\u00e9nero en la Econom\u00eda&#8221; que dio junto a Mercedes D&#8217;Alessandro.<\/p>\n<p>Minutos m\u00e1s tarde, el colectivo Salchich\u00f3n Primavera pas\u00f3 por el estudio de Zumba La Turba para charlar sobre la muestra de &#8220;La Condesa&#8221;, dedicada a explorar la vida de\u00a0Laura Dominique Pilleri,\u00a0la primer trans cordobesa en obtener un DNI que reconoc\u00eda su identidad de g\u00e9nero, mientras estaba en la c\u00e1rcel.<\/p>\n<p>Adem\u00e1s, un audio especial de mujeres libertadoras en la semana de la Revoluci\u00f3n de Mayo, y unas cosillas m\u00e1s.<\/p>\n<p>El Ovario Anarco se emite todos los martes, de 21 a 23, por Zumba La Turba.<\/p>\n<p><iframe id=\"audio_18956629\" style=\"border: 1px solid #EEE; box-sizing: border-box; width: 100%;\" src=\"http:\/\/ar.ivoox.com\/es\/player_ej_18956629_4_1.html?c1=d718db\" width=\"300\" height=\"200\" frameborder=\"0\" scrolling=\"no\" allowfullscreen=\"allowfullscreen\"><\/iframe><\/p>\n<div class='share-to-whatsapp-wrapper'><div class='share-on-whsp'>Share on: <\/div><div class='clear '><\/div><\/div>","protected":false},"excerpt":{"rendered":"<p>En esta edici\u00f3n: Entrevista con Alejandra P\u00e9rez Scalzi, y con el colectivo art\u00edstico &#8220;Salchich\u00f3n Primavera&#8221;. Programa dedicado a las Mujeres Libertadoras en la semana de la Revoluci\u00f3n de Mayo. Share on:<\/p>\n","protected":false},"author":2,"featured_media":3261,"comment_status":"open","ping_status":"open","sticky":false,"template":"","format":"standard","meta":{"footnotes":""},"categories":[564,5],"tags":[634,400,635,613,633,632],"class_list":["post-3260","post","type-post","status-publish","format-standard","has-post-thumbnail","hentry","category-el-ovario-anarco","category-transfeminismos","tag-dalessandro","tag-feminismo","tag-la-condesa","tag-ovario-anarco","tag-perez-scalzi","tag-salchichon-primavera"],"_links":{"self":[{"href":"https:\/\/zumbalaturba.com.ar\/index.php?rest_route=\/wp\/v2\/posts\/3260","targetHints":{"allow":["GET"]}}],"collection":[{"href":"https:\/\/zumbalaturba.com.ar\/index.php?rest_route=\/wp\/v2\/posts"}],"about":[{"href":"https:\/\/zumbalaturba.com.ar\/index.php?rest_route=\/wp\/v2\/types\/post"}],"author":[{"embeddable":true,"href":"https:\/\/zumbalaturba.com.ar\/index.php?rest_route=\/wp\/v2\/users\/2"}],"replies":[{"embeddable":true,"href":"https:\/\/zumbalaturba.com.ar\/index.php?rest_route=%2Fwp%2Fv2%2Fcomments&post=3260"}],"version-history":[{"count":0,"href":"https:\/\/zumbalaturba.com.ar\/index.php?rest_route=\/wp\/v2\/posts\/3260\/revisions"}],"wp:featuredmedia":[{"embeddable":true,"href":"https:\/\/zumbalaturba.com.ar\/index.php?rest_route=\/wp\/v2\/media\/3261"}],"wp:attachment":[{"href":"https:\/\/zumbalaturba.com.ar\/index.php?rest_route=%2Fwp%2Fv2%2Fmedia&parent=3260"}],"wp:term":[{"taxonomy":"category","embeddable":true,"href":"https:\/\/zumbalaturba.com.ar\/index.php?rest_route=%2Fwp%2Fv2%2Fcategories&post=3260"},{"taxonomy":"post_tag","embeddable":true,"href":"https:\/\/zumbalaturba.com.ar\/index.php?rest_route=%2Fwp%2Fv2%2Ftags&post=3260"}],"curies":[{"name":"wp","href":"https:\/\/api.w.org\/{rel}","templated":true}]}}