{"id":3284,"date":"2017-06-02T03:21:04","date_gmt":"2017-06-02T03:21:04","guid":{"rendered":"http:\/\/zumbalaturba.com.ar\/?p=3284"},"modified":"2017-06-02T03:21:04","modified_gmt":"2017-06-02T03:21:04","slug":"ammar-cordoba-17-anos-de-lucha","status":"publish","type":"post","link":"https:\/\/zumbalaturba.com.ar\/?p=3284","title":{"rendered":"AMMAR C\u00f3rdoba: 17 a\u00f1os de lucha"},"content":{"rendered":"<p><img decoding=\"async\" class=\" wp-image-3285 alignleft\" src=\"https:\/\/zumbalaturba.com.ar\/wp-content\/uploads\/2017\/06\/AMMAR-festival-289x300.jpg\" alt=\"AMMAR festival\" width=\"153\" height=\"158\" srcset=\"https:\/\/zumbalaturba.com.ar\/wp-content\/uploads\/2017\/06\/AMMAR-festival-289x300.jpg 289w, https:\/\/zumbalaturba.com.ar\/wp-content\/uploads\/2017\/06\/AMMAR-festival-768x796.jpg 768w, https:\/\/zumbalaturba.com.ar\/wp-content\/uploads\/2017\/06\/AMMAR-festival.jpg 870w\" sizes=\"(max-width: 153px) 100vw, 153px\" \/>Este 2 de junio, D\u00eda Internacional de las Trabajadoras Sexuales, AMMAR C\u00f3rdoba cumple 17 a\u00f1os de lucha y desde <strong>Zumba la Turba<\/strong> hablamos con <strong>Blanca Mendoza, &#8220;la Mu\u00f1e&#8221;,<\/strong> para repasar los logros de la organizaci\u00f3n en materia de lucha contra la represi\u00f3n policial, salud y educaci\u00f3n. Bajo la consigna &#8220;<strong>17 a\u00f1os de lucha y resistencia<\/strong>&#8221; y con el apoyo solidario de bandas musicales locales, se desarollar\u00e1 un festival en la ex-plaza V\u00e9lez Sarsfield a las 18 hs.<\/p>\n<p><iframe src=\"http:\/\/ar.ivoox.com\/es\/player_ej_19033558_2_1.html?data=kp6dlZiZeZmhhpywj5WXaZS1lp2ah5yncZOhhpywj5WRaZi3jpWah5yncabi1dfS2M7XuMKfwpC614qnd4a2ksqYxsqPha7BoreYpYqnd4a2lNfR0cfFcYarpJK_w8nNs4zO1tLPw5DQpYzI1tfPw5KJe6ShlQ..&amp;\" width=\"100%\" height=\"200\" frameborder=\"0\" scrolling=\"no\" allowfullscreen=\"allowfullscreen\"><\/iframe><\/p>\n<div class='share-to-whatsapp-wrapper'><div class='share-on-whsp'>Share on: <\/div><div class='clear '><\/div><\/div>","protected":false},"excerpt":{"rendered":"<p>Este 2 de junio, D\u00eda Internacional de las Trabajadoras Sexuales, AMMAR C\u00f3rdoba cumple 17 a\u00f1os de lucha y desde Zumba la Turba hablamos con Blanca Mendoza, &#8220;la Mu\u00f1e&#8221;, para repasar los logros de la organizaci\u00f3n en materia de lucha contra la represi\u00f3n policial, salud y educaci\u00f3n. Bajo la consigna &#8220;17 a\u00f1os de lucha y resistencia&#8221; [&hellip;]<\/p>\n","protected":false},"author":6,"featured_media":3286,"comment_status":"open","ping_status":"open","sticky":false,"template":"","format":"standard","meta":{"footnotes":""},"categories":[5],"tags":[161,7,335,638],"class_list":["post-3284","post","type-post","status-publish","format-standard","has-post-thumbnail","hentry","category-transfeminismos","tag-ammar","tag-feminismos","tag-generos","tag-trabajo-sexual"],"_links":{"self":[{"href":"https:\/\/zumbalaturba.com.ar\/index.php?rest_route=\/wp\/v2\/posts\/3284","targetHints":{"allow":["GET"]}}],"collection":[{"href":"https:\/\/zumbalaturba.com.ar\/index.php?rest_route=\/wp\/v2\/posts"}],"about":[{"href":"https:\/\/zumbalaturba.com.ar\/index.php?rest_route=\/wp\/v2\/types\/post"}],"author":[{"embeddable":true,"href":"https:\/\/zumbalaturba.com.ar\/index.php?rest_route=\/wp\/v2\/users\/6"}],"replies":[{"embeddable":true,"href":"https:\/\/zumbalaturba.com.ar\/index.php?rest_route=%2Fwp%2Fv2%2Fcomments&post=3284"}],"version-history":[{"count":0,"href":"https:\/\/zumbalaturba.com.ar\/index.php?rest_route=\/wp\/v2\/posts\/3284\/revisions"}],"wp:featuredmedia":[{"embeddable":true,"href":"https:\/\/zumbalaturba.com.ar\/index.php?rest_route=\/wp\/v2\/media\/3286"}],"wp:attachment":[{"href":"https:\/\/zumbalaturba.com.ar\/index.php?rest_route=%2Fwp%2Fv2%2Fmedia&parent=3284"}],"wp:term":[{"taxonomy":"category","embeddable":true,"href":"https:\/\/zumbalaturba.com.ar\/index.php?rest_route=%2Fwp%2Fv2%2Fcategories&post=3284"},{"taxonomy":"post_tag","embeddable":true,"href":"https:\/\/zumbalaturba.com.ar\/index.php?rest_route=%2Fwp%2Fv2%2Ftags&post=3284"}],"curies":[{"name":"wp","href":"https:\/\/api.w.org\/{rel}","templated":true}]}}