{"id":3288,"date":"2017-06-03T02:50:57","date_gmt":"2017-06-03T05:50:57","guid":{"rendered":"http:\/\/zumbalaturba.com.ar\/?p=3288"},"modified":"2023-10-14T20:49:48","modified_gmt":"2023-10-14T23:49:48","slug":"3-de-junio-gritar-bien-fuerte-ni-una-menos","status":"publish","type":"post","link":"https:\/\/zumbalaturba.com.ar\/?p=3288","title":{"rendered":"3 de junio: gritar bien fuerte \u00a1Ni una menos!"},"content":{"rendered":"<p><img fetchpriority=\"high\" decoding=\"async\" class=\"size-medium wp-image-3290 alignleft\" src=\"https:\/\/zumbalaturba.com.ar\/wp-content\/uploads\/2017\/06\/MG_8861-300x200.jpg\" alt=\"_MG_8861\" width=\"300\" height=\"200\" srcset=\"https:\/\/zumbalaturba.com.ar\/wp-content\/uploads\/2017\/06\/MG_8861-300x200.jpg 300w, https:\/\/zumbalaturba.com.ar\/wp-content\/uploads\/2017\/06\/MG_8861-768x512.jpg 768w, https:\/\/zumbalaturba.com.ar\/wp-content\/uploads\/2017\/06\/MG_8861-1024x683.jpg 1024w\" sizes=\"(max-width: 300px) 100vw, 300px\" \/>En el d\u00eda de hoy se realiz\u00f3 la conferencia de prensa de la Asamblea Ni Una Menos, en la que las integrantes del espacio que nuclea m\u00e1s de 40 organizaciones de mujeres, feministas, estudiantiles, sindicales, sociales, pol\u00edticas, etc., difundieron los reclamos centrales de la movilizaci\u00f3n que recorrer\u00e1 las calles este s\u00e1bado a partir de las 17 hs.<\/p>\n<p>Ante la realidad acuciante del aumento de la violencia machista, la conferencia se centr\u00f3 en la denuncia de lo insuficiente de las pol\u00edticas p\u00fablicas destinadas a prevenir, sancionar y erradicar la violencia en los distintos niveles, as\u00ed como a dar respuesta a las mujeres y personas que atraviesan esta situaci\u00f3n.<\/p>\n<p><iframe src=\"http:\/\/ar.ivoox.com\/es\/player_ej_19052057_2_1.html?data=kp6dl5eUeZihhpywj5WUaZS1kZWah5yncZGhhpywj5WRaZi3jpWah5yncaTjz8vS1MrSp8rVjMnSjdXWqc_nwpCSlJiyrbbiwrLS0NTXcYarpJK_w8nNs4zO1tLPw5DQpYzI1tfPw5KJe6ShlQ..&amp;\" width=\"100%\" height=\"200\" frameborder=\"0\" scrolling=\"no\" allowfullscreen=\"allowfullscreen\"><\/iframe><\/p>\n<p>Las exigencias, que se distribuyeron en un petitorio escrito, se dirigieron en primera instancia al gobierno nacional con el pedido de 1% del presupuesto estatal nacional, pero se desarrollaron en detalle orientadas a la gesti\u00f3n provincial y las falencias del Polo Integral de la Mujer. Entre otras cosas, el reducido n\u00famero de equipos y profesionales que deben atender las denuncias de violencia de g\u00e9nero y su precarizci\u00f3n, donde detallaron que \u201cen la provincia de C\u00f3rdoba hay distribuidos en la actualidad cerca de 1450 botones de p\u00e1nico y s\u00f3lo 15 profesionales conforman la brigada destinada a su seguimiento, las cuales est\u00e1n en condiciones laborales de precarizaci\u00f3n\u201d. En relaci\u00f3n a las mujeres en situaci\u00f3n de violencia, se reclam\u00f3 la \u201casistencia psicol\u00f3gica, social, judicial y econ\u00f3mica, como as\u00ed tambi\u00e9n pol\u00edticas que brinden seguridad a quienes denuncian esta situaci\u00f3n, incluyendo refugios en todo el territorio provincial\u201d.<img decoding=\"async\" class=\"size-medium wp-image-3293 alignright\" src=\"https:\/\/zumbalaturba.com.ar\/wp-content\/uploads\/2017\/06\/MG_8866-300x200.jpg\" alt=\"_MG_8866\" width=\"300\" height=\"200\" srcset=\"https:\/\/zumbalaturba.com.ar\/wp-content\/uploads\/2017\/06\/MG_8866-300x200.jpg 300w, https:\/\/zumbalaturba.com.ar\/wp-content\/uploads\/2017\/06\/MG_8866-768x512.jpg 768w, https:\/\/zumbalaturba.com.ar\/wp-content\/uploads\/2017\/06\/MG_8866-1024x683.jpg 1024w\" sizes=\"(max-width: 300px) 100vw, 300px\" \/><\/p>\n<p>Asimismo, fue planteada la necesidad de plena implementaci\u00f3n de la ley de Educaci\u00f3n Sexual Integral.<\/p>\n<p>Estuvieron presentes en el auditorio un grupo de amigas de Ana Rosa Barrera, la mujer de 46 a\u00f1os que era buscada desde el domingo y cuyo cuerpo cruelmente mutilado fuera hallado apenas unas horas despu\u00e9s de ocurrida la misma. El reclamo por la absoluci\u00f3n de Dahyana Gorosito tambi\u00e9n se mostr\u00f3 con una bandera portada por integrantes de la Mesa de Trabajo #LibertadparaDahyana.<\/p>\n<p>Adjuntamos el petitorio difundido:<\/p>\n<p><strong>PETITORIO DE NI UNA MENOS &#8211; JUNIO DE 2017<\/strong><br \/>\n<strong> VIVAS Y LIBRES NOS QUEREMOS<\/strong><br \/>\n<strong> El Estado y los gobiernos son responsables<\/strong><\/p>\n<p>Desde la Asamblea Ni Una Menos, conformada por m\u00e1s de cuarenta organizaciones sociales, pol\u00edticas, sindicales, estudiantiles y feministas de C\u00f3rdoba, dirigimos este Petitorio a los gobiernos nacional, provincial y municipal como provincial, el cual fue consensuado a partir del relevamiento de las necesidades del movimiento de mujeres y la situaci\u00f3n actual en torno a la violencia de g\u00e9nero.<\/p>\n<p>&#8211; Exigimos que el 1% del presupuesto estatal nacional se destine a pol\u00edticas de prevenci\u00f3n, erradicaci\u00f3n y sanci\u00f3n de la violencia de g\u00e9nero, como as\u00ed tambi\u00e9n a la asistencia a las mujeres y personas que se encuentran en esa situaci\u00f3n.<\/p>\n<p>&#8211; Pedimos que ese presupuesto se gestione con el control de las organizaciones de mujeres y las trabajadoras.<\/p>\n<p>&#8211; En el \u00e1mbito provincial, entendemos que es la lucha del movimiento de mujeres la que ha conseguido que hoy exista un Polo Integral de la Mujer. Sin embargo, el mismo no deja de ser s\u00f3lo una medida medi\u00e1tica de cara a la sociedad, que resulta insuficiente y no responde efectivamente a nuestras necesidades y exigencias. Por eso solicitamos que se aborde de manera responsable la situaci\u00f3n de emergencia de la violencia de g\u00e9nero en la provincia. Para esto se necesita destinar presupuesto de manera que el Polo Integral de la Mujer tenga equipos profesionales suficientes que garanticen la atenci\u00f3n adecuada. Por ejemplo, en la provincia de C\u00f3rdoba hay distribuidos en la actualidad cerca de 1450 botones de p\u00e1nico y s\u00f3lo 15 profesionales conforman la brigada destinada a su seguimiento, las cuales est\u00e1n en condiciones laborales de precarizaci\u00f3n.<\/p>\n<p>&#8211; La precarizaci\u00f3n y condiciones de trabajo de las compa\u00f1eras trabajadoras del Polo constituyen en s\u00ed mismas una forma de violencia laboral, econ\u00f3mica e institucional inaceptable, en cualquier \u00e1rea del Estado, pero una contradicci\u00f3n a\u00fan m\u00e1s flagrante en el \u00e1rea destinada a combatir la violencia.<\/p>\n<p>&#8211; Denunciamos el vaciamiento de la Secretar\u00eda de Trata, que cuenta en la actualidad s\u00f3lo con dos trabajadoras sociales y cuatro psic\u00f3logas, para la totalidad de la poblaci\u00f3n provincial.<\/p>\n<p>&#8211; Para poder decir que Vivas y Libres nos Queremos, necesitamos que las mujeres en situaci\u00f3n de violencia machista tengan garantizada asistencia psicol\u00f3gica, social, judicial y econ\u00f3mica, como as\u00ed tambi\u00e9n pol\u00edticas que brinden seguridad a quienes denuncian esta situaci\u00f3n, incluyendo refugios en todo el territorio provincial.<\/p>\n<p>&#8211; Hacerle frente a la violencia de g\u00e9nero implica un plan de acci\u00f3n integral que incluya medidas de prevenci\u00f3n y promoci\u00f3n de estrategias en todos los niveles del Estado y una real implementaci\u00f3n de la Ley de Educaci\u00f3n Sexual Integral.<\/p>\n<p>&#8211; Tambi\u00e9n es imprescindible la formaci\u00f3n con perspectiva de g\u00e9neros para todas y todos los agentes del estado, en especial las y los integrantes del poder judicial. Denunciamos las trabas y dificultades a la hora de aplicar el agravante de femicidio en las causas de la justicia local, as\u00ed como los sesgos machistas presentes en los fallos y procedimientos ante denuncias de violaci\u00f3n, violencia de g\u00e9nero, abuso o reclamos por cuota alimentaria. Esta situaci\u00f3n se debe transformar con capacitaci\u00f3n y decisiones al respecto.<\/p>\n<p>&#8211; A nivel municipal, las pol\u00edticas de abordaje de la violencia de g\u00e9nero resultan irrisorias y casi inexistentes ante la gravedad de la situaci\u00f3n. Hoy se encuentras reducidas a una oficina vac\u00eda bajo el cartel de Ni\u00f1ez, Mujer y Familia.<\/p>\n<div class='share-to-whatsapp-wrapper'><div class='share-on-whsp'>Share on: <\/div><div class='clear '><\/div><\/div>","protected":false},"excerpt":{"rendered":"<p>En el d\u00eda de hoy se realiz\u00f3 la conferencia de prensa de la Asamblea Ni Una Menos, en la que las integrantes del espacio que nuclea m\u00e1s de 40 organizaciones de mujeres, feministas, estudiantiles, sindicales, sociales, pol\u00edticas, etc., difundieron los reclamos centrales de la movilizaci\u00f3n que recorrer\u00e1 las calles este s\u00e1bado a partir de las [&hellip;]<\/p>\n","protected":false},"author":6,"featured_media":3292,"comment_status":"open","ping_status":"open","sticky":false,"template":"","format":"standard","meta":{"footnotes":""},"categories":[15,5],"tags":[25,639,399,567],"class_list":["post-3288","post","type-post","status-publish","format-standard","has-post-thumbnail","hentry","category-la-zumba","category-transfeminismos","tag-niunamenos","tag-3j","tag-femicidio","tag-violencia-de-genero"],"_links":{"self":[{"href":"https:\/\/zumbalaturba.com.ar\/index.php?rest_route=\/wp\/v2\/posts\/3288","targetHints":{"allow":["GET"]}}],"collection":[{"href":"https:\/\/zumbalaturba.com.ar\/index.php?rest_route=\/wp\/v2\/posts"}],"about":[{"href":"https:\/\/zumbalaturba.com.ar\/index.php?rest_route=\/wp\/v2\/types\/post"}],"author":[{"embeddable":true,"href":"https:\/\/zumbalaturba.com.ar\/index.php?rest_route=\/wp\/v2\/users\/6"}],"replies":[{"embeddable":true,"href":"https:\/\/zumbalaturba.com.ar\/index.php?rest_route=%2Fwp%2Fv2%2Fcomments&post=3288"}],"version-history":[{"count":0,"href":"https:\/\/zumbalaturba.com.ar\/index.php?rest_route=\/wp\/v2\/posts\/3288\/revisions"}],"wp:featuredmedia":[{"embeddable":true,"href":"https:\/\/zumbalaturba.com.ar\/index.php?rest_route=\/wp\/v2\/media\/3292"}],"wp:attachment":[{"href":"https:\/\/zumbalaturba.com.ar\/index.php?rest_route=%2Fwp%2Fv2%2Fmedia&parent=3288"}],"wp:term":[{"taxonomy":"category","embeddable":true,"href":"https:\/\/zumbalaturba.com.ar\/index.php?rest_route=%2Fwp%2Fv2%2Fcategories&post=3288"},{"taxonomy":"post_tag","embeddable":true,"href":"https:\/\/zumbalaturba.com.ar\/index.php?rest_route=%2Fwp%2Fv2%2Ftags&post=3288"}],"curies":[{"name":"wp","href":"https:\/\/api.w.org\/{rel}","templated":true}]}}