{"id":3295,"date":"2017-06-05T15:03:28","date_gmt":"2017-06-05T15:03:28","guid":{"rendered":"http:\/\/zumbalaturba.com.ar\/?p=3295"},"modified":"2017-06-05T15:03:28","modified_gmt":"2017-06-05T15:03:28","slug":"programa-especial-ni-las-mujeres-ni-la-tierra-somos-territorio-de-conquista","status":"publish","type":"post","link":"https:\/\/zumbalaturba.com.ar\/?p=3295","title":{"rendered":"Programa especial &#8220;Ni las mujeres ni la tierra somos territorio de conquista&#8221;"},"content":{"rendered":"<p><span id=\"fbPhotoSnowliftCaption\" class=\"fbPhotosPhotoCaption\" tabindex=\"0\" data-ft=\"{&quot;tn&quot;:&quot;K&quot;}\"><span class=\"hasCaption\">No te pierdas este programa especial de la regional C\u00f3rdoba de la Red Nacional de Medios Alternativos, junto con la compa\u00f1era Mar\u00eda Jos\u00e9 Santos, del MST de Brasil. <\/span><\/span><\/p>\n<p><span id=\"fbPhotoSnowliftCaption\" class=\"fbPhotosPhotoCaption\" tabindex=\"0\" data-ft=\"{&quot;tn&quot;:&quot;K&quot;}\"><span class=\"hasCaption\"><img fetchpriority=\"high\" decoding=\"async\" class=\"size-full wp-image-3296 aligncenter\" src=\"https:\/\/zumbalaturba.com.ar\/wp-content\/uploads\/2017\/06\/18814374_1481002095324669_7439649294011828183_n.jpg\" alt=\"18814374_1481002095324669_7439649294011828183_n\" width=\"540\" height=\"720\" srcset=\"https:\/\/zumbalaturba.com.ar\/wp-content\/uploads\/2017\/06\/18814374_1481002095324669_7439649294011828183_n.jpg 540w, https:\/\/zumbalaturba.com.ar\/wp-content\/uploads\/2017\/06\/18814374_1481002095324669_7439649294011828183_n-225x300.jpg 225w\" sizes=\"(max-width: 540px) 100vw, 540px\" \/><br \/>\nEn el marco del <a class=\"_58cn\" href=\"https:\/\/www.facebook.com\/hashtag\/niunamenos\" data-ft=\"{&quot;tn&quot;:&quot;*N&quot;,&quot;type&quot;:104}\">#NiUnaMenos<\/a>, compa\u00f1eras Feministas del Abya Yala nos encontramos en Argentina y debatimos acerca de las estrategias de lucha contra la violencia machista y el patriarcado y repetimos &#8220;Ni las mujeres ni la tierra somos territorio de conquista&#8221;.<\/span><\/span><\/p>\n<div class='share-to-whatsapp-wrapper'><div class='share-on-whsp'>Share on: <\/div><div class='clear '><\/div><\/div>","protected":false},"excerpt":{"rendered":"<p>No te pierdas este programa especial de la regional C\u00f3rdoba de la Red Nacional de Medios Alternativos, junto con la compa\u00f1era Mar\u00eda Jos\u00e9 Santos, del MST de Brasil. En el marco del #NiUnaMenos, compa\u00f1eras Feministas del Abya Yala nos encontramos en Argentina y debatimos acerca de las estrategias de lucha contra la violencia machista y [&hellip;]<\/p>\n","protected":false},"author":2,"featured_media":3297,"comment_status":"open","ping_status":"open","sticky":false,"template":"","format":"standard","meta":{"footnotes":""},"categories":[15,42,5],"tags":[25],"class_list":["post-3295","post","type-post","status-publish","format-standard","has-post-thumbnail","hentry","category-la-zumba","category-pueblosoriginarios","category-transfeminismos","tag-niunamenos"],"_links":{"self":[{"href":"https:\/\/zumbalaturba.com.ar\/index.php?rest_route=\/wp\/v2\/posts\/3295","targetHints":{"allow":["GET"]}}],"collection":[{"href":"https:\/\/zumbalaturba.com.ar\/index.php?rest_route=\/wp\/v2\/posts"}],"about":[{"href":"https:\/\/zumbalaturba.com.ar\/index.php?rest_route=\/wp\/v2\/types\/post"}],"author":[{"embeddable":true,"href":"https:\/\/zumbalaturba.com.ar\/index.php?rest_route=\/wp\/v2\/users\/2"}],"replies":[{"embeddable":true,"href":"https:\/\/zumbalaturba.com.ar\/index.php?rest_route=%2Fwp%2Fv2%2Fcomments&post=3295"}],"version-history":[{"count":0,"href":"https:\/\/zumbalaturba.com.ar\/index.php?rest_route=\/wp\/v2\/posts\/3295\/revisions"}],"wp:featuredmedia":[{"embeddable":true,"href":"https:\/\/zumbalaturba.com.ar\/index.php?rest_route=\/wp\/v2\/media\/3297"}],"wp:attachment":[{"href":"https:\/\/zumbalaturba.com.ar\/index.php?rest_route=%2Fwp%2Fv2%2Fmedia&parent=3295"}],"wp:term":[{"taxonomy":"category","embeddable":true,"href":"https:\/\/zumbalaturba.com.ar\/index.php?rest_route=%2Fwp%2Fv2%2Fcategories&post=3295"},{"taxonomy":"post_tag","embeddable":true,"href":"https:\/\/zumbalaturba.com.ar\/index.php?rest_route=%2Fwp%2Fv2%2Ftags&post=3295"}],"curies":[{"name":"wp","href":"https:\/\/api.w.org\/{rel}","templated":true}]}}