{"id":3336,"date":"2017-06-11T04:14:26","date_gmt":"2017-06-11T04:14:26","guid":{"rendered":"http:\/\/zumbalaturba.com.ar\/?p=3336"},"modified":"2017-06-11T04:42:32","modified_gmt":"2017-06-11T04:42:32","slug":"german-siman-en-la-nota-azul-anticipamos-el-disco-de-la-cordoba-jazz-orchestra-y-lo-que-sera-el-jazz","status":"publish","type":"post","link":"https:\/\/zumbalaturba.com.ar\/?p=3336","title":{"rendered":"Germ\u00e1n Siman en La Nota Azul: anticipamos el disco de la C\u00f3rdoba Jazz Orchestra y lo que ser\u00e1 el Jazz"},"content":{"rendered":"<p style=\"padding-left: 120px;\"><span style=\"font-size: 14pt;\">En este programa n\u00famero 99 de <a href=\"http:\/\/lanotaazul.com.ar\/\" target=\"_blank\" rel=\"noopener noreferrer\"><strong>La Nota Azul<\/strong><\/a>, correspondiente al s\u00e1bado 10 de mayo de 2017, recibimos la visita nada menos que de <strong>Germ\u00e1n Siman<\/strong>, adelantamos <strong><em>Comechingonia<\/em><\/strong>, el disco que presentar\u00e1 la <strong>C\u00f3rdoba Jazz Orchestra<\/strong>, y algo de lo que ser\u00e1 el <strong>C\u00f3rdoba Jazz Camp<\/strong> este a\u00f1o en su doceava edici\u00f3n. Por el aire de radio <a href=\"https:\/\/www.facebook.com\/zumba.laturba\/?ref=page_internal\" target=\"_blank\" rel=\"noopener noreferrer\"><strong>Zumba La Turba<\/strong><\/a>, FM 99.5, C\u00f3rdoba, Argentina.<\/span><\/p>\n<p style=\"padding-left: 30px;\"><iframe id=\"audio_19191741\" style=\"border: 1px solid #EEE; box-sizing: border-box; width: 100%;\" src=\"https:\/\/ar.ivoox.com\/es\/player_ej_19191741_4_1.html?c1=ff6600\" width=\"300\" height=\"200\" frameborder=\"0\" scrolling=\"no\" allowfullscreen=\"allowfullscreen\"><\/iframe><\/p>\n<p><span style=\"font-size: 14pt;\">Largamos con <strong>Lionel Hampton<\/strong> y lo escuchamos con su orquesta y su septeto, en el piano, en la bater\u00eda y en el vibr\u00e1fono&#8230;<\/span><\/p>\n<p><span style=\"font-size: 14pt;\">Recibimos la visita de <strong>Germ\u00e1n Siman<\/strong>, director de <strong>La Escuelita<\/strong>\u00a0<strong>Escuela de M\u00fasica C\u00f3rdoba<\/strong> y organizador del <strong>C\u00f3rdoba Jazz Camp<\/strong>. Trae un anticipo de lo que ser\u00e1 <em><strong>Comechingonia<\/strong><\/em>, el disco de la <strong>C\u00f3rdoba Jazz Orchestra<\/strong>, proyecto en el que se desempe\u00f1a como baterista y en la producci\u00f3n ejecutiva. <a href=\"https:\/\/www.facebook.com\/events\/1332316556881817\/\" target=\"_blank\" rel=\"noopener noreferrer\">La orquesta presentar\u00e1 <em><strong>Comechingonia<\/strong><\/em>\u00a0el pr\u00f3ximo mi\u00e9rcoles 21 de junio en el Sal\u00f3n de Actos de la UNC<\/a>.<\/span><\/p>\n<p><img fetchpriority=\"high\" decoding=\"async\" class=\"aligncenter wp-image-821 size-full\" src=\"http:\/\/lanotaazul.com.ar\/wp-content\/uploads\/2016\/12\/C\u00f3rdoba-Jazz-Orchestra.jpg\" alt=\"\" width=\"960\" height=\"360\" \/><\/p>\n<p>&nbsp;<\/p>\n<p><span style=\"font-size: 14pt;\">Desde el a\u00f1o 2015, y bajo la direcci\u00f3n musical de <strong>Nicol\u00e1s <img decoding=\"async\" class=\"alignright wp-image-831\" src=\"http:\/\/lanotaazul.com.ar\/wp-content\/uploads\/2017\/06\/C\u00f3rdoba-Jazz-Orchestra-300x300.jpg\" alt=\"\" width=\"180\" height=\"180\" \/>Ocampo<\/strong>, la <strong>C\u00f3rdoba Jazz\u00a0Orchestra<\/strong> propone un programa de m\u00fasica in\u00e9dita para Big Band, con arreglos de m\u00fasica de compositores cordobeses de jazz. Algo de este trabajo es el que registra el \u00e1lbum <em><strong>Comechingonia<\/strong><\/em>. Escuchamos m\u00fasica de <strong>Cristian Andrada<\/strong>, de <strong>Mart\u00edn Dellavedova<\/strong> y del propio <strong>Nicol\u00e1s Ocampo<\/strong> arreglada para la CJO.<\/span><\/p>\n<p><span style=\"font-size: 14pt;\"><img decoding=\"async\" class=\"alignleft wp-image-826\" src=\"http:\/\/lanotaazul.com.ar\/wp-content\/uploads\/2016\/12\/Martin-Dellavedova.jpg\" alt=\"\" width=\"238\" height=\"212\" \/>Tambi\u00e9n suena algo de <em><strong>\u00d3smosis<\/strong><\/em>, gran disco de <strong>Mart\u00edn Dellavedova<\/strong> con su cuarteto, y regalamos un ejemplar del excelente \u00e1lbum <em><strong>Manovuotometro<\/strong><\/em> del <strong>Lucas Rochaix Quinteto<\/strong>.<\/span><\/p>\n<p><span style=\"font-size: 14pt;\">Adem\u00e1s, charlamos con <strong>Germ\u00e1n Siman<\/strong> acerca de lo que ser\u00e1 la doceava edici\u00f3n del <strong>C\u00f3rdoba Jazz Camp<\/strong> este a\u00f1o. Un evento formativo que deja muchos e incalculables frutos sobre el jazz que se produce en C\u00f3rdoba y en el pa\u00eds.<\/span><\/p>\n<p>&nbsp;<\/p>\n<figure id=\"attachment_836\" aria-describedby=\"caption-attachment-836\" style=\"width: 592px\" class=\"wp-caption aligncenter\"><img loading=\"lazy\" decoding=\"async\" class=\" wp-image-836\" src=\"http:\/\/lanotaazul.com.ar\/wp-content\/uploads\/2017\/06\/Germ\u00e1n-Siman-en-LNA.jpg\" alt=\"\" width=\"592\" height=\"334\" \/><figcaption id=\"caption-attachment-836\" class=\"wp-caption-text\">Germ\u00e1n Siman en La Nota Azul<\/figcaption><\/figure>\n<p><span style=\"font-size: 14pt;\">Escuchamos la m\u00fasica del reciente primer disco como l\u00edder de <strong>Sergio Wagner<\/strong> con su grupo, editado por el sello <strong>Blue Art<\/strong> de Rosario. Y cerramos el programa con m\u00fasica de <strong>Abel Rogantini<\/strong>, que tendr\u00e1 una participaci\u00f3n especial en el <a href=\"https:\/\/www.facebook.com\/events\/106813476550514\/\" target=\"_blank\" rel=\"noopener noreferrer\"><strong>C\u00f3rdoba Jazz Camp 2017<\/strong><\/a>.<\/span><\/p>\n<p><span style=\"font-size: 14pt;\">Todo eso y mucho m\u00e1s en dos horas de jazz, m\u00fasica y radio&#8230;<\/span><\/p>\n<p><strong>\u25ba<\/strong><a href=\"http:\/\/lanotaazul.com.ar\/programas\/german-siman-en-la-nota-azul-anticipamos-el-disco-de-la-cordoba-jazz-orchestra-y-lo-que-sera-en-jazz-camp-2017\/\" target=\"_blank\"><strong> ESCUCHALO TAMBI\u00c9N POR AC\u00c1<\/strong><\/a><\/p>\n<audio class=\"wp-audio-shortcode\" id=\"audio-3336-1\" preload=\"none\" style=\"width: 100%;\" controls=\"controls\"><source type=\"audio\/mpeg\" src=\"http:\/\/lanotaazul.com.ar\/wp-content\/uploads\/2017\/06\/13-LA-NOTA-AZUL-10-06-2017.mp3?_=1\" \/><a href=\"http:\/\/lanotaazul.com.ar\/wp-content\/uploads\/2017\/06\/13-LA-NOTA-AZUL-10-06-2017.mp3\">http:\/\/lanotaazul.com.ar\/wp-content\/uploads\/2017\/06\/13-LA-NOTA-AZUL-10-06-2017.mp3<\/a><\/audio>\n<div class='share-to-whatsapp-wrapper'><div class='share-on-whsp'>Share on: <\/div><div class='clear '><\/div><\/div>","protected":false},"excerpt":{"rendered":"<p>En este programa n\u00famero 99 de La Nota Azul, correspondiente al s\u00e1bado 10 de mayo de 2017, recibimos la visita nada menos que de Germ\u00e1n Siman, adelantamos Comechingonia, el disco que presentar\u00e1 la C\u00f3rdoba Jazz Orchestra, y algo de lo que ser\u00e1 el C\u00f3rdoba Jazz Camp este a\u00f1o en su doceava edici\u00f3n. Por el aire [&hellip;]<\/p>\n","protected":false},"author":14,"featured_media":3337,"comment_status":"open","ping_status":"open","sticky":false,"template":"","format":"standard","meta":{"footnotes":""},"categories":[261],"tags":[81,52,293,305,296,166],"class_list":["post-3336","post","type-post","status-publish","format-standard","has-post-thumbnail","hentry","category-la-nota-azul","tag-agenda-cultural","tag-cultura","tag-jazz","tag-jazz-federal-club","tag-la-nota-azul","tag-musica"],"_links":{"self":[{"href":"https:\/\/zumbalaturba.com.ar\/index.php?rest_route=\/wp\/v2\/posts\/3336","targetHints":{"allow":["GET"]}}],"collection":[{"href":"https:\/\/zumbalaturba.com.ar\/index.php?rest_route=\/wp\/v2\/posts"}],"about":[{"href":"https:\/\/zumbalaturba.com.ar\/index.php?rest_route=\/wp\/v2\/types\/post"}],"author":[{"embeddable":true,"href":"https:\/\/zumbalaturba.com.ar\/index.php?rest_route=\/wp\/v2\/users\/14"}],"replies":[{"embeddable":true,"href":"https:\/\/zumbalaturba.com.ar\/index.php?rest_route=%2Fwp%2Fv2%2Fcomments&post=3336"}],"version-history":[{"count":0,"href":"https:\/\/zumbalaturba.com.ar\/index.php?rest_route=\/wp\/v2\/posts\/3336\/revisions"}],"wp:featuredmedia":[{"embeddable":true,"href":"https:\/\/zumbalaturba.com.ar\/index.php?rest_route=\/wp\/v2\/media\/3337"}],"wp:attachment":[{"href":"https:\/\/zumbalaturba.com.ar\/index.php?rest_route=%2Fwp%2Fv2%2Fmedia&parent=3336"}],"wp:term":[{"taxonomy":"category","embeddable":true,"href":"https:\/\/zumbalaturba.com.ar\/index.php?rest_route=%2Fwp%2Fv2%2Fcategories&post=3336"},{"taxonomy":"post_tag","embeddable":true,"href":"https:\/\/zumbalaturba.com.ar\/index.php?rest_route=%2Fwp%2Fv2%2Ftags&post=3336"}],"curies":[{"name":"wp","href":"https:\/\/api.w.org\/{rel}","templated":true}]}}