{"id":341,"date":"2013-05-27T16:34:00","date_gmt":"2013-05-27T16:34:00","guid":{"rendered":"http:\/\/zumbalaturba.com.ar\/2013\/05\/27\/en-el-ojo-de-la-tormenta-23-de-mayo-de-2013\/"},"modified":"2013-05-27T16:34:00","modified_gmt":"2013-05-27T16:34:00","slug":"en-el-ojo-de-la-tormenta-23-de-mayo-de-2013","status":"publish","type":"post","link":"https:\/\/zumbalaturba.com.ar\/?p=341","title":{"rendered":"En el Ojo de la tormenta &#8211; 23 de mayo de 2013"},"content":{"rendered":"<p><a href=\"https:\/\/fbcdn-sphotos-e-a.akamaihd.net\/hphotos-ak-snc6\/248042_10200927657143237_2003652646_n.jpg\"><img decoding=\"async\" alt=\"\" src=\"https:\/\/fbcdn-sphotos-e-a.akamaihd.net\/hphotos-ak-snc6\/248042_10200927657143237_2003652646_n.jpg\" style=\"float: left; margin: 4px; width: 150px;\" \/><\/a>En el Ojo de la Tormenta, el programa de Indymedia Cordoba&#8230; EMISION DEL 23 DE MAYO DE 2013<\/p>\n<p>En este programa: <span data-ft=\"{&quot;tn&quot;:&quot;K&quot;}\">m\u00f3viles  en vivo desde la <b>marcha contra Monsanto<\/b> -Hernan de Clase P\u00fablica y Alfredo de la Asamblea Malvinas lucha por la vida-, hablaremos con compa\u00f1erxs de  <b>Capilla del Monte en torno a la especulaci\u00f3n inmobiliaria<\/b>,  profundizaremos con Luz, integrante de M\u00e9dicos del Mundo, en torno al fallo de la C\u00e1mara que <b>declar\u00f3  inconstiucional el protocolo de atenci\u00f3n de abortos no punibles <\/b>de <span>C\u00f3rdoba, nos comunicaremos con compa\u00f1erxs de <b>Radio La Negra de  El Bols\u00f3n, en conflicto por los megaemprendimientos tur\u00edsticos<\/b> que  presionan para lotear, la <b>represi\u00f3n a la comunidad Qom <\/b>en Formosa con audios de FM La Caterva&#8230; y claro est\u00e1, la segunda columna radial del  colectivo <a data-hovercard=\"\/ajax\/hovercard\/user.php?id=100001181863123&amp;extragetparams=%7B%22directed_target_id%22%3A0%7D\" href=\"https:\/\/www.facebook.com\/llanocordoba?directed_target_id=0\">Llano En Llamas<\/a> en el ojo de la tormenta!!<\/span><\/span><iframe allowfullscreen=\"\" frameborder=\"0\" height=\"120\" scrolling=\"no\" src=\"http:\/\/www.ivoox.com\/player_ej_2072948_1.html\" width=\"100%\"><\/iframe><\/p>\n<div class='share-to-whatsapp-wrapper'><div class='share-on-whsp'>Share on: <\/div><div class='clear '><\/div><\/div>","protected":false},"excerpt":{"rendered":"<p>En el Ojo de la Tormenta, el programa de Indymedia Cordoba&#8230; EMISION DEL 23 DE MAYO DE 2013 En este programa: m\u00f3viles en vivo desde la marcha contra Monsanto -Hernan de Clase P\u00fablica y Alfredo de la Asamblea Malvinas lucha por la vida-, hablaremos con compa\u00f1erxs de Capilla del Monte en torno a la especulaci\u00f3n [&hellip;]<\/p>\n","protected":false},"author":2,"featured_media":0,"comment_status":"open","ping_status":"open","sticky":false,"template":"","format":"standard","meta":{"footnotes":""},"categories":[148,5],"tags":[6,171,21],"class_list":["post-341","post","type-post","status-publish","format-standard","hentry","category-en-el-ojo-de-la-tormenta","category-transfeminismos","tag-aborto","tag-indymedia","tag-represion"],"_links":{"self":[{"href":"https:\/\/zumbalaturba.com.ar\/index.php?rest_route=\/wp\/v2\/posts\/341","targetHints":{"allow":["GET"]}}],"collection":[{"href":"https:\/\/zumbalaturba.com.ar\/index.php?rest_route=\/wp\/v2\/posts"}],"about":[{"href":"https:\/\/zumbalaturba.com.ar\/index.php?rest_route=\/wp\/v2\/types\/post"}],"author":[{"embeddable":true,"href":"https:\/\/zumbalaturba.com.ar\/index.php?rest_route=\/wp\/v2\/users\/2"}],"replies":[{"embeddable":true,"href":"https:\/\/zumbalaturba.com.ar\/index.php?rest_route=%2Fwp%2Fv2%2Fcomments&post=341"}],"version-history":[{"count":0,"href":"https:\/\/zumbalaturba.com.ar\/index.php?rest_route=\/wp\/v2\/posts\/341\/revisions"}],"wp:attachment":[{"href":"https:\/\/zumbalaturba.com.ar\/index.php?rest_route=%2Fwp%2Fv2%2Fmedia&parent=341"}],"wp:term":[{"taxonomy":"category","embeddable":true,"href":"https:\/\/zumbalaturba.com.ar\/index.php?rest_route=%2Fwp%2Fv2%2Fcategories&post=341"},{"taxonomy":"post_tag","embeddable":true,"href":"https:\/\/zumbalaturba.com.ar\/index.php?rest_route=%2Fwp%2Fv2%2Ftags&post=341"}],"curies":[{"name":"wp","href":"https:\/\/api.w.org\/{rel}","templated":true}]}}