{"id":3423,"date":"2017-06-21T03:23:52","date_gmt":"2017-06-21T03:23:52","guid":{"rendered":"http:\/\/zumbalaturba.com.ar\/?p=3423"},"modified":"2017-06-21T03:23:52","modified_gmt":"2017-06-21T03:23:52","slug":"documental-la-cena-blanca-de-romina","status":"publish","type":"post","link":"https:\/\/zumbalaturba.com.ar\/?p=3423","title":{"rendered":"Documental: &#8220;La cena blanca de Romina&#8221;"},"content":{"rendered":"<p><img fetchpriority=\"high\" decoding=\"async\" class=\"size-medium wp-image-3424 alignleft\" src=\"https:\/\/zumbalaturba.com.ar\/wp-content\/uploads\/2017\/06\/cenablanca-300x201.jpg\" alt=\"cenablanca\" width=\"300\" height=\"201\" srcset=\"https:\/\/zumbalaturba.com.ar\/wp-content\/uploads\/2017\/06\/cenablanca-300x201.jpg 300w, https:\/\/zumbalaturba.com.ar\/wp-content\/uploads\/2017\/06\/cenablanca-768x514.jpg 768w, https:\/\/zumbalaturba.com.ar\/wp-content\/uploads\/2017\/06\/cenablanca-1024x686.jpg 1024w, https:\/\/zumbalaturba.com.ar\/wp-content\/uploads\/2017\/06\/cenablanca.jpg 1280w\" sizes=\"(max-width: 300px) 100vw, 300px\" \/>El 15 de junio en el Cine Gaumont se estren\u00f3 <strong>&#8220;La cena blanca de Romina&#8221;, un documental dirigido por Francisco Rizzi y Hern\u00e1n Mart\u00edn que recupera la historia de Romina Tejerina<\/strong>, la joven condenada por matar a su beba producto de una violaci\u00f3n en Jujuy, que qued\u00f3 impune. La \u201ccena blanca\u201d hace referencia a la noche en la cual las j\u00f3venes juje\u00f1as celebran el fin de su escuela secundaria. Una instancia vital que Romina no pudo atravesar por encontrarse privada de su libertad. <strong>Desde el Enredando las Ma\u00f1anas conversamos con Hern\u00e1n Mart\u00edn,<\/strong> uno de los realizadores.<\/p>\n<p><iframe src=\"http:\/\/ar.ivoox.com\/es\/player_ej_19374369_2_1.html?data=kp6gmZmXepqhhpywj5WdaZS1kpmah5yncZKhhpywj5WRaZi3jpWah5yncabi1dfS2M7XuMKfwpC1x9fSpc-frsbf1s7SaZO3jMnW1MrHuNDmjMnSjYqWdq3VjMjS0MaPps3Vz8jOj4qbh47GwsnW0ZC-uc7WwpDZw5C4udPWwpKSmaiRdA..&amp;\" width=\"100%\" height=\"200\" frameborder=\"0\" scrolling=\"no\" allowfullscreen=\"allowfullscreen\"><\/iframe><\/p>\n<p>Hern\u00e1n nos manifestaba que <i>&#8220;nos impact\u00f3 de entrada el caso, y nos impact\u00f3 tambi\u00e9n c\u00f3mo se comenzaron a organizar las mujeres y los hombres para luchar por su libertad. Nos pareci\u00f3 interesante partir del caso de Romina, que es una situaci\u00f3n extrema a la que llevan todos los estad\u00edos de la violencia hacia la mujer&#8221;.<\/i><\/p>\n<p>El director se\u00f1ala que lo caracter\u00edstico de la situaci\u00f3n atravesada por Romina es que <i>&#8220;incluye todas las etapas de la violencia hacia la mujer y cuando nos fuimos a meter en Jujuy vimos que se pod\u00eda desentramar todos los condicionamientos sociales, culturales, pol\u00edticos, que llevan a una chica de 17 o 18 a\u00f1os a esta situaci\u00f3n extrema. <\/i> <i>De alguna manera nos enfocamos en el caso de Romina para poder desentramar todo lo que hay alrededor de esto y no extraer solo en el caso de romina, sino mostrar que estos mecanismos funcionan a nivel general no solo en San Pedro de Jujuy\u201d.<\/i><\/p>\n<p>&nbsp;<\/p>\n<p>La gacetilla que difundi\u00f3 el estreno refleja esta perspectiva: <i>\u201cRomina pari\u00f3 en un ba\u00f1o, sola, una beba prematura, y la mat\u00f3. Dijo que vio en ella la cara de su violador. Hab\u00eda ocultado el embarazo. En el hospital negaron la autopsia que hubiera confirmado el tiempo de gestaci\u00f3n, si era aborto o infanticidio. Del hospital fue a la c\u00e1rcel. La secretaria de Derechos Humanos provincial pidi\u00f3 perpetua para esa chica pobre y rebelde que, como dec\u00eda la fiscal, bailaba con polleras cort\u00edsimas. El cura organiz\u00f3 misas callejeras para que se resignara y no apelara la condena. El intendente opin\u00f3 que a nadie la violan si no quiere\u201d.<\/i><\/p>\n<p>&nbsp;<\/p>\n<p>El trabajo de los directores, con gui\u00f3n de Olga Viglieca, es fruto de diez a\u00f1os de trabajo. Mart\u00edn se\u00f1ala que el proyecto fue originalmente escrito en 2007, apenas un a\u00f1o despu\u00e9s de que el Encuentro Nacional de Mujeres se realizara en Jujuy y miles fueran a rodear el penal para exigir la libertad de Romina. Luego de que el INCAA aprobara el proyecto en 2009, Mart\u00edn y Rizzi viajaron dos veces a San Pedro y a San Salvador de Jujuy, en el a\u00f1o 2012 y 2014. Entre medio, luego de cumplir 9 a\u00f1os privada de su libertad, Romina fue liberada, cuando ya ten\u00eda 29 a\u00f1os. Los a\u00f1os que rodearon este trabajo, explica el director, hicieron que fuera empalmando<i> \u201ctambi\u00e9n con el movimiento de mujeres que se nacionaliz\u00f3 e incluso se internacionaliz\u00f3 con el #NiUnaMenos, los paros de mujeres. Nosotros concebimos la pel\u00edcula desde un principio como un aporte a la lucha por su libertad (&#8230;) la vemos como un aporte a la lucha por todas las Rominas que lamentablemente sigue habiendo\u201d.<\/i><\/p>\n<p>&nbsp;<\/p>\n<p>Al respecto, explica Mart\u00edn, <i>\u201cesta pel\u00edcula puede aportar porque da cuenta c\u00f3mo el problema de la violencia hacia la mujer no es un problema individual, ni de Romina ni de ninguna de las mujeres en particular, ni incluso de los hombres, sino que es una estructura construida socialmente en la cual est\u00e1 involucrado, por supuesto, el estado, en todas sus formas\u201d.<\/i><\/p>\n<p>En relaci\u00f3n a la difusi\u00f3n, la idea de los realizadores es que el documental se proyecte durante dos semanas en el cine Gaumont y luego circule por cines del resto del pa\u00eds y, explica Mart\u00edn, <i>\u201ctambi\u00e9n no s\u00f3lo en cines, sino en las organizaciones de mujeres que quieran utilizarla como un disparador de un debate\u201d.<\/i><\/p>\n<div class='share-to-whatsapp-wrapper'><div class='share-on-whsp'>Share on: <\/div><div class='clear '><\/div><\/div>","protected":false},"excerpt":{"rendered":"<p>El 15 de junio en el Cine Gaumont se estren\u00f3 &#8220;La cena blanca de Romina&#8221;, un documental dirigido por Francisco Rizzi y Hern\u00e1n Mart\u00edn que recupera la historia de Romina Tejerina, la joven condenada por matar a su beba producto de una violaci\u00f3n en Jujuy, que qued\u00f3 impune. La \u201ccena blanca\u201d hace referencia a la [&hellip;]<\/p>\n","protected":false},"author":6,"featured_media":3424,"comment_status":"open","ping_status":"open","sticky":false,"template":"","format":"standard","meta":{"footnotes":""},"categories":[18,5],"tags":[7,335,660,659],"class_list":["post-3423","post","type-post","status-publish","format-standard","has-post-thumbnail","hentry","category-elm","category-transfeminismos","tag-feminismos","tag-generos","tag-infanticidio","tag-romina-tejerina"],"_links":{"self":[{"href":"https:\/\/zumbalaturba.com.ar\/index.php?rest_route=\/wp\/v2\/posts\/3423","targetHints":{"allow":["GET"]}}],"collection":[{"href":"https:\/\/zumbalaturba.com.ar\/index.php?rest_route=\/wp\/v2\/posts"}],"about":[{"href":"https:\/\/zumbalaturba.com.ar\/index.php?rest_route=\/wp\/v2\/types\/post"}],"author":[{"embeddable":true,"href":"https:\/\/zumbalaturba.com.ar\/index.php?rest_route=\/wp\/v2\/users\/6"}],"replies":[{"embeddable":true,"href":"https:\/\/zumbalaturba.com.ar\/index.php?rest_route=%2Fwp%2Fv2%2Fcomments&post=3423"}],"version-history":[{"count":0,"href":"https:\/\/zumbalaturba.com.ar\/index.php?rest_route=\/wp\/v2\/posts\/3423\/revisions"}],"wp:featuredmedia":[{"embeddable":true,"href":"https:\/\/zumbalaturba.com.ar\/index.php?rest_route=\/wp\/v2\/media\/3424"}],"wp:attachment":[{"href":"https:\/\/zumbalaturba.com.ar\/index.php?rest_route=%2Fwp%2Fv2%2Fmedia&parent=3423"}],"wp:term":[{"taxonomy":"category","embeddable":true,"href":"https:\/\/zumbalaturba.com.ar\/index.php?rest_route=%2Fwp%2Fv2%2Fcategories&post=3423"},{"taxonomy":"post_tag","embeddable":true,"href":"https:\/\/zumbalaturba.com.ar\/index.php?rest_route=%2Fwp%2Fv2%2Ftags&post=3423"}],"curies":[{"name":"wp","href":"https:\/\/api.w.org\/{rel}","templated":true}]}}