{"id":3467,"date":"2017-06-18T20:10:26","date_gmt":"2017-06-18T20:10:26","guid":{"rendered":"http:\/\/zumbalaturba.com.ar\/?p=3467"},"modified":"2017-06-25T20:32:38","modified_gmt":"2017-06-25T20:32:38","slug":"la-nota-azul-100-de-dizzy-gillespie-y-thelonious-monk-a-la-revolucion-rusa","status":"publish","type":"post","link":"https:\/\/zumbalaturba.com.ar\/?p=3467","title":{"rendered":"La Nota Azul 100: de Dizzy Gillespie y Thelonious Monk a la Revoluci\u00f3n Rusa"},"content":{"rendered":"<p style=\"padding-left: 120px;\"><span style=\"font-size: 14pt;\"><em>Programa n\u00famero 100 de <\/em><a href=\"http:\/\/lanotaazul.com.ar\/\" target=\"_blank\" rel=\"noopener noreferrer\"><strong>La Nota Azul<\/strong><\/a><em>, correspondiente al s\u00e1bado 17 de mayo de 2017. Radio <\/em><strong>Zumba La Turba<\/strong><em>, FM 99.5.\u00a0Comenzamos a celebrar estos cien programas con mucha m\u00fasica, emocionantes saludos de amigos y m\u00fasicos y novedades exclusivas.<\/em><\/span><\/p>\n<p><iframe id=\"audio_19452939\" style=\"border: 1px solid #EEE; box-sizing: border-box; width: 100%;\" src=\"https:\/\/ar.ivoox.com\/es\/player_ej_19452939_4_1.html?c1=ff6600\" width=\"300\" height=\"200\" frameborder=\"0\" scrolling=\"no\" allowfullscreen=\"allowfullscreen\"><\/iframe><\/p>\n<p><span style=\"font-size: 14pt;\">Largamos con <strong>Dizzy Gillespie<\/strong>, en el a\u00f1o de su centenario. Lo escuchamos junto a <strong>Thelonius Monk<\/strong> quien tambi\u00e9n cumplir\u00eda 100 a\u00f1os.<img fetchpriority=\"high\" decoding=\"async\" class=\"alignright wp-image-847\" src=\"http:\/\/lanotaazul.com.ar\/wp-content\/uploads\/2017\/06\/ivo-perelman-soul-300x300.jpg\" alt=\"\" width=\"254\" height=\"254\" \/><\/span><\/p>\n<p><span style=\"font-size: 14pt;\">Luego es el turno del free jazz y la improvisaci\u00f3n. Escuchamos el excelente \u00e1lbum <em><strong>Soul<\/strong><\/em> de <strong>Ivo Perelman<\/strong> con <strong>Mathew Shipp<\/strong>, <strong>Michael Bisio<\/strong> y <strong>Whit Dickey<\/strong>.<\/span><\/p>\n<p><span style=\"font-size: 14pt;\">Recibimos saludos de grandes amigos y oyentes del programa. Para satisfacerlos, escuchamos a <strong>Tigran Hamasyan<\/strong> con <strong>Frank Woeste<\/strong>: <strong><em>The Libretto Dialogues<\/em><\/strong>.<\/span><\/p>\n<p><span style=\"font-size: 14pt;\">Escuchamos tambi\u00e9n a <strong>Sergio Wagner<\/strong> con su grupo y apreciamos su excelente \u00e1lbum <em><strong>Ed\u00e9n<\/strong><\/em>.<\/span><\/p>\n<p><span style=\"font-size: 14pt;\">El <strong>Jazz Federal Club<\/strong> trae la grat\u00edsima noticia del disco de <strong>Niebla<\/strong>, del hist\u00f3rico grupo de jazz de Salta: <strong><em>Entre la Niebla y la Realidad<\/em><\/strong> llega despu\u00e9s de 30 a\u00f1os y es una primicia en <strong>La Nota Azul<\/strong>.<\/span><\/p>\n<p><span style=\"font-size: 14pt;\">2017 tambi\u00e9n es el centenario de la Revoluci\u00f3n Rusa y nos acercamos a ella con <strong>Anatoly Vapirov<\/strong> y su <strong>Leningrad Jazz Ensemble<\/strong>, grabado en 1976.<\/span><\/p>\n<div id='gallery-1' class='gallery galleryid-3467 gallery-columns-2 gallery-size-medium'><figure class='gallery-item'>\n\t\t\t<div class='gallery-icon landscape'>\n\t\t\t\t<img decoding=\"async\" width=\"300\" height=\"263\" src=\"https:\/\/zumbalaturba.com.ar\/wp-content\/uploads\/2017\/06\/9327-recital-de-niebla-de-su-esperado-primer-disco-de-jazz-latino-300x263.jpg\" class=\"attachment-medium size-medium\" alt=\"\" srcset=\"https:\/\/zumbalaturba.com.ar\/wp-content\/uploads\/2017\/06\/9327-recital-de-niebla-de-su-esperado-primer-disco-de-jazz-latino-300x263.jpg 300w, https:\/\/zumbalaturba.com.ar\/wp-content\/uploads\/2017\/06\/9327-recital-de-niebla-de-su-esperado-primer-disco-de-jazz-latino.jpg 684w\" sizes=\"(max-width: 300px) 100vw, 300px\" \/>\n\t\t\t<\/div><\/figure><figure class='gallery-item'>\n\t\t\t<div class='gallery-icon portrait'>\n\t\t\t\t<img decoding=\"async\" width=\"297\" height=\"300\" src=\"https:\/\/zumbalaturba.com.ar\/wp-content\/uploads\/2017\/06\/Anatoly-Vapirov-Leningrado-Jazz-297x300.jpg\" class=\"attachment-medium size-medium\" alt=\"\" srcset=\"https:\/\/zumbalaturba.com.ar\/wp-content\/uploads\/2017\/06\/Anatoly-Vapirov-Leningrado-Jazz-297x300.jpg 297w, https:\/\/zumbalaturba.com.ar\/wp-content\/uploads\/2017\/06\/Anatoly-Vapirov-Leningrado-Jazz-768x775.jpg 768w, https:\/\/zumbalaturba.com.ar\/wp-content\/uploads\/2017\/06\/Anatoly-Vapirov-Leningrado-Jazz-1014x1024.jpg 1014w, https:\/\/zumbalaturba.com.ar\/wp-content\/uploads\/2017\/06\/Anatoly-Vapirov-Leningrado-Jazz.jpg 1585w\" sizes=\"(max-width: 297px) 100vw, 297px\" \/>\n\t\t\t<\/div><\/figure>\n\t\t<\/div>\n\n<p><span style=\"font-size: 14pt;\">Todo eso y mucho m\u00e1s en dos horas de jazz, m\u00fasica y radio.<\/span><\/p>\n<p><span style=\"font-size: 14pt;\"><a href=\"http:\/\/lanotaazul.com.ar\/programas\/la-nota-azul-100-de-dizzy-gillespie-y-thelonious-monk-a-la-revolucion-rusa\/\" target=\"_blank\" rel=\"noopener noreferrer\"><strong>ESCUCHALO TAMBI\u00c9N AC\u00c1<\/strong><\/a><\/span><\/p>\n<div class='share-to-whatsapp-wrapper'><div class='share-on-whsp'>Share on: <\/div><div class='clear '><\/div><\/div>","protected":false},"excerpt":{"rendered":"<p>Programa n\u00famero 100 de La Nota Azul, correspondiente al s\u00e1bado 17 de mayo de 2017. Radio Zumba La Turba, FM 99.5.\u00a0Comenzamos a celebrar estos cien programas con mucha m\u00fasica, emocionantes saludos de amigos y m\u00fasicos y novedades exclusivas. Largamos con Dizzy Gillespie, en el a\u00f1o de su centenario. Lo escuchamos junto a Thelonius Monk quien [&hellip;]<\/p>\n","protected":false},"author":14,"featured_media":3470,"comment_status":"open","ping_status":"open","sticky":false,"template":"","format":"standard","meta":{"footnotes":""},"categories":[261],"tags":[81,52,293,305,296,166],"class_list":["post-3467","post","type-post","status-publish","format-standard","has-post-thumbnail","hentry","category-la-nota-azul","tag-agenda-cultural","tag-cultura","tag-jazz","tag-jazz-federal-club","tag-la-nota-azul","tag-musica"],"_links":{"self":[{"href":"https:\/\/zumbalaturba.com.ar\/index.php?rest_route=\/wp\/v2\/posts\/3467","targetHints":{"allow":["GET"]}}],"collection":[{"href":"https:\/\/zumbalaturba.com.ar\/index.php?rest_route=\/wp\/v2\/posts"}],"about":[{"href":"https:\/\/zumbalaturba.com.ar\/index.php?rest_route=\/wp\/v2\/types\/post"}],"author":[{"embeddable":true,"href":"https:\/\/zumbalaturba.com.ar\/index.php?rest_route=\/wp\/v2\/users\/14"}],"replies":[{"embeddable":true,"href":"https:\/\/zumbalaturba.com.ar\/index.php?rest_route=%2Fwp%2Fv2%2Fcomments&post=3467"}],"version-history":[{"count":0,"href":"https:\/\/zumbalaturba.com.ar\/index.php?rest_route=\/wp\/v2\/posts\/3467\/revisions"}],"wp:featuredmedia":[{"embeddable":true,"href":"https:\/\/zumbalaturba.com.ar\/index.php?rest_route=\/wp\/v2\/media\/3470"}],"wp:attachment":[{"href":"https:\/\/zumbalaturba.com.ar\/index.php?rest_route=%2Fwp%2Fv2%2Fmedia&parent=3467"}],"wp:term":[{"taxonomy":"category","embeddable":true,"href":"https:\/\/zumbalaturba.com.ar\/index.php?rest_route=%2Fwp%2Fv2%2Fcategories&post=3467"},{"taxonomy":"post_tag","embeddable":true,"href":"https:\/\/zumbalaturba.com.ar\/index.php?rest_route=%2Fwp%2Fv2%2Ftags&post=3467"}],"curies":[{"name":"wp","href":"https:\/\/api.w.org\/{rel}","templated":true}]}}