{"id":3472,"date":"2017-06-25T21:03:33","date_gmt":"2017-06-25T21:03:33","guid":{"rendered":"http:\/\/zumbalaturba.com.ar\/?p=3472"},"modified":"2017-06-25T21:03:33","modified_gmt":"2017-06-25T21:03:33","slug":"celebramos-la-musica-el-jazz-y-la-radio-en-la-nota-azul","status":"publish","type":"post","link":"https:\/\/zumbalaturba.com.ar\/?p=3472","title":{"rendered":"Celebramos la m\u00fasica, el jazz y la radio en La Nota Azul"},"content":{"rendered":"<p style=\"padding-left: 90px;\"><span style=\"font-size: 14pt;\"><em>Programa especial de <\/em><a href=\"https:\/\/www.facebook.com\/lanotaazulradio\/\" target=\"_blank\" rel=\"noopener noreferrer\"><strong>La Nota Azul<\/strong><\/a><em>: celebramos la m\u00fasica, el jazz y la radio con muchos amigos invitados. Emisi\u00f3n n\u00famero 101, correspondiente al s\u00e1bado 24 de mayo de 2017, por radio <\/em><a href=\"https:\/\/zumbalaturba.com.ar\/\" target=\"_blank\" rel=\"noopener noreferrer\"><strong>Zumba La Turba<\/strong><\/a><em>, FM 99.5, C\u00f3rdoba, Argentina.\u00a0<\/em><\/span><\/p>\n<p><iframe id=\"audio_19453208\" style=\"border: 1px solid #EEE; box-sizing: border-box; width: 100%;\" src=\"https:\/\/ar.ivoox.com\/es\/player_ej_19453208_4_1.html?c1=ff6600\" width=\"300\" height=\"200\" frameborder=\"0\" scrolling=\"no\" allowfullscreen=\"allowfullscreen\"><\/iframe><\/p>\n<p><span style=\"font-size: 14pt;\">Iniciamos el programa con <strong>James Carter<\/strong> y su disco <em>The Real Quiet Storm<\/em> del a\u00f1o <img fetchpriority=\"high\" decoding=\"async\" class=\"alignright size-medium wp-image-859\" src=\"http:\/\/lanotaazul.com.ar\/wp-content\/uploads\/2017\/06\/James-Carter-300x300.jpg\" alt=\"\" width=\"300\" height=\"300\" \/>1994.\u00a0Nacido en 1969 en Detroit, Estados Unidos, con s\u00f3lo 17 a\u00f1os ya estaba haciendo giras junto a Wynton Marsalis y, poco despu\u00e9s, ya integraba la banda de Lester Bowie. Nutrido as\u00ed entre el jazz neocl\u00e1sico y la vanguardia, no parece haber lenguaje de jazz que no sea su h\u00e1bitat. Desde el bebop, el hard bop, hasta las baladas, el funk urbano, el free jazz; desde lo fren\u00e9tico hasta lo meloso; desde lo arriesgado hasta lo comercial. As\u00ed, con la m\u00fasica del saxofonista <strong>James Carter<\/strong>, una \u201cverdadera tormenta tranquila\u201d, abrimos <strong>La Nota Azul<\/strong> de hoy.<\/span><\/p>\n<p><span style=\"font-size: 14pt;\">Charlamos con <strong>Jos\u00e9 Fern\u00e1ndez<\/strong> de <strong>Zumba La Turba<\/strong> sobre la propuesta de la radio y el trabajo de los medios alternativos.<\/span><\/p>\n<p><span style=\"font-size: 14pt;\">Comentamos lo que fue el concierto de presentaci\u00f3n de <strong><em>Comechingonia<\/em><\/strong>, primer \u00e1lbum de la <strong>C\u00f3rdoba Jazz Orchestra<\/strong> el pasado mi\u00e9rcoles en el Pabell\u00f3n Argentina de la UNC, y escuchamos parte de este tremendo disco.<\/span><\/p>\n<figure id=\"attachment_854\" aria-describedby=\"caption-attachment-854\" style=\"width: 535px\" class=\"wp-caption aligncenter\"><img decoding=\"async\" class=\" wp-image-854\" src=\"http:\/\/lanotaazul.com.ar\/wp-content\/uploads\/2017\/06\/CORDOBA-JAZZ-ORCHESTRA-por-Daniela-Chaves-1024x768.jpg\" alt=\"\" width=\"535\" height=\"401\" \/><figcaption id=\"caption-attachment-854\" class=\"wp-caption-text\">CORDOBA JAZZ ORCHESTRA presenta Comechingonia. Foto de Daniela Chaves<\/figcaption><\/figure>\n<p><span style=\"font-size: 14pt;\">Luego llega <strong>Cordelia Andrada<\/strong>, gran cantante, amiga y parte del programa. Recordamos algunas presentaciones suyas en el programa y disfrutamos la m\u00fasica de <strong>Andy Bey<\/strong> que nos trajo: <strong><em>Ballads, Blues &amp; Bey<\/em><\/strong>.<\/span><\/p>\n<p><span style=\"font-size: 14pt;\">Tambi\u00e9n recibimos la siempre c\u00e1lida e interesante visita de <strong>Federico Tosello<\/strong> que comenta la etapa actual de su vida musical y su trabajo sumamente intenso.<\/span><\/p>\n<p><span style=\"font-size: 14pt;\">El <strong>Jazz Federal Club<\/strong> se nutre tambi\u00e9n de la m\u00fasica de <strong>El Sos\u00edas<\/strong>, d\u00fao de los hermanos Osvaldo y Rodolfo Tornello de Mendoza. Escuchamos <em>Ellos est\u00e1n de vuelta<\/em>.<\/span><\/p>\n<p><span style=\"font-size: 14pt;\">Para cerrar este programa especial presentamos <strong><em>Cumulus Mingus<\/em><\/strong>, \u00e1lbum de la tremenda agrupaci\u00f3n <strong>Mingunos<\/strong>, que celebra la m\u00fasica de <strong>Charles Mingus.<\/strong><\/span><\/p>\n<p><span style=\"font-size: 14pt;\">Todo eso y mucho m\u00e1s en dos horas de m\u00fasica, jazz y radio.<\/span><\/p>\n<p><img decoding=\"async\" class=\"aligncenter wp-image-861\" src=\"http:\/\/lanotaazul.com.ar\/wp-content\/uploads\/2017\/06\/La-Nota-Azul-101.jpg\" alt=\"\" width=\"586\" height=\"329\" \/><\/p>\n<p>&nbsp;<\/p>\n<p><span style=\"font-size: 14pt;\"><a href=\"http:\/\/lanotaazul.com.ar\/programas\/celebramos-la-musica-el-jazz-y-la-radio-en-la-nota-azul\/\" target=\"_blank\" rel=\"noopener noreferrer\">ESCUCHALO TAMBI\u00c9N POR AC\u00c1<\/a><\/span><\/p>\n<p>&nbsp;<\/p>\n<div class='share-to-whatsapp-wrapper'><div class='share-on-whsp'>Share on: <\/div><div class='clear '><\/div><\/div>","protected":false},"excerpt":{"rendered":"<p>Programa especial de La Nota Azul: celebramos la m\u00fasica, el jazz y la radio con muchos amigos invitados. Emisi\u00f3n n\u00famero 101, correspondiente al s\u00e1bado 24 de mayo de 2017, por radio Zumba La Turba, FM 99.5, C\u00f3rdoba, Argentina.\u00a0 Iniciamos el programa con James Carter y su disco The Real Quiet Storm del a\u00f1o 1994.\u00a0Nacido en [&hellip;]<\/p>\n","protected":false},"author":14,"featured_media":3473,"comment_status":"open","ping_status":"open","sticky":false,"template":"","format":"standard","meta":{"footnotes":""},"categories":[261],"tags":[81,52,293,305,296,166],"class_list":["post-3472","post","type-post","status-publish","format-standard","has-post-thumbnail","hentry","category-la-nota-azul","tag-agenda-cultural","tag-cultura","tag-jazz","tag-jazz-federal-club","tag-la-nota-azul","tag-musica"],"_links":{"self":[{"href":"https:\/\/zumbalaturba.com.ar\/index.php?rest_route=\/wp\/v2\/posts\/3472","targetHints":{"allow":["GET"]}}],"collection":[{"href":"https:\/\/zumbalaturba.com.ar\/index.php?rest_route=\/wp\/v2\/posts"}],"about":[{"href":"https:\/\/zumbalaturba.com.ar\/index.php?rest_route=\/wp\/v2\/types\/post"}],"author":[{"embeddable":true,"href":"https:\/\/zumbalaturba.com.ar\/index.php?rest_route=\/wp\/v2\/users\/14"}],"replies":[{"embeddable":true,"href":"https:\/\/zumbalaturba.com.ar\/index.php?rest_route=%2Fwp%2Fv2%2Fcomments&post=3472"}],"version-history":[{"count":0,"href":"https:\/\/zumbalaturba.com.ar\/index.php?rest_route=\/wp\/v2\/posts\/3472\/revisions"}],"wp:featuredmedia":[{"embeddable":true,"href":"https:\/\/zumbalaturba.com.ar\/index.php?rest_route=\/wp\/v2\/media\/3473"}],"wp:attachment":[{"href":"https:\/\/zumbalaturba.com.ar\/index.php?rest_route=%2Fwp%2Fv2%2Fmedia&parent=3472"}],"wp:term":[{"taxonomy":"category","embeddable":true,"href":"https:\/\/zumbalaturba.com.ar\/index.php?rest_route=%2Fwp%2Fv2%2Fcategories&post=3472"},{"taxonomy":"post_tag","embeddable":true,"href":"https:\/\/zumbalaturba.com.ar\/index.php?rest_route=%2Fwp%2Fv2%2Ftags&post=3472"}],"curies":[{"name":"wp","href":"https:\/\/api.w.org\/{rel}","templated":true}]}}