{"id":3554,"date":"2017-07-02T02:30:15","date_gmt":"2017-07-02T02:30:15","guid":{"rendered":"http:\/\/zumbalaturba.com.ar\/?p=3554"},"modified":"2017-07-03T19:08:41","modified_gmt":"2017-07-03T19:08:41","slug":"este-26-de-junio-cordoba-ardio-rojinegra","status":"publish","type":"post","link":"https:\/\/zumbalaturba.com.ar\/?p=3554","title":{"rendered":"Este 26 de junio C\u00f3rdoba ardi\u00f3 rojinegra"},"content":{"rendered":"<p style=\"text-align: right;\"><em><img fetchpriority=\"high\" decoding=\"async\" class=\" wp-image-3557 aligncenter\" src=\"https:\/\/zumbalaturba.com.ar\/wp-content\/uploads\/2017\/07\/junioarderojocba-4-300x210.jpg\" alt=\"junioarderojocba (4)\" width=\"376\" height=\"263\" srcset=\"https:\/\/zumbalaturba.com.ar\/wp-content\/uploads\/2017\/07\/junioarderojocba-4-300x210.jpg 300w, https:\/\/zumbalaturba.com.ar\/wp-content\/uploads\/2017\/07\/junioarderojocba-4-768x538.jpg 768w, https:\/\/zumbalaturba.com.ar\/wp-content\/uploads\/2017\/07\/junioarderojocba-4-130x90.jpg 130w, https:\/\/zumbalaturba.com.ar\/wp-content\/uploads\/2017\/07\/junioarderojocba-4.jpg 800w\" sizes=\"(max-width: 376px) 100vw, 376px\" \/><\/em><\/p>\n<p style=\"text-align: right;\"><em>Por RNMA Regional C\u00f3rdoba<\/em><br \/>\n<span style=\"font-size: small;\">Ver <a href=\"https:\/\/www.facebook.com\/media\/set\/?set=a.1091948580905011.1073741878.297639353669275&amp;type=1&amp;l=b64b51808b\">album fotos<\/a><\/span><\/p>\n<p><strong>Junio arde rojo.<\/strong> Como cada 26 desde hace 15 a\u00f1os, en m\u00faltiples puntos del pa\u00eds se organizaron piquetes, cortes, actos y movilizaciones para recordar los asesinatos de Dario Santill\u00e1n y Maximiliano Kosteki en el marco de una de las represiones m\u00e1s brutales sufridas por el pueblo argentino.<\/p>\n<p>Junio arde rojo tambi\u00e9n en C\u00f3rdoba&#8230; y otra vez rojos se ponen los lentes de las c\u00e1maras. Rojo el cielo del atardecer. Rojas las pupilas de mirar intenso y al futuro. Roja la memoria. Rojas esas l\u00e1grimas que tantas veces han reflejado a la vez dolor, bronca y lucha.<\/p>\n<p>Este 26 de junio la memor\u00eda ardi\u00f3 una vez m\u00e1s en el puente Dario y Maxi. En un contexto en el que la calle se hace cada vez m\u00e1s necesaria y vital, junio ardi\u00f3 en las manos que sostienen firmes las banderas. Y en las que se enlazan con las de otrxs compa\u00f1erxs. Junio ardi\u00f3 en esas bocas del canto urgente, la consigna, el grito. Junio ardi\u00f3 en los pies y sigue impuls\u00e1ndolos a andar.<\/p>\n<p>Este 26 ardi\u00f3 otra vez la memoria de Dar\u00edo y Maxi en nuestro puente. un puente hecho nuestro, del movimiento popular, a base de corte y piquete. Un puente ya marcado por las cubiertas quemadas, pero tambi\u00e9n por los colores de la diversidad.<\/p>\n<p><em><img decoding=\"async\" class=\"size-medium wp-image-3555 alignleft\" src=\"https:\/\/zumbalaturba.com.ar\/wp-content\/uploads\/2017\/07\/junioarderojocba-13-300x200.jpg\" alt=\"junioarderojocba (13)\" width=\"300\" height=\"200\" srcset=\"https:\/\/zumbalaturba.com.ar\/wp-content\/uploads\/2017\/07\/junioarderojocba-13-300x200.jpg 300w, https:\/\/zumbalaturba.com.ar\/wp-content\/uploads\/2017\/07\/junioarderojocba-13-768x511.jpg 768w, https:\/\/zumbalaturba.com.ar\/wp-content\/uploads\/2017\/07\/junioarderojocba-13.jpg 800w\" sizes=\"(max-width: 300px) 100vw, 300px\" \/><\/em>Este 26 ardi\u00f3 otra vez la memoria de Dar\u00edo y Maxi. Y en ese arder, no s\u00f3lo nos quema el recuerdo del brutal crimen de su muerte y por el que seguimos exigiendo juicio y castigo a los responsables pol\u00edticos. Arde y quema con mucha m\u00e1s intensidad su ejemplo de vida, de compromiso, de solidaridad, de rebeld\u00eda y moral revolucionaria. Arden y queman, Dar\u00edo y Maxi, como continuidad hist\u00f3rica de una juventud protagonista de todas las luchas de nuestro pueblo. Y que se sigue multiplicando.<\/p>\n<p>Este 26, en C\u00f3rdoba, ardi\u00f3 tambi\u00e9n, y camin\u00f3 con nosotrxs, el fuego calmo pero intenso, el fuego paciente y firme de Rosa, la mam\u00e1 de David Moreno, el ni\u00f1o asesinado el 20 de diciembre de 2001 en la represi\u00f3n a la rebeli\u00f3n popular del 19 y 20 y que aun camina exigiendo justicia.<\/p>\n<p>Este 26, adem\u00e1s, se enredaron en nuestra memoria otras luchadoras que hicieron arder rojo otros junios. Ardi\u00f3 con nosotrxs tambi\u00e9n el recuerdo de la Negra Viviana Avenda\u00f1o, la negra, la torta, la comunista, la piquetera, quien el 10 de junio de 2000, luego de levantado el piquete en Cruz del Eje, muriera en un &#8220;accidente&#8221; vial inexplicable.<\/p>\n<p><img decoding=\"async\" class=\" wp-image-3556 alignright\" src=\"https:\/\/zumbalaturba.com.ar\/wp-content\/uploads\/2017\/07\/junioarderojocba-20-300x135.jpg\" alt=\"junioarderojocba (20)\" width=\"404\" height=\"182\" srcset=\"https:\/\/zumbalaturba.com.ar\/wp-content\/uploads\/2017\/07\/junioarderojocba-20-300x135.jpg 300w, https:\/\/zumbalaturba.com.ar\/wp-content\/uploads\/2017\/07\/junioarderojocba-20-768x347.jpg 768w, https:\/\/zumbalaturba.com.ar\/wp-content\/uploads\/2017\/07\/junioarderojocba-20.jpg 800w\" sizes=\"(max-width: 404px) 100vw, 404px\" \/>Este 26, ardi\u00f3 especialmente vivo un fuego bravo, el fuego de la ausencia presente de Maite Amaya. Nuestra trava piquetera, feminista y libertaria, que a partir de este junio seguir\u00e1 caminando en nuestras luchas, de otros modos.<\/p>\n<p>Porque este junio ardi\u00f3 rojo.<br \/>\nPero en C\u00f3rdoba, tambi\u00e9n ardi\u00f3 rojinegro.<br \/>\nY violeta.<br \/>\nY ardi\u00f3 con llamas de todos los colores de la disidencia.<\/p>\n<p>Porque &#8220;Hoy m\u00e1s que nunca, levantamos bien altas las banderas por las que luchaban los compa\u00f1eros,\u00a0 entendiendo la necesidad de avanzar en unidad por un verdadero cambio social, que avance hacia nuestros anhelos de terminar con todo tipo de explotaci\u00f3n y opresiones. Levantamos bien altas las banderas del movimiento piquetero, de la clase obrera en su conjunto, de las y los estudiantes, de los trabajadores y las trabajadoras de la tierra, de los pueblos originarios, de los movimientos de mujeres, feministas, socioambientales, lgttbi, de las diversidades y disidencias sexuales,\u00a0 y de todas las luchas populares&#8221; (documento consensuado por las organizaciones convocantes).<\/p>\n<p>\u00a1\u00a1DARIO Y MAXI PRESENTES!!<br \/>\n\u00a1\u00a1DAVID MORENO PRESENTE!!<br \/>\n\u00a1\u00a1NEGRA AVENDA\u00d1O PRESENTE!!<br \/>\n\u00a1\u00a1MAITE AMAYA PRESENTE!!<\/p>\n<p>\u00a1\u00a1AHORA Y SIEMPRE!!<\/p>\n<p><iframe src=\"https:\/\/www.youtube.com\/embed\/ikzSsec3Ivo\" width=\"560\" height=\"315\" frameborder=\"0\" allowfullscreen=\"allowfullscreen\"><\/iframe><\/p>\n<p>&nbsp;<\/p>\n<div class='share-to-whatsapp-wrapper'><div class='share-on-whsp'>Share on: <\/div><div class='clear '><\/div><\/div>","protected":false},"excerpt":{"rendered":"<p>Por RNMA Regional C\u00f3rdoba Ver album fotos Junio arde rojo. Como cada 26 desde hace 15 a\u00f1os, en m\u00faltiples puntos del pa\u00eds se organizaron piquetes, cortes, actos y movilizaciones para recordar los asesinatos de Dario Santill\u00e1n y Maximiliano Kosteki en el marco de una de las represiones m\u00e1s brutales sufridas por el pueblo argentino. Junio [&hellip;]<\/p>\n","protected":false},"author":6,"featured_media":3557,"comment_status":"open","ping_status":"open","sticky":false,"template":"","format":"standard","meta":{"footnotes":""},"categories":[3,29,5],"tags":[679,511,680,682,681],"class_list":["post-3554","post","type-post","status-publish","format-standard","has-post-thumbnail","hentry","category-rnma","category-trabajadores-en-lucha","category-transfeminismos","tag-dario-y-maxi","tag-david-moreno","tag-maite-amaya","tag-masacre-de-avellaneda","tag-negra-viviana-avendano"],"_links":{"self":[{"href":"https:\/\/zumbalaturba.com.ar\/index.php?rest_route=\/wp\/v2\/posts\/3554","targetHints":{"allow":["GET"]}}],"collection":[{"href":"https:\/\/zumbalaturba.com.ar\/index.php?rest_route=\/wp\/v2\/posts"}],"about":[{"href":"https:\/\/zumbalaturba.com.ar\/index.php?rest_route=\/wp\/v2\/types\/post"}],"author":[{"embeddable":true,"href":"https:\/\/zumbalaturba.com.ar\/index.php?rest_route=\/wp\/v2\/users\/6"}],"replies":[{"embeddable":true,"href":"https:\/\/zumbalaturba.com.ar\/index.php?rest_route=%2Fwp%2Fv2%2Fcomments&post=3554"}],"version-history":[{"count":0,"href":"https:\/\/zumbalaturba.com.ar\/index.php?rest_route=\/wp\/v2\/posts\/3554\/revisions"}],"wp:featuredmedia":[{"embeddable":true,"href":"https:\/\/zumbalaturba.com.ar\/index.php?rest_route=\/wp\/v2\/media\/3557"}],"wp:attachment":[{"href":"https:\/\/zumbalaturba.com.ar\/index.php?rest_route=%2Fwp%2Fv2%2Fmedia&parent=3554"}],"wp:term":[{"taxonomy":"category","embeddable":true,"href":"https:\/\/zumbalaturba.com.ar\/index.php?rest_route=%2Fwp%2Fv2%2Fcategories&post=3554"},{"taxonomy":"post_tag","embeddable":true,"href":"https:\/\/zumbalaturba.com.ar\/index.php?rest_route=%2Fwp%2Fv2%2Ftags&post=3554"}],"curies":[{"name":"wp","href":"https:\/\/api.w.org\/{rel}","templated":true}]}}