{"id":3580,"date":"2017-07-02T14:33:29","date_gmt":"2017-07-02T14:33:29","guid":{"rendered":"http:\/\/zumbalaturba.com.ar\/?p=3580"},"modified":"2017-07-02T14:33:29","modified_gmt":"2017-07-02T14:33:29","slug":"lonely-woman-y-el-jazz-mirando-mas-aca","status":"publish","type":"post","link":"https:\/\/zumbalaturba.com.ar\/?p=3580","title":{"rendered":"Lonely Woman y el jazz mirando m\u00e1s ac\u00e1&#8230;"},"content":{"rendered":"<p style=\"padding-left: 180px;\"><em><span style=\"font-size: 14pt;\">\u00abAntes de ser conocido como m\u00fasico, yo trabajaba para una gran tienda. Un d\u00eda, durante mi hora de almuerzo, me met\u00ed a una galer\u00eda, <\/span><span style=\"font-size: 14pt;\">all\u00ed vi en un cuadro pintada a<\/span><span style=\"font-size: 14pt;\">\u00a0una mujer blanca muy rica que ten\u00eda absolutamente todo lo que usted podr\u00eda desear en la vida. Y t<\/span><span style=\"font-size: 14pt;\">en\u00eda la expresi\u00f3n m\u00e1s solitaria del mundo. Nunca me hab\u00eda enfrentado a tal soledad, y cuando volv\u00ed a casa, escrib\u00ed una pieza que llam\u00e9 &#8220;Mujer solitaria&#8221;\u00bb.\u00a0<\/span><\/em><span style=\"font-size: 14pt;\">As\u00ed, con esta presentaci\u00f3n de <strong>Lonely Woman<\/strong> en palabras del propio <strong>Ornette Coleman<\/strong>, entrevistado por Jacques Derrida, comenzamos este programa\u00a0<\/span><span style=\"font-size: 14pt;\">n\u00famero 102 de <\/span><span style=\"font-size: 14pt;\"><strong>La Nota Azul<\/strong><\/span><span style=\"font-size: 14pt;\">, correspondiente al s\u00e1bado 1 de julio de 2017. Por radio <\/span><span style=\"font-size: 14pt;\"><strong>Zumba La Turba<\/strong><\/span><span style=\"font-size: 14pt;\">, FM 99.5, C\u00f3rdoba, Argentina<\/span><em><span style=\"font-size: 14pt;\">.<\/span><\/em><\/p>\n<p><iframe id=\"audio_19581357\" style=\"border: 1px solid #EEE; box-sizing: border-box; width: 100%;\" src=\"https:\/\/ar.ivoox.com\/es\/player_ej_19581357_4_1.html?c1=ff6600\" width=\"300\" height=\"200\" frameborder=\"0\" scrolling=\"no\" allowfullscreen=\"allowfullscreen\"><\/iframe><\/p>\n<p>&nbsp;<\/p>\n<p><span style=\"font-size: 14pt;\">Largamos con <strong>Lonely Woman<\/strong>, cl\u00e1sica composici\u00f3n<img fetchpriority=\"high\" decoding=\"async\" class=\"alignright wp-image-872 \" src=\"http:\/\/lanotaazul.com.ar\/wp-content\/uploads\/2017\/07\/Charlie-Haden-Etudes-300x300.jpg\" alt=\"\" width=\"250\" height=\"250\" \/> de <strong>Ornette Coleman<\/strong>, y la escuchamos en tres interpretaciones diferentes. Primero, para abrir el programa, a cargo\u00a0de <strong>Charlie Haden<\/strong> con <strong>Don Cherry<\/strong> y <strong>Ed Blackwell<\/strong> en vivo en el Festival de Jazz de Montreal, Canad\u00e1, en el a\u00f1o 1989: <strong><em>The Montreal Tapes<\/em><\/strong>. Luego es el turno de <strong>Charlie Haden<\/strong> en solitario con su contrabajo. Y en tercer lugar escuchamos al tr\u00edo de <strong>Charlie Haden<\/strong> con <strong>Paul Motian<\/strong> y <strong>Geri Allen<\/strong>, enorme pianista estadounidense fallecida el pasado martes 27 de junio. Es el peque\u00f1o homenaje de este programa a esta pianista que fue uno de los pocos pianos que formaron grupo con Ornette Coleman. El \u00e1lbum: <strong><em>Etudes<\/em><\/strong>, de 1988.<\/span><\/p>\n<p><img decoding=\"async\" class=\"aligncenter wp-image-876\" src=\"http:\/\/lanotaazul.com.ar\/wp-content\/uploads\/2017\/07\/Geri-Allen.jpg\" alt=\"\" width=\"523\" height=\"416\" \/><\/p>\n<p>&nbsp;<\/p>\n<p><span style=\"font-size: 14pt;\">Luego presentamos el<img decoding=\"async\" class=\"wp-image-881 alignright\" src=\"http:\/\/lanotaazul.com.ar\/wp-content\/uploads\/2017\/07\/RamiroBarriosTrio.jpg\" alt=\"\" width=\"353\" height=\"324\" \/> excelente disco de\u00a0<strong>Ramiro Barrios Tr\u00edo<\/strong>: <strong><em>Mirando m\u00e1s ac\u00e1<\/em><\/strong>, lanzado recientemente. El \u00e1lbum incluye composiciones originales de <strong>Ramiro Barrios<\/strong>, adem\u00e1s de arreglos de m\u00fasica nada menos que de Astor Piazzolla, Gustavo &#8220;Cuchi&#8221; Leguizam\u00f3n y Leo Brouwer. A la guitarra de Barrios se suman en el disco <strong>Roberto Seitz<\/strong> en contrabajo y <strong>Daniel &#8220;Pipi&#8221; Piazzolla<\/strong> en bater\u00eda, m\u00e1s los invitados <strong>Santiago Kurchan<\/strong> en saxo soprano y <strong>Hern\u00e1n &#8220;Cucuza&#8221; Castiello<\/strong> en voz.<\/span><\/p>\n<p>&nbsp;<\/p>\n<p><span style=\"font-size: 14pt;\">Dialogamos con <strong>Ramiro Barrios<\/strong> que habla sobre la idea est\u00e9tica del \u00e1lbum, el grupo y sobre la pr\u00f3xima presentaci\u00f3n en <em>Boris Club de Jazz<\/em>, entre otros muchos temas.<\/span><\/p>\n<p>&nbsp;<\/p>\n<p><span style=\"font-size: 14pt;\">Luego es el turno de presentar lo nuevo de <strong>Christian Scott<\/strong>: <strong><em>Diaspora<\/em><\/strong>, segunda entrega de <strong><em>The Centennial Trilogy<\/em><\/strong>.<\/span><\/p>\n<p><span style=\"font-size: 14pt;\">Tambi\u00e9n, parte de la agenda de jazz en C\u00f3rdoba, con la m\u00fasica del <strong>Pablo Reartes Tr\u00edo<\/strong> que est\u00e1 presentando su disco <strong><em>En Propias Manos<\/em><\/strong>.<\/span><\/p>\n<p><span style=\"font-size: 14pt;\">Y cerramos con <strong>Jamiroquai<\/strong>, que vuelve a Argentina el pr\u00f3ximo 14 de diciembre.<\/span><\/p>\n<p><span style=\"font-size: 14pt;\">Todo eso y mucho m\u00e1s en dos intensas horas de m\u00fasica, jazz y radio.<\/span><\/p>\n<p>&nbsp;<\/p>\n<p><span style=\"font-size: 14pt;\"><strong><a href=\"http:\/\/lanotaazul.com.ar\/programas\/lonely-woman-y-el-jazz-mirando-mas-aca\/\" target=\"_blank\" rel=\"noopener noreferrer\">ESCUCHALO TAMBI\u00c9N POR AC\u00c1<\/a><\/strong><\/span><\/p>\n<audio class=\"wp-audio-shortcode\" id=\"audio-3580-1\" preload=\"none\" style=\"width: 100%;\" controls=\"controls\"><source type=\"audio\/mpeg\" src=\"http:\/\/lanotaazul.com.ar\/wp-content\/uploads\/2017\/07\/16-LA-NOTA-AZUL-01-07-2017-16.mp3?_=1\" \/><a href=\"http:\/\/lanotaazul.com.ar\/wp-content\/uploads\/2017\/07\/16-LA-NOTA-AZUL-01-07-2017-16.mp3\">http:\/\/lanotaazul.com.ar\/wp-content\/uploads\/2017\/07\/16-LA-NOTA-AZUL-01-07-2017-16.mp3<\/a><\/audio>\n<div class='share-to-whatsapp-wrapper'><div class='share-on-whsp'>Share on: <\/div><div class='clear '><\/div><\/div>","protected":false},"excerpt":{"rendered":"<p>\u00abAntes de ser conocido como m\u00fasico, yo trabajaba para una gran tienda. Un d\u00eda, durante mi hora de almuerzo, me met\u00ed a una galer\u00eda, all\u00ed vi en un cuadro pintada a\u00a0una mujer blanca muy rica que ten\u00eda absolutamente todo lo que usted podr\u00eda desear en la vida. Y ten\u00eda la expresi\u00f3n m\u00e1s solitaria del mundo. [&hellip;]<\/p>\n","protected":false},"author":14,"featured_media":3581,"comment_status":"open","ping_status":"open","sticky":false,"template":"","format":"standard","meta":{"footnotes":""},"categories":[261],"tags":[81,52,293,305,296,166],"class_list":["post-3580","post","type-post","status-publish","format-standard","has-post-thumbnail","hentry","category-la-nota-azul","tag-agenda-cultural","tag-cultura","tag-jazz","tag-jazz-federal-club","tag-la-nota-azul","tag-musica"],"_links":{"self":[{"href":"https:\/\/zumbalaturba.com.ar\/index.php?rest_route=\/wp\/v2\/posts\/3580","targetHints":{"allow":["GET"]}}],"collection":[{"href":"https:\/\/zumbalaturba.com.ar\/index.php?rest_route=\/wp\/v2\/posts"}],"about":[{"href":"https:\/\/zumbalaturba.com.ar\/index.php?rest_route=\/wp\/v2\/types\/post"}],"author":[{"embeddable":true,"href":"https:\/\/zumbalaturba.com.ar\/index.php?rest_route=\/wp\/v2\/users\/14"}],"replies":[{"embeddable":true,"href":"https:\/\/zumbalaturba.com.ar\/index.php?rest_route=%2Fwp%2Fv2%2Fcomments&post=3580"}],"version-history":[{"count":0,"href":"https:\/\/zumbalaturba.com.ar\/index.php?rest_route=\/wp\/v2\/posts\/3580\/revisions"}],"wp:featuredmedia":[{"embeddable":true,"href":"https:\/\/zumbalaturba.com.ar\/index.php?rest_route=\/wp\/v2\/media\/3581"}],"wp:attachment":[{"href":"https:\/\/zumbalaturba.com.ar\/index.php?rest_route=%2Fwp%2Fv2%2Fmedia&parent=3580"}],"wp:term":[{"taxonomy":"category","embeddable":true,"href":"https:\/\/zumbalaturba.com.ar\/index.php?rest_route=%2Fwp%2Fv2%2Fcategories&post=3580"},{"taxonomy":"post_tag","embeddable":true,"href":"https:\/\/zumbalaturba.com.ar\/index.php?rest_route=%2Fwp%2Fv2%2Ftags&post=3580"}],"curies":[{"name":"wp","href":"https:\/\/api.w.org\/{rel}","templated":true}]}}