{"id":3654,"date":"2017-07-09T06:54:53","date_gmt":"2017-07-09T06:54:53","guid":{"rendered":"http:\/\/zumbalaturba.com.ar\/?p=3654"},"modified":"2017-07-09T06:54:53","modified_gmt":"2017-07-09T06:54:53","slug":"el-jazz-en-un-gesto-perdurable-de-billie-holiday-a-esteban-sehinkman-y-no-tan-trio-en-la-nota-azul","status":"publish","type":"post","link":"https:\/\/zumbalaturba.com.ar\/?p=3654","title":{"rendered":"El jazz en un gesto perdurable: De Billie Holiday a Esteban Sehinkman y No Tan Tr\u00edo en La Nota Azul"},"content":{"rendered":"<p style=\"padding-left: 150px;\">&#8220;<em>Hay un gesto. En realidad no es s\u00f3lo ese, pero el momento en que se muerde, apenas, el labio inferior y asiente, despu\u00e9s de la entrada de Lester Young, condensa un mundo. Ese instante en que apenas sonr\u00ede y se la ve inundarse de algo tan cercano a la m\u00fasica -y s\u00f3lo a ella- a partir de una frase de blues que Lester repite dos veces y que toca como si no hubiera ninguna otra cosa en el mundo, como si antes no hubiera tocado Ben Webster y no existiera nada que no fuera un sonido puro; ese latido, ese m\u00ednimo temblor que ya presagia a su voz, es Billie Holiday.<\/em>&#8221; <strong>Diego Fischerman<\/strong>: &#8220;<em>El temblor de Lady Day<\/em>&#8220;.<\/p>\n<p><iframe id=\"audio_19696682\" style=\"border: 1px solid #EEE; box-sizing: border-box; width: 100%;\" src=\"https:\/\/ar.ivoox.com\/es\/player_ej_19696682_4_1.html?c1=ff6600\" width=\"300\" height=\"200\" frameborder=\"0\" scrolling=\"no\" allowfullscreen=\"allowfullscreen\"><\/iframe><\/p>\n<p>As\u00ed arrancamos este programa n\u00famero 103 de <a href=\"http:\/\/lanotaazul.com.ar\/\" target=\"_blank\"><strong>La Nota Azul<\/strong><\/a>, correspondiente al s\u00e1bado 8 <img fetchpriority=\"high\" decoding=\"async\" class=\"alignright size-medium wp-image-3659\" src=\"https:\/\/zumbalaturba.com.ar\/wp-content\/uploads\/2017\/07\/billie_holiday-body_and_soul_a-300x300.jpg\" alt=\"billie_holiday-body_and_soul_a\" width=\"300\" height=\"300\" srcset=\"https:\/\/zumbalaturba.com.ar\/wp-content\/uploads\/2017\/07\/billie_holiday-body_and_soul_a-300x300.jpg 300w, https:\/\/zumbalaturba.com.ar\/wp-content\/uploads\/2017\/07\/billie_holiday-body_and_soul_a-768x768.jpg 768w, https:\/\/zumbalaturba.com.ar\/wp-content\/uploads\/2017\/07\/billie_holiday-body_and_soul_a.jpg 1000w\" sizes=\"(max-width: 300px) 100vw, 300px\" \/>de julio de 2017, por el aire de radio <strong>Zumba La Turba<\/strong>. Comenzamos con <strong>Billie Holiday<\/strong>, a partir de una imagen\u00a0que recuerda <strong>Diego Fischerman<\/strong> en su ensayo &#8220;<em>El temblor de Lady Day<\/em>&#8220;, incluido en su nuevo libro publicado por editorial <em>Debate: <strong>El sonido de los sue\u00f1os y otros ensayos sobre m\u00fasica<\/strong><\/em>. Escuchamos para largar a <strong>Billie Holiday and Her All-Stars Band<\/strong> interpretando <strong><em>Fine and Mellow<\/em><\/strong> en vivo en 1957. Tambi\u00e9n algo del disco <strong><em>Body and Soul<\/em><\/strong>, del mismo a\u00f1o.<\/p>\n<p>Luego escuchamos el nuevo trabajo de <strong>P\u00e1jaro de Fuego<\/strong>, proyecto liderado por <strong>Esteban Sehinkman<\/strong>, que aqu\u00ed presenta este nuevo disco, titulado <strong><em>Universo Invertido<\/em><\/strong>, con <strong>Daniel Pipi Piazzolla<\/strong> en bater\u00eda, <strong>Mariano Sivori<\/strong> en bajo, <strong>Lucio Balduini<\/strong> en guitarra y <strong>Mariana Bianchini<\/strong> en voz.<\/p>\n<div id='gallery-1' class='gallery galleryid-3654 gallery-columns-2 gallery-size-medium'><figure class='gallery-item'>\n\t\t\t<div class='gallery-icon landscape'>\n\t\t\t\t<img decoding=\"async\" width=\"300\" height=\"269\" src=\"https:\/\/zumbalaturba.com.ar\/wp-content\/uploads\/2017\/07\/universo-invertido-300x269.jpg\" class=\"attachment-medium size-medium\" alt=\"\" srcset=\"https:\/\/zumbalaturba.com.ar\/wp-content\/uploads\/2017\/07\/universo-invertido-300x269.jpg 300w, https:\/\/zumbalaturba.com.ar\/wp-content\/uploads\/2017\/07\/universo-invertido-768x689.jpg 768w, https:\/\/zumbalaturba.com.ar\/wp-content\/uploads\/2017\/07\/universo-invertido.jpg 950w\" sizes=\"(max-width: 300px) 100vw, 300px\" \/>\n\t\t\t<\/div><\/figure><figure class='gallery-item'>\n\t\t\t<div class='gallery-icon portrait'>\n\t\t\t\t<img decoding=\"async\" width=\"250\" height=\"300\" src=\"https:\/\/zumbalaturba.com.ar\/wp-content\/uploads\/2017\/07\/Esteban-Sehinkman-250x300.jpg\" class=\"attachment-medium size-medium\" alt=\"\" srcset=\"https:\/\/zumbalaturba.com.ar\/wp-content\/uploads\/2017\/07\/Esteban-Sehinkman-250x300.jpg 250w, https:\/\/zumbalaturba.com.ar\/wp-content\/uploads\/2017\/07\/Esteban-Sehinkman-768x922.jpg 768w, https:\/\/zumbalaturba.com.ar\/wp-content\/uploads\/2017\/07\/Esteban-Sehinkman-853x1024.jpg 853w, https:\/\/zumbalaturba.com.ar\/wp-content\/uploads\/2017\/07\/Esteban-Sehinkman.jpg 1000w\" sizes=\"(max-width: 250px) 100vw, 250px\" \/>\n\t\t\t<\/div><\/figure>\n\t\t<\/div>\n\n<p>Dialogamos con el propio <strong>Esteban Sehinkman<\/strong> acerca de <strong>P\u00e1jaro de Fuego<\/strong>, de este reciente disco, de la pr\u00f3xima presentaci\u00f3n en <em>Boris Club de Jazz<\/em> y de su proyecto con el <strong>Real Book Argentina<\/strong>. Escuchamos tambi\u00e9n <strong><em>Memorial<\/em><\/strong>, una composici\u00f3n de Sehinkman, parte del <em>Real Book Argentina<\/em>, a cargo de <strong>Oscar Giunta<\/strong> en bater\u00eda, <strong>Alan Platcha<\/strong> en guitarra y <strong>Carlos Alvarez<\/strong> en bajo.<\/p>\n<p>A continuaci\u00f3n, en el <strong>Jazz Federal Club<\/strong>, presentamos <strong><em>Mentes<\/em><\/strong>, primer disco de la agrupaci\u00f3n <strong>No Tan Tr\u00edo<\/strong>. Nos visita <strong>Bruno Cravero<\/strong>, a cargo de los teclados y algunas composiciones del \u00e1lbum.<br \/>\nCharlamos sobre el disco, la m\u00fasica del <strong>No Tan Tr\u00edo<\/strong>, nutrida por el jazz, el funk, el acento latino y sobre lo que ser\u00e1 la presentaci\u00f3n del \u00e1lbum que se har\u00e1 en el marco del <strong>Ciclo Disco es Cultura<\/strong> el pr\u00f3ximo s\u00e1bado 15 de julio en el Pabell\u00f3n Argentina.<\/p>\n<p><img loading=\"lazy\" decoding=\"async\" class=\"aligncenter wp-image-3666 \" src=\"https:\/\/zumbalaturba.com.ar\/wp-content\/uploads\/2017\/07\/7bKA3YHqR4PZPQg6wuHe7SmufsMZ8DAKWza1venAe-PAQt8QCWwIcuduyh7ULkn8RKzKjQs2048.jpg\" alt=\"Disco es cultura: No Tan Tr\u00edo\" width=\"630\" height=\"236\" srcset=\"https:\/\/zumbalaturba.com.ar\/wp-content\/uploads\/2017\/07\/7bKA3YHqR4PZPQg6wuHe7SmufsMZ8DAKWza1venAe-PAQt8QCWwIcuduyh7ULkn8RKzKjQs2048.jpg 1788w, https:\/\/zumbalaturba.com.ar\/wp-content\/uploads\/2017\/07\/7bKA3YHqR4PZPQg6wuHe7SmufsMZ8DAKWza1venAe-PAQt8QCWwIcuduyh7ULkn8RKzKjQs2048-300x113.jpg 300w, https:\/\/zumbalaturba.com.ar\/wp-content\/uploads\/2017\/07\/7bKA3YHqR4PZPQg6wuHe7SmufsMZ8DAKWza1venAe-PAQt8QCWwIcuduyh7ULkn8RKzKjQs2048-768x288.jpg 768w, https:\/\/zumbalaturba.com.ar\/wp-content\/uploads\/2017\/07\/7bKA3YHqR4PZPQg6wuHe7SmufsMZ8DAKWza1venAe-PAQt8QCWwIcuduyh7ULkn8RKzKjQs2048-1024x384.jpg 1024w\" sizes=\"(max-width: 630px) 100vw, 630px\" \/><\/p>\n<p>Cerramos con <strong><em>Come Together<\/em><\/strong>, de Lennon y McCartney, en la versi\u00f3n del <strong>No Tan Tr\u00edo<\/strong>, con la voz invitada de <strong>Daniela Dalmasso<\/strong>.<\/p>\n<p>Todo eso y mucho m\u00e1s en dos intensas horas de jazz, m\u00fasica y radio.<\/p>\n<p>&nbsp;<\/p>\n<p><img loading=\"lazy\" decoding=\"async\" class=\"aligncenter  wp-image-3667\" src=\"https:\/\/zumbalaturba.com.ar\/wp-content\/uploads\/2017\/07\/En-LA-NOTA-AZUL.jpg\" alt=\"En LA NOTA AZUL\" width=\"558\" height=\"411\" srcset=\"https:\/\/zumbalaturba.com.ar\/wp-content\/uploads\/2017\/07\/En-LA-NOTA-AZUL.jpg 960w, https:\/\/zumbalaturba.com.ar\/wp-content\/uploads\/2017\/07\/En-LA-NOTA-AZUL-300x221.jpg 300w, https:\/\/zumbalaturba.com.ar\/wp-content\/uploads\/2017\/07\/En-LA-NOTA-AZUL-768x566.jpg 768w\" sizes=\"(max-width: 558px) 100vw, 558px\" \/><\/p>\n<div class='share-to-whatsapp-wrapper'><div class='share-on-whsp'>Share on: <\/div><div class='clear '><\/div><\/div>","protected":false},"excerpt":{"rendered":"<p>&#8220;Hay un gesto. En realidad no es s\u00f3lo ese, pero el momento en que se muerde, apenas, el labio inferior y asiente, despu\u00e9s de la entrada de Lester Young, condensa un mundo. Ese instante en que apenas sonr\u00ede y se la ve inundarse de algo tan cercano a la m\u00fasica -y s\u00f3lo a ella- a [&hellip;]<\/p>\n","protected":false},"author":14,"featured_media":3663,"comment_status":"open","ping_status":"open","sticky":false,"template":"","format":"standard","meta":{"footnotes":""},"categories":[261],"tags":[81,52,293,305,296,166],"class_list":["post-3654","post","type-post","status-publish","format-standard","has-post-thumbnail","hentry","category-la-nota-azul","tag-agenda-cultural","tag-cultura","tag-jazz","tag-jazz-federal-club","tag-la-nota-azul","tag-musica"],"_links":{"self":[{"href":"https:\/\/zumbalaturba.com.ar\/index.php?rest_route=\/wp\/v2\/posts\/3654","targetHints":{"allow":["GET"]}}],"collection":[{"href":"https:\/\/zumbalaturba.com.ar\/index.php?rest_route=\/wp\/v2\/posts"}],"about":[{"href":"https:\/\/zumbalaturba.com.ar\/index.php?rest_route=\/wp\/v2\/types\/post"}],"author":[{"embeddable":true,"href":"https:\/\/zumbalaturba.com.ar\/index.php?rest_route=\/wp\/v2\/users\/14"}],"replies":[{"embeddable":true,"href":"https:\/\/zumbalaturba.com.ar\/index.php?rest_route=%2Fwp%2Fv2%2Fcomments&post=3654"}],"version-history":[{"count":0,"href":"https:\/\/zumbalaturba.com.ar\/index.php?rest_route=\/wp\/v2\/posts\/3654\/revisions"}],"wp:featuredmedia":[{"embeddable":true,"href":"https:\/\/zumbalaturba.com.ar\/index.php?rest_route=\/wp\/v2\/media\/3663"}],"wp:attachment":[{"href":"https:\/\/zumbalaturba.com.ar\/index.php?rest_route=%2Fwp%2Fv2%2Fmedia&parent=3654"}],"wp:term":[{"taxonomy":"category","embeddable":true,"href":"https:\/\/zumbalaturba.com.ar\/index.php?rest_route=%2Fwp%2Fv2%2Fcategories&post=3654"},{"taxonomy":"post_tag","embeddable":true,"href":"https:\/\/zumbalaturba.com.ar\/index.php?rest_route=%2Fwp%2Fv2%2Ftags&post=3654"}],"curies":[{"name":"wp","href":"https:\/\/api.w.org\/{rel}","templated":true}]}}