{"id":37,"date":"2016-05-06T01:44:00","date_gmt":"2016-05-06T01:44:00","guid":{"rendered":"http:\/\/zumbalaturba.com.ar\/2016\/05\/06\/degenerando-el-saber-academico\/"},"modified":"2016-05-06T01:44:00","modified_gmt":"2016-05-06T01:44:00","slug":"degenerando-el-saber-academico","status":"publish","type":"post","link":"https:\/\/zumbalaturba.com.ar\/?p=37","title":{"rendered":"Degenerando el saber acad\u00e9mico"},"content":{"rendered":"<div style=\"clear: both; text-align: center;\"><a href=\"https:\/\/2.bp.blogspot.com\/-6UWIFpRK6GA\/VyvndGcefbI\/AAAAAAAAC1I\/3IeiqoK8xSoUJqLY9du6WWJ_8osQT8R8ACLcB\/s1600\/dege%2Bcordoba.jpg\" style=\"clear: left; float: left; margin-bottom: 1em; margin-right: 1em;\"><img decoding=\"async\" border=\"0\" height=\"118\" src=\"https:\/\/2.bp.blogspot.com\/-6UWIFpRK6GA\/VyvndGcefbI\/AAAAAAAAC1I\/3IeiqoK8xSoUJqLY9du6WWJ_8osQT8R8ACLcB\/s320\/dege%2Bcordoba.jpg\" width=\"320\" \/><\/a><\/div>\n<div><span style=\"background-image: initial; background-repeat: initial; font-family: Arial,sans-serif; font-size: 9.5pt; line-height: 107%;\">Durante la semana del 9 al 13 de mayo se desarrollar\u00e1n las jornadas &#8220;Degenerando C\u00f3rdoba&#8221;, organizadas por <i>Cauce<\/i> y <i>Desde el Fuego C\u00f3rdoba<\/i> en la Universidad Nacional de C\u00f3rdoba. Escuchar<\/span><span> <\/span><a data-saferedirecturl=\"https:\/\/www.google.com\/url?hl=es&amp;q=https:\/\/archive.org\/download\/DegeOk\/dege%2520ok.mp3&amp;source=gmail&amp;ust=1462587887133000&amp;usg=AFQjCNEa15zYvy89s5QWI2O2PV5x37M-Ow\" href=\"https:\/\/archive.org\/download\/DegeOk\/dege%20ok.mp3\" target=\"_blank\"><span style=\"background-image: initial; background-repeat: initial; font-family: Arial,sans-serif; font-size: 9.5pt; line-height: 107%;\">entrevista<\/span><\/a><span style=\"background-image: initial; background-repeat: initial; font-family: Arial,sans-serif; font-size: 9.5pt; line-height: 107%;\">.<\/span><span style=\"font-family: Arial,sans-serif; font-size: 9.5pt; line-height: 107%;\"><\/p>\n<p><span style=\"background-image: initial; background-repeat: initial;\">Para entender la propuesta y el recorrido hist\u00f3rico de estas jornadas, Zumba La Turba dialog\u00f3 con <b>Guillermina Huarte, integrante de \u201cDesde el Fuego\u201d y organizadora de la actividad: <\/b>\u201clas Dege son unas jornadas interdisciplinarias de g\u00e9nero y disidencia sexual. Este a\u00f1o va a ser la tercera edici\u00f3n en C\u00f3rdoba y la idea es problematizar, reflexionar y discutir sobre el conocimiento que se construye en el espacio universitario y acad\u00e9mico, porque entendemos que la universidad no est\u00e1 aislada, sino que est\u00e1 atravesada por la divisi\u00f3n binaria y jer\u00e1rquica que construye el h\u00e9teropatriarcado. Esa divisi\u00f3n- agreg\u00f3- coloca determinadas masculinidades en el centro de la producci\u00f3n del conocimiento que justamente es lo que intentamos problematizar. Entonces vemos como necesario, por un lado, problematizarlas dentro la universidad, interpelar a estudiantes y docentes y tambi\u00e9n plantear que el mismo cuerpo tambi\u00e9n necesita problematizarse\u00bb.<\/span><\/p>\n<p><span style=\"background-image: initial; background-repeat: initial;\">Y como estas divisiones se expresan no s\u00f3lo en la producci\u00f3n de conocimiento sino tambi\u00e9n en la circulaci\u00f3n y distribuci\u00f3n de los cuerpos por medio de determinadas exclusiones que descansan sobre las diferencias sexogen\u00e9ricas, las actividades se dar\u00e1n, explica Guillermina, \u00aben las distintas facultades para vincular un poco tambi\u00e9n la especificidad de las carreras y permitir profundizar la discusi\u00f3n\u201d.<\/span><\/span><\/div>\n<div><\/div>\n<div><b><span style=\"background-image: initial; background-repeat: initial; font-family: Arial,sans-serif; font-size: 9.5pt; line-height: 107%;\">Temario<\/span><\/b><span style=\"font-family: Arial,sans-serif; font-size: 9.5pt; line-height: 107%;\"><br \/> <span style=\"background-image: initial; background-repeat: initial;\">El d\u00eda lunes 9 de mayo, el centro de la primera actividad ser\u00e1 la construcci\u00f3n del conocimiento en el \u00e1mbito universitario. La actividad tendr\u00e1 lugar en el hall de la Facultad&nbsp; de Matem\u00e1tica, Astronom\u00eda y F\u00edsica. En el panel de apertura denominado \u201cLa piel que habito. Contraepistemolog\u00edas del cuerpo sexuado\u201d participar\u00e1n Eduardo Mattio, Beto Canseco y Emma Song. \u201cLa idea es analizar la construcci\u00f3n del conocimiento desde una perspectiva cr\u00edtica y de g\u00e9nero, entre otras cosas, que ning\u00fan saber es inocuo o puede encontrarse aislado de las relaciones sociales que lo contienen y que ocntinen&nbsp;a sus ejecutores. Y en ese sentido nos proponemos pensar cu\u00e1l es el rol de las ciencias en la producci\u00f3n, reproducci\u00f3n y legitimaci\u00f3n de las l\u00f3gicas de opresi\u00f3n cisheteropatriarcales\u201d, explic\u00f3. <\/span><\/span><\/div>\n<div><span style=\"background-image: initial; background-repeat: initial; font-family: Arial,sans-serif; font-size: 9.5pt; line-height: 107%;\">Tambi\u00e9n, el d\u00eda martes, el \u201cAsentamiento Fernseh\u201d coordinar\u00e1 un taller. Estas jornadas, ya en su tercera edici\u00f3n en C\u00f3rdoba, se organizan tambi\u00e9n en la ciudad de Buenos Aires y en La Plata.<\/span><span style=\"font-family: Arial,sans-serif; font-size: 9.5pt; line-height: 107%;\"><\/p>\n<p><b><span style=\"background-image: initial; background-repeat: initial;\">Nuevos fuegos<\/span><\/b><span style=\"background-image: initial; background-repeat: initial;\"><\/span><\/span><\/div>\n<div><i><span style=\"background-image: initial; background-repeat: initial; font-family: Arial,sans-serif; font-size: 9.5pt; line-height: 107%;\">Desde el Fuego<\/span><\/i><span style=\"background-image: initial; background-repeat: initial; font-family: Arial,sans-serif; font-size: 9.5pt; line-height: 107%;\"> es una organizaci\u00f3n que se present\u00f3 la semana pasada en C\u00f3rdoba y convoca a esta primera actividad como \u201cuna colectiva disidente, anticapitalistas y antipatriarcales y la idea es sumar organizaci\u00f3n a los feminismos en C\u00f3rdoba. Nuestra idea es articular y poder sumar a estas construcciones ac\u00e1\u201d, detall\u00f3 Guillermina. <\/span><br \/><span style=\"background-image: initial; background-repeat: initial; font-family: Arial,sans-serif; font-size: 9.5pt; line-height: 107%;\">&nbsp;<\/span><\/div>\n<div><span style=\"background-image: initial; background-repeat: initial; font-family: Arial,sans-serif; font-size: 9.5pt; line-height: 107%;\">Contacto: por Facebook, <\/span><a data-saferedirecturl=\"https:\/\/www.google.com\/url?hl=es&amp;q=https:\/\/www.facebook.com\/desde.el.fuego.cba\/?ref%3Dbr_rs&amp;source=gmail&amp;ust=1462587887133000&amp;usg=AFQjCNFe3KTn6zZ8KUcSyd1BOhV7JtVh7A\" href=\"https:\/\/www.facebook.com\/desde.el.fuego.cba\/?ref=br_rs\" target=\"_blank\"><span style=\"background-image: initial; background-repeat: initial; font-family: Arial,sans-serif; font-size: 9.5pt; line-height: 107%;\">Desde el Fuego C\u00f3rdoba<\/span><\/a><span><span style=\"background-image: initial; background-repeat: initial; font-family: Arial,sans-serif; font-size: 9.5pt; line-height: 107%;\"> <\/span><\/span><\/div>\n<div class='share-to-whatsapp-wrapper'><div class='share-on-whsp'>Share on: <\/div><div class='clear '><\/div><\/div>","protected":false},"excerpt":{"rendered":"<p>Durante la semana del 9 al 13 de mayo se desarrollar\u00e1n las jornadas &#8220;Degenerando C\u00f3rdoba&#8221;, organizadas por Cauce y Desde el Fuego C\u00f3rdoba en la Universidad Nacional de C\u00f3rdoba. Escuchar entrevista. Para entender la propuesta y el recorrido hist\u00f3rico de estas jornadas, Zumba La Turba dialog\u00f3 con Guillermina Huarte, integrante de \u201cDesde el Fuego\u201d y [&hellip;]<\/p>\n","protected":false},"author":2,"featured_media":0,"comment_status":"open","ping_status":"open","sticky":false,"template":"","format":"standard","meta":{"footnotes":""},"categories":[5],"tags":[7],"class_list":["post-37","post","type-post","status-publish","format-standard","hentry","category-transfeminismos","tag-feminismos"],"_links":{"self":[{"href":"https:\/\/zumbalaturba.com.ar\/index.php?rest_route=\/wp\/v2\/posts\/37","targetHints":{"allow":["GET"]}}],"collection":[{"href":"https:\/\/zumbalaturba.com.ar\/index.php?rest_route=\/wp\/v2\/posts"}],"about":[{"href":"https:\/\/zumbalaturba.com.ar\/index.php?rest_route=\/wp\/v2\/types\/post"}],"author":[{"embeddable":true,"href":"https:\/\/zumbalaturba.com.ar\/index.php?rest_route=\/wp\/v2\/users\/2"}],"replies":[{"embeddable":true,"href":"https:\/\/zumbalaturba.com.ar\/index.php?rest_route=%2Fwp%2Fv2%2Fcomments&post=37"}],"version-history":[{"count":0,"href":"https:\/\/zumbalaturba.com.ar\/index.php?rest_route=\/wp\/v2\/posts\/37\/revisions"}],"wp:attachment":[{"href":"https:\/\/zumbalaturba.com.ar\/index.php?rest_route=%2Fwp%2Fv2%2Fmedia&parent=37"}],"wp:term":[{"taxonomy":"category","embeddable":true,"href":"https:\/\/zumbalaturba.com.ar\/index.php?rest_route=%2Fwp%2Fv2%2Fcategories&post=37"},{"taxonomy":"post_tag","embeddable":true,"href":"https:\/\/zumbalaturba.com.ar\/index.php?rest_route=%2Fwp%2Fv2%2Ftags&post=37"}],"curies":[{"name":"wp","href":"https:\/\/api.w.org\/{rel}","templated":true}]}}