{"id":3757,"date":"2017-07-16T03:28:54","date_gmt":"2017-07-16T03:28:54","guid":{"rendered":"http:\/\/zumbalaturba.com.ar\/?p=3757"},"modified":"2017-07-16T03:28:54","modified_gmt":"2017-07-16T03:28:54","slug":"caso-porta-sera-justicia-si-hay-justicia-ambiental","status":"publish","type":"post","link":"https:\/\/zumbalaturba.com.ar\/?p=3757","title":{"rendered":"Caso Porta: ser\u00e1 justicia, si hay Justicia Ambiental"},"content":{"rendered":"<p><em>La investigadora Cecilia Carrizo, especialista en tem\u00e1ticas socio-ambientales, repasa la emergencia que atraviesa la Zona Sur de C\u00f3rdoba afectada por la contaminaci\u00f3n de Porta Hnos. Desde el Derecho Ambiental todos los poderes del Estado son responsables.<br \/>\n<\/em><\/p>\n<p><a href=\"https:\/\/ia801502.us.archive.org\/22\/items\/ELM10-07-17AUDIOS\/bloque%204%20vudas.mp3\">Escuchar la entrevista completa aqu\u00ed<\/a><\/p>\n<p>En el marco de la pr\u00f3xima audiencia, convocada por el juez Hugo Vaca Narvaja, para el d\u00eda 07 de agosto, se resolver\u00e1 el recurso de amparo presentado por lxs vecinxs contra la Secretar\u00eda de Energ\u00eda de la Naci\u00f3n por estar la planta de bioetanol Porta Hnos. funcionando sin habilitaci\u00f3n.<\/p>\n<p>Por este motivo, desde el <strong>Enredando las ma\u00f1anas,<\/strong> dialogamos con Cecilia Carrizo, docente e investigadora del Instituto de Investigaci\u00f3n y Formaci\u00f3n en Administraci\u00f3n P\u00fablica (IIFAP) de la Universidad Nacional de C\u00f3rdoba, que viene trabajando en torno a problem\u00e1ticas socio-ambientales que emergen del modelo neo-extractivista. Y acompa\u00f1ando el proceso de lucha de lxs vecinxs de Zona Sur desde el inicio del conflicto. Cecilia nos comparti\u00f3 que su perspectiva de trabajo- junto a docentes, investigadorxs y estudiantes- parte desde la Justicia Ambiental y el Derecho Ambiental entendidos como &#8220;un nuevo sentido de justicia&#8221; con &#8220;plasmaci\u00f3n efectiva en la vida de la gente&#8221;.<\/p>\n<p>La investigadora de la UNC subray\u00f3 el nombre que lxs vecinxs pusieron a su espacio de asamblea y organizaci\u00f3n: Vecinos Unidos en Defensa de un Ambiente Seguro, VUDAS. \u201cEn ese momento [inicial de la organizaci\u00f3n vecinal] estaban los vecinos preocupados por una posible explosi\u00f3n de la f\u00e1brica. Problem\u00e1tica que sigue igual despu\u00e9s de cinco a\u00f1os de trabajo. No ha habido ning\u00fan estudio, ning\u00fan operativo para organizar la evacuaci\u00f3n de la zona. A pesar de las reiteradas explosiones que han sentido los vecinos. Lamentablemente hay un sentido de la seguridad solamente vinculado con el delito menor, pero con estos grandes delitos estan ocultos, y pasan los a\u00f1os y no se solucionan\u201d.<\/p>\n<p>Es as\u00ed que ante el lento proceso de la justicia, como tambi\u00e9n la falta de respuestas y el inocuo accionar del gobierno municipal y provincial frente a este conflicto que lleva ya cinco a\u00f1os, es que lxs vecinxs fueron organiz\u00e1ndose a partir de dolor y de la enfermedad que avasalla sus cuerpos con afecciones cr\u00f3nicas como el asma, conjuntivitis, dermatitis, cefaleas, p\u00f3lipos, e incluso malformaciones y abortos espont\u00e1neos. Entre tantas otras,\u00a0 son los efectos que produce respirar aire invadido de tolueno, formaldeh\u00eddo, etanol\u00a0 y muchos otros componentes qu\u00edmicos necesarios para la producci\u00f3n de este agro-etanol. El cuadro epidemiol\u00f3gico es grave, seg\u00fan los informes de salud del a\u00f1o 2013 y 2016, que realiz\u00f3 Reduas (Red Universitaria de Ambiente y Salud). Cecilia lo explic\u00f3 recuperando nuestro derecho constitucional: \u201cEl ambiente esta resguardado por el da\u00f1o que produce en la salud humana y no humana. Y en el caso de este barrio ya se han hecho tres relevamiento donde han encontrado situaciones de prevalencias de sintom\u00e1ticas que son cr\u00f3nicas, que ya se han instalado\u201d.<\/p>\n<p>La investigadora afirm\u00f3, a su vez, que desde el punto de vista epidemiol\u00f3gico la situaci\u00f3n es grave: &#8220;En ambiente se trabaja con datos epidemiol\u00f3gicos. No hace falta comprobar que este etanol produjo esta enfermedad sino que a partir de relevamientos que afectan a una mancha poblacional se puede trabajar y avanzar en decisiones concretas. Por eso es muy importante la tarea que vienen haciendo estos m\u00e9dicos de la Red \u00a0UAS, en el sentido de un seguimiento sistem\u00e1tico. Esto nos lo ense\u00f1o el doctor [Andr\u00e9s] Carrasco en el juicio Ituzaing\u00f3 [que juzg\u00f3 fumigaciones con agrot\u00f3xicos ilegales].<\/p>\n<p><strong>Ciencia y principio precautorio<\/strong><\/p>\n<p>Cecilia Carrizo abri\u00f3 la discusi\u00f3n sobre los criterios de cientificidad a la hora de recuperar pruebas sobre el da\u00f1o ambiental en poblaciones que est\u00e1n siendo afectadas en su salud e integridad. Explica que \u201cel Derecho Ambiental es un fruto de la ciencia del siglo XX, y del principio de indeterminaci\u00f3n, y de la puesta en cuesti\u00f3n del principio de causalidad, al menos para cuestiones como est\u00e1s. El principio de causalidad puede tener una validez circunscripta a un contexto espec\u00edfico pero en el caso donde se trata de intereses difusos, de salud p\u00fablica, la cientificidad esta de este lado. El principio de indeterminaci\u00f3n marca lo que es el principio precautorio. No hace falta que la ciencia se ponga de acuerdo, sino que hay que extremar las medidas precautorias, y hacer un sistema precautorio\u201d.<\/p>\n<p>Este sistema precautorio, o bloque ambiental, demarca la responsabilidad de todos los poderes del Estado. La investigadora detall\u00f3 que en el caso de la empresa de Porta Hnos. existen desde violaciones a Leyes Nacionales con respecto a la regulaci\u00f3n a las plantas de biocombustibles, violaci\u00f3n a la Ley Provincial por la falta de informes de impacto ambiental, as\u00ed como tampoco se encuentra dentro de las ordenanzas municipales. De esta manera advierte que \u201ctodo el sistema que tiene que asentar un principio precautorio no esta funcionando para esta planta. Esto es que lo que se entiende como sistema precautorio o bloque jur\u00eddico ambiental, que no es que se tienen que tirar entre un poder del estado y otro sino que todos son responsables. Todos tienen competencia concurrente y todos tienen que actuar. Y lo que nos encontramos aqu\u00ed es que ninguno est\u00e1 actuando\u201d. Cecilia lo plasm\u00f3 en una paradoja contundente sobre el sistema normativo y su arbitrariedad y negligencia: \u201cun club de barrio no puede organizar fiestas, pero s\u00ed una empresa de biocombustible puede producir biocombustible en medio de la ciudad. Lo que pone en evidencia una cuesti\u00f3n de mucha complicidad y un trabajo muy fino de la empresa\u201d. Y nos da como ejemplo la caracterizaci\u00f3n que hace la empresa Porta en uno de sus informes: \u201cno hay casas aleda\u00f1as solamente a 30 metros\u201d.<\/p>\n<p>Por lo tanto, explic\u00f3 la investigadora que acercaran todo lo que se viene produciendo desde una multiplicidad de disciplinas en estos 5 a\u00f1os, en esta instancia de audiencia al juez Vaca Narvaja: \u201cpara que tenga todos los elemento necesarios parar tomar una decisi\u00f3n que comprenda la vida, la salud de los vecinos en este reclamo de justicia\u201d.<\/p>\n<p>Como el modelo extractivista en su faz agroindustrial se combina con cultivos intensivos y agrot\u00f3xicos sin fines alimenticios. En relaci\u00f3n, Cecilia remarc\u00f3 la dimensi\u00f3n global del fen\u00f3meno: las plantas de bioetanol son un problema que est\u00e1 teniendo el mundo, no solamente C\u00f3rdoba. Un modelo de cultivos para la industria que requiere generar biomasa, materia org\u00e1nica. Este modelo genera otras problem\u00e1ticas: \u201cnos est\u00e1 dejando sin \u00e1rboles, sin alimentos, y por eso es una problem\u00e1tica mundial\u201d.<\/p>\n<p><strong>El Amparo ambiental<\/strong><\/p>\n<p>Cecilia nos explic\u00f3 c\u00f3mo es el proceso judicial que se viene dando actualmente contra Porta. A partir de un amparo que presentan lxs vecinxs a la Justicia federal, porque hay una \u201cLey Nacional que dispone la que la autoridad de aplicaci\u00f3n de las plantas de biocombustible es la Secretar\u00eda de Energ\u00eda de la Naci\u00f3n\u201d. En este lugar deber\u00edan estar registradas todas las plantas de biocombustibles de todo el pa\u00eds, pero \u201cPorta no esta registrada\u201d. Por ello, Carrizo subray\u00f3: \u201cel juez Hugo Vaca Narvaja convoca a esta audiencia en el marco del amparo que es para escuchar todas las voces que han pasado por el barrio y sobre todo la de los treinta afectadxs querellantes que son lxs que han presentado el amparo\u201d. Desde ese momento se citar\u00e1 a toda la gente que ha trabajado el tema, y que haya estado junto con lxs vecinxs haciendo distintos tipos de estudios.<\/p>\n<p>Se espera que la audiencia acordada para el 7 de agosto dure de uno a tres d\u00edas, en la cual el juez podr\u00e1 \u201ctomar una decisi\u00f3n, y que \u00e9sta sea el cese del funcionamiento de la planta en \u00e9sta zona, y esperamos que tambi\u00e9n sea la remediaci\u00f3n de barrio y, tambi\u00e9n, el resarcimiento del da\u00f1o que han producido en los vecinxs\u201d<\/p>\n<div class='share-to-whatsapp-wrapper'><div class='share-on-whsp'>Share on: <\/div><div class='clear '><\/div><\/div>","protected":false},"excerpt":{"rendered":"<p>La investigadora Cecilia Carrizo, especialista en tem\u00e1ticas socio-ambientales, repasa la emergencia que atraviesa la Zona Sur de C\u00f3rdoba afectada por la contaminaci\u00f3n de Porta Hnos. Desde el Derecho Ambiental todos los poderes del Estado son responsables. Escuchar la entrevista completa aqu\u00ed En el marco de la pr\u00f3xima audiencia, convocada por el juez Hugo Vaca Narvaja, [&hellip;]<\/p>\n","protected":false},"author":7,"featured_media":3758,"comment_status":"open","ping_status":"open","sticky":false,"template":"","format":"standard","meta":{"footnotes":""},"categories":[18],"tags":[530,474,114,580],"class_list":["post-3757","post","type-post","status-publish","format-standard","has-post-thumbnail","hentry","category-elm","tag-contaminacion","tag-porta","tag-salud","tag-vudas"],"_links":{"self":[{"href":"https:\/\/zumbalaturba.com.ar\/index.php?rest_route=\/wp\/v2\/posts\/3757","targetHints":{"allow":["GET"]}}],"collection":[{"href":"https:\/\/zumbalaturba.com.ar\/index.php?rest_route=\/wp\/v2\/posts"}],"about":[{"href":"https:\/\/zumbalaturba.com.ar\/index.php?rest_route=\/wp\/v2\/types\/post"}],"author":[{"embeddable":true,"href":"https:\/\/zumbalaturba.com.ar\/index.php?rest_route=\/wp\/v2\/users\/7"}],"replies":[{"embeddable":true,"href":"https:\/\/zumbalaturba.com.ar\/index.php?rest_route=%2Fwp%2Fv2%2Fcomments&post=3757"}],"version-history":[{"count":0,"href":"https:\/\/zumbalaturba.com.ar\/index.php?rest_route=\/wp\/v2\/posts\/3757\/revisions"}],"wp:featuredmedia":[{"embeddable":true,"href":"https:\/\/zumbalaturba.com.ar\/index.php?rest_route=\/wp\/v2\/media\/3758"}],"wp:attachment":[{"href":"https:\/\/zumbalaturba.com.ar\/index.php?rest_route=%2Fwp%2Fv2%2Fmedia&parent=3757"}],"wp:term":[{"taxonomy":"category","embeddable":true,"href":"https:\/\/zumbalaturba.com.ar\/index.php?rest_route=%2Fwp%2Fv2%2Fcategories&post=3757"},{"taxonomy":"post_tag","embeddable":true,"href":"https:\/\/zumbalaturba.com.ar\/index.php?rest_route=%2Fwp%2Fv2%2Ftags&post=3757"}],"curies":[{"name":"wp","href":"https:\/\/api.w.org\/{rel}","templated":true}]}}