{"id":3761,"date":"2017-07-16T15:29:42","date_gmt":"2017-07-16T15:29:42","guid":{"rendered":"http:\/\/zumbalaturba.com.ar\/?p=3761"},"modified":"2017-07-16T15:29:42","modified_gmt":"2017-07-16T15:29:42","slug":"coltraneano","status":"publish","type":"post","link":"https:\/\/zumbalaturba.com.ar\/?p=3761","title":{"rendered":"Coltraneano"},"content":{"rendered":"<p style=\"padding-left: 150px;\"><span style=\"font-size: 14pt;\"><em>Aburrido de la m\u00fasica, anestesiado por las drogas o, quiz\u00e1s, ambas cosas, Coltrane ser\u00e1 despedido del Quinteto de Miles Davis. En 1956 sus adicciones estaban tan avanzadas que se quedaba dormido cuando no tocaba. Es conocida la an\u00e9cdota que cuenta que Thelonius Monk fue a saludar a la banda al Caf\u00e9 Bohemia y vio que Miles golpeaba a Coltrane en la cara y en el est\u00f3mago. El saxofonista ten\u00eda una actitud tan mansa y humilde que no expres\u00f3 ni un asomo de rebeld\u00eda o ira. Seg\u00fan los rumores, Monk le dijo que \u00e9l era demasiado bueno para tener que soportar eso, que por qu\u00e9 no se iba a tocar con \u00e9l. Algo que Trane hizo, por supuesto, unos meses despu\u00e9s, sin dejar, en el medio, de liderar su propio grupo y sus propias sesiones\u2026 Lo que suena, <strong>Coltrane,<\/strong> el primer Trane de 1957, para abrir <\/em><strong>La Nota Azul<\/strong><em>\u2026<\/em><\/span><\/p>\n<p><iframe id=\"audio_19823429\" style=\"border: 1px solid #EEE; box-sizing: border-box; width: 100%;\" src=\"https:\/\/ar.ivoox.com\/es\/player_ej_19823429_4_1.html?c1=ff6600\" width=\"300\" height=\"200\" frameborder=\"0\" scrolling=\"no\" allowfullscreen=\"allowfullscreen\"><\/iframe><\/p>\n<p><span style=\"font-size: 14pt;\">As\u00ed comenzamos este programa n\u00famero 104 de <strong>La Nota Azul<\/strong>, correspondiente al s\u00e1bado 15 de julio de 2017. Por radio <strong>Zumba La Turba<\/strong>, FM 99.5, C\u00f3rdoba, Argentina.<\/span><\/p>\n<p><span style=\"font-size: 14pt;\">La primera hora del programa estuvo dedicada, de manera directa e\u00a0indirecta a <strong>John Coltrane<\/strong>. El pr\u00f3ximo lunes 17 de julio es un nuevo aniversario de su muerte, ocurrida en\u00a01967. Se cumplen, por tanto, 50 a\u00f1os de su muerte. Iniciamos, entonces, con el disco Coltrane, grabado para <em>Prestige<\/em> en 1957, que registra su primer \u00e1lbum como l\u00edder, luego de ser despedido del Quinteto de Miles Davis por abuso de drogas.<\/span><\/p>\n<div id='gallery-1' class='gallery galleryid-3761 gallery-columns-2 gallery-size-medium'><figure class='gallery-item'>\n\t\t\t<div class='gallery-icon landscape'>\n\t\t\t\t<img fetchpriority=\"high\" decoding=\"async\" width=\"300\" height=\"293\" src=\"https:\/\/zumbalaturba.com.ar\/wp-content\/uploads\/2017\/07\/Coltrane-1957-300x293.jpg\" class=\"attachment-medium size-medium\" alt=\"\" srcset=\"https:\/\/zumbalaturba.com.ar\/wp-content\/uploads\/2017\/07\/Coltrane-1957-300x293.jpg 300w, https:\/\/zumbalaturba.com.ar\/wp-content\/uploads\/2017\/07\/Coltrane-1957-768x750.jpg 768w, https:\/\/zumbalaturba.com.ar\/wp-content\/uploads\/2017\/07\/Coltrane-1957-1024x1000.jpg 1024w, https:\/\/zumbalaturba.com.ar\/wp-content\/uploads\/2017\/07\/Coltrane-1957.jpg 1600w\" sizes=\"(max-width: 300px) 100vw, 300px\" \/>\n\t\t\t<\/div><\/figure><figure class='gallery-item'>\n\t\t\t<div class='gallery-icon landscape'>\n\t\t\t\t<img decoding=\"async\" width=\"300\" height=\"278\" src=\"https:\/\/zumbalaturba.com.ar\/wp-content\/uploads\/2017\/07\/Alice-Coltrane-Universal-Consciusness-300x278.jpg\" class=\"attachment-medium size-medium\" alt=\"\" srcset=\"https:\/\/zumbalaturba.com.ar\/wp-content\/uploads\/2017\/07\/Alice-Coltrane-Universal-Consciusness-300x278.jpg 300w, https:\/\/zumbalaturba.com.ar\/wp-content\/uploads\/2017\/07\/Alice-Coltrane-Universal-Consciusness-768x711.jpg 768w, https:\/\/zumbalaturba.com.ar\/wp-content\/uploads\/2017\/07\/Alice-Coltrane-Universal-Consciusness-1024x948.jpg 1024w, https:\/\/zumbalaturba.com.ar\/wp-content\/uploads\/2017\/07\/Alice-Coltrane-Universal-Consciusness.jpg 1600w\" sizes=\"(max-width: 300px) 100vw, 300px\" \/>\n\t\t\t<\/div><\/figure>\n\t\t<\/div>\n\n<p><span style=\"font-size: 14pt;\">Luego escuchamos a <strong>Alice Coltrane<\/strong>, que integr\u00f3 las \u00faltimas formaciones del saxofonista y quien fuera su segunda mujer y madre de sus hijos. Alice Coltrane (McLeod de soltera) ingres\u00f3 al grupo de John Coltrane en 1965 en reemplazo del pianista McCoy Tyner. Es destacada tambi\u00e9n como int\u00e9rprete de \u00f3rgano y arpa. Escuchamos de ella una grabaci\u00f3n de 1971 para el sello <em>Impulse: <strong>Universal Consciousness<\/strong><\/em>.<\/span><\/p>\n<p><span style=\"font-size: 14pt;\"><img decoding=\"async\" class=\"wp-image-956 alignright\" src=\"http:\/\/lanotaazul.com.ar\/wp-content\/uploads\/2017\/07\/Carlos-Lastra-237x300.jpg\" alt=\"\" width=\"201\" height=\"254\" \/>Esta primera parte del programa se completa nada menos que con <strong>Carlos Lastra<\/strong>, una referencia para el jazz de estas tierras, quiz\u00e1s el m\u00e1s coltraneano de los saxofonistas tenores. Escuchamos su interpretaci\u00f3n en vivo de <strong><em>Chasin&#8217; the Trane<\/em><\/strong>, composici\u00f3n de John Coltrane, incluida en su \u00e1lbum de 2011 <strong><em>The Inch Worm<\/em><\/strong>, con <strong>Francisco Lo Vuolo<\/strong> en piano, <strong>Cristian Bortoli<\/strong> en contrabajo, <strong>Sebasti\u00e1n Groshaus<\/strong> en bater\u00eda y por supuesto <strong>Carlos Lastra<\/strong> en el saxo.<\/span><\/p>\n<p><span style=\"font-size: 14pt;\">Aprovechamos para recomendar el documental de <strong>Mart\u00edn Bidau<\/strong>: <em><strong>A Pulm\u00f3n<\/strong><\/em>, parte de su serie <em><strong>Buenos Jairezz<\/strong><\/em>, dedicado en ese primer cap\u00edtulo justamente a <strong>Carlos Lastra<\/strong>.<\/span><\/p>\n<p><span style=\"font-size: 14pt;\"><img loading=\"lazy\" decoding=\"async\" class=\"alignleft wp-image-954\" src=\"http:\/\/lanotaazul.com.ar\/wp-content\/uploads\/2017\/07\/Benjamin_Clementine_Sitting_-225x300.jpg\" alt=\"\" width=\"188\" height=\"251\" \/>Luego es el turno de presentar la m\u00fasica de <strong>Benjamin Clementine<\/strong>, artista, poeta, m\u00fasico y compositor ingl\u00e9s, nacido en 1988 y ya destacado y elogiado por la cr\u00edtica internacional. Trasladado a Par\u00eds desde muy joven, Benjamin Clementine ha desarrollado un estilo y una t\u00e9cnica que form\u00f3 de manera autodidacta y lo hace due\u00f1o de una m\u00e1s que promisoria carrera.<\/span><\/p>\n<p><span style=\"font-size: 14pt;\">A continuaci\u00f3n, el <strong>Jazz Federal Club<\/strong> presenta a <strong><em>Jazzpirine<\/em><\/strong>, agrupaci\u00f3n de jazz de C\u00f3rdoba que re\u00fane a <strong>Juampi Sampaoli<\/strong> en guitarra, <strong>Luciano Luque<\/strong> en saxo alto, <strong>Lucas S\u00e1nchez<\/strong> en contrabajo (antes estaba Federico Tosello) y <strong>Mateo Marengo Cravero<\/strong> en bater\u00eda. Una aspirina de jazz para curarse con m\u00fasica.<\/span><\/p>\n<p><img loading=\"lazy\" decoding=\"async\" class=\"aligncenter wp-image-959\" src=\"http:\/\/lanotaazul.com.ar\/wp-content\/uploads\/2017\/07\/jazzpirine.jpg\" alt=\"\" width=\"513\" height=\"341\" \/><\/p>\n<p><span style=\"font-size: 14pt;\">Cerramos con <strong>Ibrahim Maalouf<\/strong> y la m\u00fasica de su disco de 2015 <em><strong>Red &amp; Black Light<\/strong><\/em>. Comentamos algo de lo que fue su presentaci\u00f3n en el <em><strong>Festival de Jazz de Montreaux<\/strong><\/em> el pasado jueves 13 de julio (de alguna forma, la tecnolog\u00eda permiti\u00f3 estar ah\u00ed).<\/span><\/p>\n<p><span style=\"font-size: 14pt;\">Todo eso y mucho m\u00e1s en dos intensas horas de m\u00fasica, jazz y radio.<\/span><\/p>\n<p>&nbsp;<\/p>\n<p><span style=\"font-size: 14pt;\"><a href=\"http:\/\/lanotaazul.com.ar\/programas\/coltraneano\/\" target=\"_blank\" rel=\"noopener noreferrer\"><strong>ESCUCHALO TAMBI\u00c9N POR AC\u00c1<\/strong><\/a>:<\/span><\/p>\n<audio class=\"wp-audio-shortcode\" id=\"audio-3761-1\" preload=\"none\" style=\"width: 100%;\" controls=\"controls\"><source type=\"audio\/mpeg\" src=\"http:\/\/lanotaazul.com.ar\/wp-content\/uploads\/2017\/07\/18-LA-NOTA-AZUL-15-07-2017.mp3?_=1\" \/><a href=\"http:\/\/lanotaazul.com.ar\/wp-content\/uploads\/2017\/07\/18-LA-NOTA-AZUL-15-07-2017.mp3\">http:\/\/lanotaazul.com.ar\/wp-content\/uploads\/2017\/07\/18-LA-NOTA-AZUL-15-07-2017.mp3<\/a><\/audio>\n<div class='share-to-whatsapp-wrapper'><div class='share-on-whsp'>Share on: <\/div><div class='clear '><\/div><\/div>","protected":false},"excerpt":{"rendered":"<p>Aburrido de la m\u00fasica, anestesiado por las drogas o, quiz\u00e1s, ambas cosas, Coltrane ser\u00e1 despedido del Quinteto de Miles Davis. En 1956 sus adicciones estaban tan avanzadas que se quedaba dormido cuando no tocaba. Es conocida la an\u00e9cdota que cuenta que Thelonius Monk fue a saludar a la banda al Caf\u00e9 Bohemia y vio que [&hellip;]<\/p>\n","protected":false},"author":14,"featured_media":3765,"comment_status":"open","ping_status":"open","sticky":false,"template":"","format":"standard","meta":{"footnotes":""},"categories":[261],"tags":[81,52,293,305,296,166],"class_list":["post-3761","post","type-post","status-publish","format-standard","has-post-thumbnail","hentry","category-la-nota-azul","tag-agenda-cultural","tag-cultura","tag-jazz","tag-jazz-federal-club","tag-la-nota-azul","tag-musica"],"_links":{"self":[{"href":"https:\/\/zumbalaturba.com.ar\/index.php?rest_route=\/wp\/v2\/posts\/3761","targetHints":{"allow":["GET"]}}],"collection":[{"href":"https:\/\/zumbalaturba.com.ar\/index.php?rest_route=\/wp\/v2\/posts"}],"about":[{"href":"https:\/\/zumbalaturba.com.ar\/index.php?rest_route=\/wp\/v2\/types\/post"}],"author":[{"embeddable":true,"href":"https:\/\/zumbalaturba.com.ar\/index.php?rest_route=\/wp\/v2\/users\/14"}],"replies":[{"embeddable":true,"href":"https:\/\/zumbalaturba.com.ar\/index.php?rest_route=%2Fwp%2Fv2%2Fcomments&post=3761"}],"version-history":[{"count":0,"href":"https:\/\/zumbalaturba.com.ar\/index.php?rest_route=\/wp\/v2\/posts\/3761\/revisions"}],"wp:featuredmedia":[{"embeddable":true,"href":"https:\/\/zumbalaturba.com.ar\/index.php?rest_route=\/wp\/v2\/media\/3765"}],"wp:attachment":[{"href":"https:\/\/zumbalaturba.com.ar\/index.php?rest_route=%2Fwp%2Fv2%2Fmedia&parent=3761"}],"wp:term":[{"taxonomy":"category","embeddable":true,"href":"https:\/\/zumbalaturba.com.ar\/index.php?rest_route=%2Fwp%2Fv2%2Fcategories&post=3761"},{"taxonomy":"post_tag","embeddable":true,"href":"https:\/\/zumbalaturba.com.ar\/index.php?rest_route=%2Fwp%2Fv2%2Ftags&post=3761"}],"curies":[{"name":"wp","href":"https:\/\/api.w.org\/{rel}","templated":true}]}}