{"id":38,"date":"2016-05-01T20:21:00","date_gmt":"2016-05-01T20:21:00","guid":{"rendered":"http:\/\/zumbalaturba.com.ar\/2016\/05\/01\/ayotzinapa-cada-vez-que-el-giei-intento-avanzar-las-diversas-instancias-del-estado-han-puesto-obstaculos\/"},"modified":"2016-05-01T20:21:00","modified_gmt":"2016-05-01T20:21:00","slug":"ayotzinapa-cada-vez-que-el-giei-intento-avanzar-las-diversas-instancias-del-estado-han-puesto-obstaculos","status":"publish","type":"post","link":"https:\/\/zumbalaturba.com.ar\/?p=38","title":{"rendered":"Ayotzinapa: \u201cCada vez que el GIEI intento avanzar, las diversas instancias del Estado han puesto obst\u00e1culos\u201d"},"content":{"rendered":"<div style=\"clear: both; text-align: center;\"><a href=\"https:\/\/1.bp.blogspot.com\/-CrlPhBWDlFM\/VyZl-Casp_I\/AAAAAAAAC0U\/6_spDjZdnJs9pLNmKtdfyaNajG7CgHwEwCLcB\/s1600\/conferencia%2Bgiei.jpg\" style=\"clear: left; float: left; margin-bottom: 1em; margin-right: 1em;\"><img fetchpriority=\"high\" decoding=\"async\" border=\"0\" height=\"213\" src=\"https:\/\/1.bp.blogspot.com\/-CrlPhBWDlFM\/VyZl-Casp_I\/AAAAAAAAC0U\/6_spDjZdnJs9pLNmKtdfyaNajG7CgHwEwCLcB\/s320\/conferencia%2Bgiei.jpg\" width=\"320\" \/><\/a><\/div>\n<p>El domingo 24 de abril, se present\u00f3 en una extensa <b>conferencia  de prensa el informe final de la participaci\u00f3n del Grupo  Interdisciplinar de Expertos Independientes (GIEI)&nbsp; en la investigaci\u00f3n  de los 43 estudiantes normalistas desaparecidos<\/b> desde hace un  a\u00f1o y siete meses. El cese de la participaci\u00f3n del GIEI radica en la  falta de garant\u00edas y de colaboraci\u00f3n por parte del Estado mexicano.  Desde el programa Enredando Las Ma\u00f1anas nos comunicamos con la <b>periodista Paula M\u00f3naco Felipe<\/b>, quien desde M\u00e9xico actualiz\u00f3 la situaci\u00f3n. Por RNMA.<br \/>Descargar <a href=\"https:\/\/ia801505.us.archive.org\/4\/items\/Bloque1Ayotzinapa\/Bloque%201%20Ayotzinapa.mp3\" target=\"_blank\">audio<\/a>.<\/p>\n<p><b>Preguntada en torno a los ejes centrales del informe, la periodista Paula M\u00f3naco comentaba<\/b>:  Fue una extensa y exhaustiva conferencia, en la cual el Grupo de  Expertos Independientes de la Comisi\u00f3n Interamericana&nbsp; de derechos  humanos(GIEI) present\u00f3 los resultados del segundo per\u00edodo de trabajo en  M\u00e9xico. Una s\u00edntesis del informe que, impreso, tiene 608 p\u00e1ginas y que  si bien no cambia lo que fue el primer informe- en cuanto a denunciar  que lo que ocurri\u00f3 en Iguala el 26 y 27 de septiembre 2014 fueron  ataques de violencia desmedida por parte de agentes del Estado contra  poblaci\u00f3n civil-, la novedad son algunas aristas de la investigaci\u00f3n  nuevas que presenta el grupo de GIEI.<\/p>\n<p>Entre ellas, muestran que hay l\u00edneas de investigaci\u00f3n que no se han  agotado y que hay situaciones que no son menores, como el m\u00f3vil en el  cual no se ha avanzado en las investigaciones oficiales. Y por otro  lado, desnuda una serie de fallas no s\u00f3lo de la investigaci\u00f3n sino del  sistema de la Procuraci\u00f3n de Justicia de M\u00e9xico. Por ejemplo, muestra  que al menos 17 de los 120 detenidos por el caso, presentan huellas de  tortura. Entre ellos, las personas se\u00f1aladas como mayores responsables  del caso. Muestra, tambi\u00e9n, por medio de un video del GIEI, la presunta  \u201csiembra de pruebas\u201d, lo que se llama crear pruebas falsas. Se puede ver  c\u00f3mo las autoridades visitan una zona del r\u00edo San Juan con uno de los  inculpados en el caso y c\u00f3mo levantan la evidencia. Al d\u00eda siguiente se  hace una conferencia p\u00fablica y aparecen casualmente las bolsas que se  depositaron el d\u00eda&nbsp; anterior y el inculpado que hab\u00eda estado aparece  reconociendo ese lugar, indicando que ah\u00ed&nbsp; habr\u00eda sido donde,  supuestamente, dejaron las cenizas de los estudiantes. Esto, adem\u00e1s de  evidenciar la irregularidad en la siembre de pruebas, termina de  destruir la hip\u00f3tesis oficial de que los j\u00f3venes fueron asesinados e  incinerados en el basurero de Cocula y luego&nbsp; sus cenizas lanzadas al  r\u00edo San Juan. Muchas fallas y asuntos pendientes.<\/p>\n<p>El GIEI afirma, adem\u00e1s, que nunca se avanz\u00f3 sobre el presunto m\u00f3vil  del caso que habr\u00eda sido un autob\u00fas que tomaron los j\u00f3venes sin saber  que en el interior llevaba un cargamento de hero\u00edna que se iba&nbsp; a  transportar desde Iguala hasta Estados Unidos. Denunci\u00f3 este domingo que  las autoridades mexicanas les pusieron enfrente como&nbsp; prueba, un  autob\u00fas que no era el que sali\u00f3 de la central camionera, es decir, que  hubo un cambio de colectivo.<\/p>\n<p>Esto muestra que hay mucho por investigar y que no se ha avanzado lo  suficiente. Que cada vez que el GIEI intento avanzar, las diversas  instancias del Estado han puesto obst\u00e1culos, por ejemplo, el no  permitirles, en el a\u00f1o y un mes de presencia en M\u00e9xico, entrevistar a  miembros del 27 Batall\u00f3n que se encuentran en Iguala, siendo que el  Ej\u00e9rcito est\u00e1 comprobado que estuvo&nbsp; presente y particip\u00f3, al menos  atestigu\u00f3, los ataques que se dieron ese d\u00eda.<\/p>\n<p>En definitiva,&nbsp; el GIEI se retira, no porque se haya quedado sin  trabajo sino porque el Estado mexicano no le renov\u00f3 su estancia en el  pa\u00eds. Se retira dejando muchas preguntas y dejando la sensaci\u00f3n&nbsp; que la  versi\u00f3n oficial, que se sostiene desde noviembre del 2014, no tiene  asidero ni fundamento cient\u00edfico, ni siquiera en cuestionas o pruebas  f\u00edsicas, mas all\u00e1&nbsp; de declaraciones de personas que fueron sometidas a  tortura para auto-inculparse.<\/p>\n<p><b>ELM: Otro de los elementos nombrados en la conferencia fue el  abandono en relaci\u00f3n a los familiares de los normalistas que se  encuentran desamparados por el Estado y con una idea de reparaci\u00f3n que  no pasa por hallar a sus hijos sino casi exclusivamente por una  \u201creparaci\u00f3n econ\u00f3mica\u201d, lo que llamaron las \u201chistorias invisibles\u201d.<\/b><\/p>\n<p>PM: La relaci\u00f3n entre los familiares y el gobierno estaba rota y por  medio del GIEI se logr\u00f3 que hubiera acercamiento, no para ponerse de  acuerdo, sino para que los&nbsp; familiares puedan plantear sus demandas para  que el Estado los escuche, para tener c\u00f3mo negociar la b\u00fasqueda. Esto  se ha ido tensando y ahora, con la retirada del GIEI, se&nbsp; plantea un  interrogante porque hay muchas diferencias y hay una distancia  insalvable entre el Estado mexicano y los familiares. Se suman  desencuentros, desatenciones. Si bien el Estado al comienzo fue muy  receptivo con ellos, ahora ni les toman las llamadas, los dejan  plantados en reuniones. Han tenido situaciones muy diversas.<\/p>\n<p>Hubo intentos que yo no llamar\u00eda de reparaci\u00f3n econ\u00f3mica, sino m\u00e1s  bien de soborno porque no se ha hecho desde una pol\u00edtica del Estado sino  que desde un primer momento a los familiares se les han acercado  personas que dec\u00edan ir de parte del Gobierno, que les ofrec\u00edan dinero a  cambio del silencio, de parar de denunciar.<\/p>\n<p><b>ELM: \u00bfCu\u00e1les han sido las repercusiones de la conferencia de prensa en el Estado y en los familiares?<\/b><\/p>\n<p>PM: Por un lado el Estado mexicano dijo que tomar\u00e1 en cuenta las  recomendaciones del GIEI, pero suena un discurso de diplomacia, sin  consecuencias reales. Digo esto porque el Estado estuvo ausente en la  presentaci\u00f3n del informe, cuando es el resultado del trabajo tripartito  entre el GIEI, las victimas y el Estado. Luego se anunci\u00f3 que tomar\u00edan  en cuenta las recomendaciones. Los organismos internacionales han  reaccionado, la propia Comisi\u00f3n Interamericana que prometi\u00f3&nbsp; seguir de  cerca el caso, la&nbsp; Organizaci\u00f3n de Naciones Unidas respondi\u00f3 respaldando  el informe de GIEI.<\/p>\n<p>Los familiares declararon que seguir\u00e1n en la misma actitud, con sus&nbsp;  reclamos, y que exigen la aparici\u00f3n con vida de sus hijos y la verdad,  la justicia, tanto por los 43 como los miles de desaparecidos en el  pa\u00eds, cerca de 30 mil personas desde el 2007 hasta hoy.<\/p>\n<div class='share-to-whatsapp-wrapper'><div class='share-on-whsp'>Share on: <\/div><div class='clear '><\/div><\/div>","protected":false},"excerpt":{"rendered":"<p>El domingo 24 de abril, se present\u00f3 en una extensa conferencia de prensa el informe final de la participaci\u00f3n del Grupo Interdisciplinar de Expertos Independientes (GIEI)&nbsp; en la investigaci\u00f3n de los 43 estudiantes normalistas desaparecidos desde hace un a\u00f1o y siete meses. El cese de la participaci\u00f3n del GIEI radica en la falta de garant\u00edas [&hellip;]<\/p>\n","protected":false},"author":2,"featured_media":0,"comment_status":"open","ping_status":"open","sticky":false,"template":"","format":"standard","meta":{"footnotes":""},"categories":[18],"tags":[61,62,16],"class_list":["post-38","post","type-post","status-publish","format-standard","hentry","category-elm","tag-ayotzinapa","tag-los-43","tag-mexico"],"_links":{"self":[{"href":"https:\/\/zumbalaturba.com.ar\/index.php?rest_route=\/wp\/v2\/posts\/38","targetHints":{"allow":["GET"]}}],"collection":[{"href":"https:\/\/zumbalaturba.com.ar\/index.php?rest_route=\/wp\/v2\/posts"}],"about":[{"href":"https:\/\/zumbalaturba.com.ar\/index.php?rest_route=\/wp\/v2\/types\/post"}],"author":[{"embeddable":true,"href":"https:\/\/zumbalaturba.com.ar\/index.php?rest_route=\/wp\/v2\/users\/2"}],"replies":[{"embeddable":true,"href":"https:\/\/zumbalaturba.com.ar\/index.php?rest_route=%2Fwp%2Fv2%2Fcomments&post=38"}],"version-history":[{"count":0,"href":"https:\/\/zumbalaturba.com.ar\/index.php?rest_route=\/wp\/v2\/posts\/38\/revisions"}],"wp:attachment":[{"href":"https:\/\/zumbalaturba.com.ar\/index.php?rest_route=%2Fwp%2Fv2%2Fmedia&parent=38"}],"wp:term":[{"taxonomy":"category","embeddable":true,"href":"https:\/\/zumbalaturba.com.ar\/index.php?rest_route=%2Fwp%2Fv2%2Fcategories&post=38"},{"taxonomy":"post_tag","embeddable":true,"href":"https:\/\/zumbalaturba.com.ar\/index.php?rest_route=%2Fwp%2Fv2%2Ftags&post=38"}],"curies":[{"name":"wp","href":"https:\/\/api.w.org\/{rel}","templated":true}]}}