{"id":3829,"date":"2017-07-20T23:37:38","date_gmt":"2017-07-20T23:37:38","guid":{"rendered":"http:\/\/zumbalaturba.com.ar\/?p=3829"},"modified":"2017-07-20T23:54:09","modified_gmt":"2017-07-20T23:54:09","slug":"dos-anos-del-travesticidio-de-laura-moyano-piensan-que-nos-vamos-a-cansar-pero-vamos-a-seguir-luchando","status":"publish","type":"post","link":"https:\/\/zumbalaturba.com.ar\/?p=3829","title":{"rendered":"Dos a\u00f1os del travesticidio de Laura Moyano: &#8220;piensan que nos vamos a cansar, pero vamos a seguir luchando&#8221;"},"content":{"rendered":"<p><img fetchpriority=\"high\" decoding=\"async\" class=\"size-medium wp-image-3830 alignleft\" src=\"https:\/\/zumbalaturba.com.ar\/wp-content\/uploads\/2017\/07\/flyer-laura-moyanio-300x198.jpg\" alt=\"flyer laura moyanio\" width=\"300\" height=\"198\" srcset=\"https:\/\/zumbalaturba.com.ar\/wp-content\/uploads\/2017\/07\/flyer-laura-moyanio-300x198.jpg 300w, https:\/\/zumbalaturba.com.ar\/wp-content\/uploads\/2017\/07\/flyer-laura-moyanio-768x508.jpg 768w, https:\/\/zumbalaturba.com.ar\/wp-content\/uploads\/2017\/07\/flyer-laura-moyanio.jpg 960w\" sizes=\"(max-width: 300px) 100vw, 300px\" \/>El pr\u00f3ximo 25 de julio se cumplen dos a\u00f1os del travesticidio de Laura Moyano en Villa 9 de julio en C\u00f3rdoba y en el <strong>Enredando las Ma\u00f1anas<\/strong> conversamos con <strong>su hermana, Soledad Moyano.<\/strong><\/p>\n<p>Soledad recuerda lo sucedido cuando \u201c<em>ella fue encontrada en un sitio bald\u00edo de Villa Allende Parque casi ya s\u00e1bado 25 de madrugada<\/em>\u201d. La joven plantea que la situaci\u00f3n que atraviesan a dos a\u00f1os de su muerte es \u201c<em>dur\u00edsima, porque estamos luchando con la polic\u00eda que no investiga y bueno yo la tengo de fiscal a Liliana Copello y est\u00e1 parada<\/em>\u201d. Aparentemente, explica, \u201c<em>han investigado algo, pero no hay detenidos, entonces ese es el dolor de nosotros como familiares (&#8230;) por eso hacemos la marcha a dos a\u00f1os del aniversario de ella, para empujar un poco<\/em>\u201d.<\/p>\n<p><iframe src=\"http:\/\/ar.ivoox.com\/es\/player_ej_19917168_2_1.html?data=kp6mk5yVepmhhpywj5aYaZS1lJiah5yncZKhhpywj5WRaZi3jpWah5yncabi1dfS2M7XuMKfwpDA0dHJqMLYjLLc28bSs4ampJDOjZePpYa3lIqvk9TXb8XZzZDh1MbaqdToysjWxs6RaZi3jrfOxs7Tb7vpzsfOjdHFb7Xp08fOj4qbh46k&amp;\" width=\"100%\" height=\"200\" frameborder=\"0\" scrolling=\"no\" allowfullscreen=\"allowfullscreen\"><\/iframe><\/p>\n<p>Si algo los sectores populares han aprendido a la hora de buscar justicia, es que es imprescindible organizarse y visibilizar cada situaci\u00f3n, porque desde el poder judicial generalmente son investigaciones postergadas que quedan en la impunidad.<\/p>\n<p>Especialmente cuando se trata de travesticidios. En Argentina, son casi inexistentes los asesinatos de mujeres trans y travestis en los que se ha juzgado y condenado a los culpables, sosteniendo as\u00ed los c\u00edrculos de impunidad que reproducen la violencia y los cr\u00edmenes de odio hacia el colectivo trans.<\/p>\n<p>El activista Say Sacayan, hermano de Diana Sacayan, referente travesti que fuera asesinada en Buenos Aires en octubre de 2015, habla de la violencia estructural que sufren las travestis y trans como \u201ctravesticidio social\u201d, cuyo \u00faltimo eslab\u00f3n es lo que se denomina \u201ctravesticidio\u201d.<\/p>\n<p>Soledad contin\u00faa, \u201c<em>lo que queremos es encontrar a los culpables, a los verdaderos asesinos de mi hermana (&#8230;) Desde el a\u00f1o pasado que no recibo novedades de ella, tanto de la fiscal como de la polic\u00eda<\/em>\u201d.<\/p>\n<p><b>Coordinadora por Justicia por Laura<\/b><\/p>\n<p>La joven explica que hay \u201c<em>un mont\u00f3n de compa\u00f1eras de Laura y personas que me est\u00e1n acompa\u00f1ando en este momento y organizaciones por supuesto, porque si no, no podr\u00eda sola<\/em>\u201d. Apenas sucedido el travesticidio de Laura se constituy\u00f3 la Coordinadora por Justicia para Laura Moyano. La joven trans era muy querida en el barrio, con un importante trabajo social en el territorio. Adem\u00e1s estudiaba en la escuela secundaria para adultxs y participaba en los espacios de salud comunitaria. Su brutal asesinato indign\u00f3 y moviliz\u00f3 a mucha gente de la zona. Desde el espacio de la Coordinadora se impuls\u00f3 durante las \u00faltimas semanas la organizaci\u00f3n de la movilizaci\u00f3n convocada para el 25.<\/p>\n<p>Soledad explica que hicieron \u201c<em>una reuni\u00f3n abierta para todas las organizaciones que son las que nos van a acompa\u00f1ar ahora el martes, para la marcha. Como yo siempre digo, a m\u00ed la pol\u00edtica no me interesa, pero tambi\u00e9n gracias a la pol\u00edtica, a la gente que est\u00e1 metida en las organizaciones, podemos llegar a saber algo (&#8230;) Nosotros los familiares siempre estamos agradecidos a toda esa gente<\/em>\u201d.<\/p>\n<p>A pesar de que desde la fiscal\u00eda sostienen que no hay indicios ni \u201c<em>pruebas contundentes para seguir investigando la causa<\/em>\u201d, Soledad sostiene que la \u00fanica esperanza que tienen \u201c<em>es que alguien venga y hable, que diga \u2018yo vi a tal persona\u2019 y ah\u00ed empezar a investigar de nuevo<\/em>\u201d.<\/p>\n<p>El dolor atraviesa a Soledad cuando habla y reconoce que la situaci\u00f3n de Laura no es \u00fanica, \u201c<em>es muy duro<\/em> -contin\u00faa-, <em>yo no quiero que quede impune esto. Porque aparte no es solamente Laura, hay un mont\u00f3n de personas trans que las siguen matando y asesinando como si nada (&#8230;) El Estado no se hace responsable (&#8230;) \u00a0por todo lo que est\u00e1 pasando, porque siguen matando personas, mujeres trans. Una chica de R\u00edo Cuarto, si no me equivoco, fue descuartizada, imaginate para la familia, para nosotros, la sociedad, que nos est\u00e1n amenazando<\/em>\u201d. Hasta el 28 de junio, cuando se realiz\u00f3 en Buenos Aires la segunda Marcha Nacional contra los Travesticidios, se calculaba que en el pa\u00eds hab\u00edan sido asesinadas ocho travestis en lo que va del 2017.<\/p>\n<p>Soledad contin\u00faa y relata su cotidianidad con la presencia constante de Laura: \u201c<em>Yo, como hermana, todos los d\u00edas es levantarse y recordarla a laura. Uno la recuerda con los mejores momentos, pero el dolor que uno tiene por dentro de todo lo que viene pasando (&#8230;) Por ah\u00ed piensan que nosotros nos vamos a cansar, pero vamos a seguir luchando cueste lo que cueste<\/em>\u201d.<\/p>\n<p><b>Las actividades<\/b><\/p>\n<p>Para conmemorar los dos a\u00f1os del travesticidio de Laura se realizar\u00e1, el d\u00eda 22, a partir de las 11 de la ma\u00f1ana, una actividad en el predio donde la encontraron. Soledad comparte que la intenci\u00f3n es \u201c<em>hacer un homenaje, recordarla con otras cosas pero marcar el territorio donde fue asesinada, que ahora cerraron un poco (&#8230;) vamos a ir ah\u00ed a llevar un par de volantes, tomar unos mates y a escribir un poco de estas cosas ah\u00ed<\/em>\u201d.<\/p>\n<p><b>El martes 25, fecha en que se cumplen los dos a\u00f1os de su muerte, m\u00e1s de treinta organizaciones convocan a una movilizaci\u00f3n contra los travesticidios y transfemicidios que partir\u00e1 a las 17 hs de la esquina de las avenidas Col\u00f3n y Ca\u00f1ada<\/b>. Se gestion\u00f3 un colectivo que partir\u00e1 desde Villa 9 de Julio, con el que podr\u00e1n acercarse al centro familiares, amigxs \u00a0y vecinxs.<\/p>\n<p>Para finalizar, Soledad afirma que el sentido de la actividad, adem\u00e1s de la demanda de justicia por Laura, es que \u201c<em><b>no queremos m\u00e1s otra Laura Moyano, no queremos m\u00e1s otra Bel\u00e9n S\u00e1nchez y el Estado no se hace responsable de las cosas que est\u00e1n pasando<\/b><\/em>\u201d.<\/p>\n<div class='share-to-whatsapp-wrapper'><div class='share-on-whsp'>Share on: <\/div><div class='clear '><\/div><\/div>","protected":false},"excerpt":{"rendered":"<p>El pr\u00f3ximo 25 de julio se cumplen dos a\u00f1os del travesticidio de Laura Moyano en Villa 9 de julio en C\u00f3rdoba y en el Enredando las Ma\u00f1anas conversamos con su hermana, Soledad Moyano. Soledad recuerda lo sucedido cuando \u201cella fue encontrada en un sitio bald\u00edo de Villa Allende Parque casi ya s\u00e1bado 25 de madrugada\u201d. [&hellip;]<\/p>\n","protected":false},"author":6,"featured_media":3831,"comment_status":"open","ping_status":"open","sticky":false,"template":"","format":"standard","meta":{"footnotes":""},"categories":[18,5],"tags":[181,724,12,335,723,309],"class_list":["post-3829","post","type-post","status-publish","format-standard","has-post-thumbnail","hentry","category-elm","category-transfeminismos","tag-cordoba","tag-crimen-de-odio","tag-diversidad","tag-generos","tag-transfemicidio","tag-travesticidio"],"_links":{"self":[{"href":"https:\/\/zumbalaturba.com.ar\/index.php?rest_route=\/wp\/v2\/posts\/3829","targetHints":{"allow":["GET"]}}],"collection":[{"href":"https:\/\/zumbalaturba.com.ar\/index.php?rest_route=\/wp\/v2\/posts"}],"about":[{"href":"https:\/\/zumbalaturba.com.ar\/index.php?rest_route=\/wp\/v2\/types\/post"}],"author":[{"embeddable":true,"href":"https:\/\/zumbalaturba.com.ar\/index.php?rest_route=\/wp\/v2\/users\/6"}],"replies":[{"embeddable":true,"href":"https:\/\/zumbalaturba.com.ar\/index.php?rest_route=%2Fwp%2Fv2%2Fcomments&post=3829"}],"version-history":[{"count":0,"href":"https:\/\/zumbalaturba.com.ar\/index.php?rest_route=\/wp\/v2\/posts\/3829\/revisions"}],"wp:featuredmedia":[{"embeddable":true,"href":"https:\/\/zumbalaturba.com.ar\/index.php?rest_route=\/wp\/v2\/media\/3831"}],"wp:attachment":[{"href":"https:\/\/zumbalaturba.com.ar\/index.php?rest_route=%2Fwp%2Fv2%2Fmedia&parent=3829"}],"wp:term":[{"taxonomy":"category","embeddable":true,"href":"https:\/\/zumbalaturba.com.ar\/index.php?rest_route=%2Fwp%2Fv2%2Fcategories&post=3829"},{"taxonomy":"post_tag","embeddable":true,"href":"https:\/\/zumbalaturba.com.ar\/index.php?rest_route=%2Fwp%2Fv2%2Ftags&post=3829"}],"curies":[{"name":"wp","href":"https:\/\/api.w.org\/{rel}","templated":true}]}}