{"id":3864,"date":"2017-07-25T02:58:53","date_gmt":"2017-07-25T02:58:53","guid":{"rendered":"http:\/\/zumbalaturba.com.ar\/?p=3864"},"modified":"2017-07-25T03:47:23","modified_gmt":"2017-07-25T03:47:23","slug":"justiciaporlauramoyano-el-concepto-de-travesticidio-tiene-que-ser-tomado-por-la-justicia","status":"publish","type":"post","link":"https:\/\/zumbalaturba.com.ar\/?p=3864","title":{"rendered":"#JusticiaPorLauraMoyano: &#8220;El concepto de travesticidio tiene que ser tomado por la justicia&#8221;"},"content":{"rendered":"<p><img fetchpriority=\"high\" decoding=\"async\" class=\"size-medium wp-image-3865 alignleft\" src=\"https:\/\/zumbalaturba.com.ar\/wp-content\/uploads\/2017\/07\/mural-laura-moyano-2-300x169.jpg\" alt=\"mural laura moyano 2\" width=\"300\" height=\"169\" srcset=\"https:\/\/zumbalaturba.com.ar\/wp-content\/uploads\/2017\/07\/mural-laura-moyano-2-300x169.jpg 300w, https:\/\/zumbalaturba.com.ar\/wp-content\/uploads\/2017\/07\/mural-laura-moyano-2-768x432.jpg 768w, https:\/\/zumbalaturba.com.ar\/wp-content\/uploads\/2017\/07\/mural-laura-moyano-2.jpg 960w\" sizes=\"(max-width: 300px) 100vw, 300px\" \/> Este 25 de julio se cumplen dos a\u00f1os del d\u00eda en que Laura Moyano fue encontrada asesinada en un terreno abandonado en Villa Allende Parque. Su cuerpo hab\u00eda sido brutalmente golpeado. Laura era una mujer trans de 35 a\u00f1os que viv\u00eda en Barrio 9 de Julio de la ciudad de C\u00f3rdoba. Para hablar sobre el pedido de justicia por el travesticidio de Laura Moyano estamos en comunicaci\u00f3n con <b>Roxana Murua, que es parte de la Coordinadora de Justicia por Laura Moyano<\/b>.<\/p>\n<p><iframe src=\"http:\/\/ar.ivoox.com\/es\/player_ej_19967071_2_1.html?data=kp6mmJyUe5Khhpywj5WdaZS1lJqah5yncZOhhpywj5WRaZi3jpWah5yncbPj2cbbw5CxudPpwpDRx5DQpYzX0NTfxs7SpcXj08aY0tTWb8vp1NnWxc7Fb9HV08aYrsbZtsKhhpywj7fFqMrjjL_iz8fFb83VjLni1MfFcYarpJKh&amp;\" width=\"100%\" height=\"200\" frameborder=\"0\" scrolling=\"no\" allowfullscreen=\"allowfullscreen\"><\/iframe><\/p>\n<p>Roxana trabaja en el centro de salud del barrio donde viv\u00eda Laura y es parte de la Coordinadora que se form\u00f3 hace dos a\u00f1os para sostener la lucha por justicia para Laura Moyano. En el aire de Zumba la Turba compart\u00eda la convocatoria a la movilizaci\u00f3n que partir\u00e1 este <strong>martes a las 17 hs. desde Col\u00f3n y Ca\u00f1ada, impulsada por la Coordinadora y m\u00e1s de 30 organizaciones.<\/strong><\/p>\n<p>Adem\u00e1s de esta acci\u00f3n de visibilizaci\u00f3n de la demanda en las calles c\u00e9ntricas, la Coordinadora convoc\u00f3 tambi\u00e9n a otra actividad el s\u00e1bado 22 a las 11 de la ma\u00f1ana. Roxana cuenta, que se reunieron \u201c<em><strong>en el lugar donde fue asesinada Laura,<\/strong> un bald\u00edo ubicado en Avda. Donato \u00c1lvarez y Boro de Barrio Villa Allende Parque. El terreno ha sido cercado, es un terreno privado, y lo que hicimos fue intervenirlo con las consignas que se van a llevar a la marcha, que son <strong>\u2018Basta de travesticidios y transfemicidios\u2019, \u2018La Justicia y el Estado son responsables\u2019<\/strong><\/em>\u201d.<\/p>\n<p>Para la integrante del espacio, la importancia de esta actividad radic\u00f3 en que \u201c<em>se sumaron compa\u00f1eras trans de la zona de la Donato, que pertenecen a otros barrios, como Villa Corn\u00fa, compa\u00f1eras de la primaria de adultos, amigas, familiares. Fue una jornada tranquila donde hubo una mateada y nos estuvo acompa\u00f1ando la comunidad Tica, que pertenece al barrio. Se hizo una sahumada para renovar la lucha, la fuerza<\/em>\u201d.<\/p>\n<p>Por otro lado, tambi\u00e9n explica que sent\u00edan que \u201c<em>ese lugar hab\u00eda quedado con mucho dolor, con mucha bronca, con mucha rabia. Y fue una manera creativa y diferente de poder estar en el lugar y de poder encontrarnos con la familia de Laura Moyano<\/em>\u201d.<\/p>\n<p>En relaci\u00f3n a la causa, Roxana relataba que la misma est\u00e1 a cargo de la fiscal Copello, con quien no tienen ning\u00fan contacto desde diciembre del a\u00f1o pasado. Aunque en estos dos a\u00f1os surgieron algunas puntas de investigaci\u00f3n en la que hubo algunos detenidos, \u00e9stas fueron frustradas y hoy <strong>la causa se encuentra en foja 0.<\/strong><\/p>\n<p>La trabajadora del centro de salud explica que, adem\u00e1s de exigir justicia y de recordar a Laura, <strong>la convocatoria de ma\u00f1ana tambi\u00e9n suma otras demandas vinculadas a la diversidad sexual.<\/strong> Estas refieren a un recrudecimiento de asesinatos a compa\u00f1eras trans en la Argentina y en C\u00f3rdoba en particular, por ejemplo el asesinato de Estrella S\u00e1nchez en noviembre del a\u00f1o pasado, a las dificultades en la implementaci\u00f3n de la ley de identidad de g\u00e9nero, y en el acceso de personas trans y travestis a derechos b\u00e1sicos como la vivienda, la salud y la educaci\u00f3n.<\/p>\n<p>Para finalizar, explicaba que desde el espacio convocante ha sido <strong>importante visibilizar los \u00a0conceptos de travesticidio y transfemicidio<\/strong>, ya que, explica, \u201c<em>creemos que este concepto no se aplica en la justicia, no hay un concepto que aborde los travesticidios. No es lo mismo hablar de femicidios que travesticidios. Al hablar de travesticidios hablamos de otros cuerpos que son menos visibles, que reciben otro tratamiento muy diferente al de las mujeres (&#8230;) Cuando se habla de travesticidio tambi\u00e9n tiene que ser tomado por la justicia, una justicia patriarcal, que invisibiliza y posterga el tratamiento de estas causas\u201d<\/em>.<\/p>\n<div class='share-to-whatsapp-wrapper'><div class='share-on-whsp'>Share on: <\/div><div class='clear '><\/div><\/div>","protected":false},"excerpt":{"rendered":"<p>Este 25 de julio se cumplen dos a\u00f1os del d\u00eda en que Laura Moyano fue encontrada asesinada en un terreno abandonado en Villa Allende Parque. Su cuerpo hab\u00eda sido brutalmente golpeado. Laura era una mujer trans de 35 a\u00f1os que viv\u00eda en Barrio 9 de Julio de la ciudad de C\u00f3rdoba. Para hablar sobre el [&hellip;]<\/p>\n","protected":false},"author":6,"featured_media":3866,"comment_status":"open","ping_status":"open","sticky":false,"template":"","format":"standard","meta":{"footnotes":""},"categories":[5],"tags":[12,730,394,308,309],"class_list":["post-3864","post","type-post","status-publish","format-standard","has-post-thumbnail","hentry","category-transfeminismos","tag-diversidad","tag-estrella-sanchez","tag-genero","tag-laura-moyano","tag-travesticidio"],"_links":{"self":[{"href":"https:\/\/zumbalaturba.com.ar\/index.php?rest_route=\/wp\/v2\/posts\/3864","targetHints":{"allow":["GET"]}}],"collection":[{"href":"https:\/\/zumbalaturba.com.ar\/index.php?rest_route=\/wp\/v2\/posts"}],"about":[{"href":"https:\/\/zumbalaturba.com.ar\/index.php?rest_route=\/wp\/v2\/types\/post"}],"author":[{"embeddable":true,"href":"https:\/\/zumbalaturba.com.ar\/index.php?rest_route=\/wp\/v2\/users\/6"}],"replies":[{"embeddable":true,"href":"https:\/\/zumbalaturba.com.ar\/index.php?rest_route=%2Fwp%2Fv2%2Fcomments&post=3864"}],"version-history":[{"count":0,"href":"https:\/\/zumbalaturba.com.ar\/index.php?rest_route=\/wp\/v2\/posts\/3864\/revisions"}],"wp:featuredmedia":[{"embeddable":true,"href":"https:\/\/zumbalaturba.com.ar\/index.php?rest_route=\/wp\/v2\/media\/3866"}],"wp:attachment":[{"href":"https:\/\/zumbalaturba.com.ar\/index.php?rest_route=%2Fwp%2Fv2%2Fmedia&parent=3864"}],"wp:term":[{"taxonomy":"category","embeddable":true,"href":"https:\/\/zumbalaturba.com.ar\/index.php?rest_route=%2Fwp%2Fv2%2Fcategories&post=3864"},{"taxonomy":"post_tag","embeddable":true,"href":"https:\/\/zumbalaturba.com.ar\/index.php?rest_route=%2Fwp%2Fv2%2Ftags&post=3864"}],"curies":[{"name":"wp","href":"https:\/\/api.w.org\/{rel}","templated":true}]}}