{"id":39,"date":"2016-05-01T20:14:00","date_gmt":"2016-05-01T20:14:00","guid":{"rendered":"http:\/\/zumbalaturba.com.ar\/2016\/05\/01\/silvia-bignami%e2%80%ad-%e2%80%acfamiliar-de%e2%80%ad-%e2%80%acvictimas-de%e2%80%ad-%e2%80%accromanon%e2%80%ad-%e2%80%acsobre-costa-salguero%e2%80%ad-%e2%80%acesta-el-duelo%e2%80%ad\/"},"modified":"2016-05-01T20:14:00","modified_gmt":"2016-05-01T20:14:00","slug":"silvia-bignami%e2%80%ad-%e2%80%acfamiliar-de%e2%80%ad-%e2%80%acvictimas-de%e2%80%ad-%e2%80%accromanon%e2%80%ad-%e2%80%acsobre-costa-salguero%e2%80%ad-%e2%80%acesta-el-duelo%e2%80%ad","status":"publish","type":"post","link":"https:\/\/zumbalaturba.com.ar\/?p=39","title":{"rendered":"Silvia Bignami,\u202d \u202cfamiliar de\u202d \u202cvictimas de\u202d \u202cCroma\u00f1\u00f3n,\u202d \u202csobre Costa Salguero:\u202d \u00ab\u202cEst\u00e1 el duelo,\u202d \u202cpero si no se lucha,\u202d \u202ces peor\u202d\u00bb"},"content":{"rendered":"<div style=\"clear: both; text-align: center;\"><a href=\"https:\/\/4.bp.blogspot.com\/-EGze4gt4h1o\/VyZjGqpcSiI\/AAAAAAAAC0I\/J7RFpsyse0oSurpb8R2sT17KYLokv2AKwCLcB\/s1600\/silvia%2Bbignami2.jpg\" style=\"clear: left; float: left; margin-bottom: 1em; margin-right: 1em;\"><img fetchpriority=\"high\" decoding=\"async\" border=\"0\" height=\"320\" src=\"https:\/\/4.bp.blogspot.com\/-EGze4gt4h1o\/VyZjGqpcSiI\/AAAAAAAAC0I\/J7RFpsyse0oSurpb8R2sT17KYLokv2AKwCLcB\/s320\/silvia%2Bbignami2.jpg\" width=\"306\" \/><\/a><\/div>\n<p>El  pasado\u202d \u202c17\u202d \u202cde abril,\u202d \u202clas pantallas televisivas reprodujeron  cientos de veces las dolorosas im\u00e1genes de la fiesta electr\u00f3nica Time  Warp,\u202d \u202cen Costa Salguero,\u202d \u202cdonde cinco j\u00f3venes murieron y tres\u202d \u202ca\u00fan  se debaten entre la vida y la muerte.\u202d <br \/> Como en\u202d \u202cCroma\u00f1\u00f3n en\u202d \u202c2004,\u202d \u202cen Beara en\u202d \u202c2010,\u202d \u202cen la estaci\u00f3n  de Once en\u202d \u202c2012,\u202d \u202cfuncionarixs y medios de comunicaci\u00f3n hegem\u00f3nicos  buscan culpabilizar y estigmatizar a las v\u00edctimas.\u202d \u202cEn este caso,\u202d  \u202creduciendo la situaci\u00f3n al consumo de drogas.\u202d \u202cPero las vinculaciones  con el poder,\u202d \u202cel papel del estado,\u202d \u202cel desprecio por la vida humana y  la ambici\u00f3n de ganancia sin l\u00edmites de lxs empresarixs ocupan un lugar  necesario y protag\u00f3nico a la hora de entender lo sucedido y exigir  justicia.\u202d <br \/><strong><\/strong><br \/> <strong>En el Enredando las Ma\u00f1anas del mi\u00e9rcoles\u202d \u202c27\u202d \u202cde abril  conversamos con Silvia Bignami,\u202d \u202cintegrante del espacio\u202d \u202cX Memoria y  Justicia\u202d \u202c-Croma\u00f1\u00f3n-\u202d \u202cQue no se repita<\/strong>,\u202d \u202cquienes difundieron  un comunicado mediante el que manifiestan su solidaridad con lxs  familiares de la llamada Tragedia de Costa Salguero y denuncian que las  condiciones que posibilitaron\u202d \u202cCroma\u00f1\u00f3n siguen dadas.<br \/>   Descargar <a href=\"https:\/\/ia801505.us.archive.org\/4\/items\/Bloque1Ayotzinapa\/Bloque%202%20Costa%20Salguero.mp3\" target=\"_blank\">audio<\/a>.<\/p>\n<p>La sensaci\u00f3n de estar viendo im\u00e1genes de otras situaciones\u202d  \u202cdolorosas se agudiza cuando se trata de familiares,\u202d \u202ccomo manifiesta  en el di\u00e1logo\u202d \u202cSilvia Bignami.\u202d \u00ab\u202c<em>La verdad\u202d&nbsp; \u202c-expresa-\u202d \u202ces que  nosotros desde que sucedi\u00f3\u202d \u202cCroma\u00f1\u00f3n,\u202d \u202cya van a ser doce a\u00f1os,\u202d  \u202cvenimos en general atentos a estas situaciones que se parecen a\u202d  \u202cCroma\u00f1\u00f3n,\u202d \u202cas\u00ed pas\u00f3 con la llamada tragedia del tren de Once,\u202d \u202cas\u00ed  pas\u00f3 en la ciudad y bastante desapercibido en su momento Beara,\u202d \u202cen\u202d  \u202c2010,\u202d \u202cdonde murieron dos chicas\u202d (\u202c&#8230;\u202d) \u202cCuando nos enteramos de  Costa Salguero,\u202d \u202ccon todas las caracter\u00edsticas,\u202d \u202ccon todo lo diferente  que puede ser,\u202d \u202cpor ejemplo,\u202d \u202cel tema la presencia de drogas,\u202d \u202cpara  nosotros todo lo dem\u00e1s es calcado.\u202d \u202cY nos parec\u00eda que,\u202d \u202caunque  nosotros no podemos reemplazar a los familiares ni lo vamos a hacer,\u202d  \u202cs\u00ed era importante decirles que hay responsabilidad del estado,\u202d \u202cque  hay responsabilidad de los empresarios.\u202d \u202cO sea,\u202d \u202cque en la medida que  puedan no se queden en su casa,\u202d \u202cporque realmente hay que exigir  justicia<\/em>\u202d\u00bb\u202c.\u202d<br \/> En el comunicado referido se se\u00f1alan tres cuestiones que enmarcan lo  sucedido en\u202d \u202cCroma\u00f1\u00f3n hace casi\u202d \u202cdoce a\u00f1os y en Costa Salguero hace  solo unos d\u00edas:\u202d \u202cel desprecio por la vida,\u202d \u202cla complicidad  estatal-empresarial y la culpabilizaci\u00f3n de las v\u00edctimas.\u202d \u202cPara Silvia  la m\u00e1s indignante es la estigmatizaci\u00f3n que se hace de los j\u00f3venes,\u202d  \u202cporque\u202d \u00ab\u202c<em>hay un planteo sobre la moral de las v\u00edctimas,\u202d \u202csi se  drogaban o no se drogaban.\u202d \u202cEn el caso nuestro tambi\u00e9n se dijo,\u202d \u202csi  bien no hubo en las autopsias restos de droga,\u202d \u202cde todas maneras el eje  es ese.\u202d \u202cNosotros pensamos que si hubo drogas\u202d \u202c-y efectivamente las  hubo-,\u202d (\u202c&#8230;\u202d) \u202cpone\u202d \u202cen mayor responsabilidad al gobierno de la  ciudad y a los empresarios\u202d\u00bb\u202c.\u202d \u202cPor otro lado,\u202d \u202ccontin\u00faa,\u202d \u00ab\u202cal  culpabilizar a las v\u00edctimas,\u202d \u202cse paraliza al familiar,\u202d \u202cporque primero  empieza a pensar qu\u00e9 cosa pude haber hecho o no,\u202d \u202cy en segundo lugar  est\u00e1 la condena social a quien se droga\u202d<\/em>\u00bb\u202c.<\/p>\n<p>Es que en esta situaci\u00f3n,\u202d \u202cel tema del consumo de drogas o del narcotr\u00e1fico\u202d \u00ab\u202c<em>saca  del medio los otros ejes,\u202d \u202co sea,\u202d \u202cla\u202d \u202ccomplicidad de los  funcionarios.\u202d \u202cPorque era un predio que por empezar no estaba  habilitado para eso,\u202d \u202ccomo ninguno de Costa Salguero,\u202d \u202cseg\u00fan el c\u00f3digo  de planeamiento urbano es para espacios verdes.\u202d \u202cPorque en la fiesta  hab\u00eda diez mil,\u202d \u00a1\u202cdiez mil\u202d!\u202c,\u202d \u202cpersonas m\u00e1s de las que se pod\u00edan  permitir.\u202d \u202cPorque se vend\u00eda agua como si fuera una mercanc\u00eda y despu\u00e9s  ya ni siquiera se vend\u00eda.\u202d \u202cO sea,\u202d \u202cest\u00e1 claro que ah\u00ed hubo  responsabilidad empresarial eso no pasa\u202d \u202cdesapercibida,\u202d \u202cestamos  hablando de miles y miles de personas.\u202d \u202cY estatal,\u202d \u202cclaramente,\u202d \u202cyo  dir\u00eda peor que en\u202d \u202cCroma\u00f1\u00f3n,\u202d \u202cporque all\u00ed el estado actu\u00f3 por  omisi\u00f3n,\u202d \u202comiti\u00f3 la inhabilitaci\u00f3n.\u202d \u202cPero ac\u00e1,\u202d \u202cel estado permiti\u00f3  esta fiesta privada y,\u202d \u202cadem\u00e1s de permitirla,\u202d \u202cla permiti\u00f3 en  condiciones de una irregularidad impresionante\u202d<\/em>\u00bb\u202c.\u202d <\/p>\n<p>Desde la mirada de la integrante de X Memoria&#8230;\u202d \u202cse produce una  inversi\u00f3n en las responsabilidades.\u202d \u202cAquello que deber\u00eda ser  responsabilidad del estado por tratarse de un evento p\u00fablico,\u202d \u202ccomo\u202d \u00ab<em>\u202cla  seguridad,\u202d \u202cel control,\u202d \u202cla salud,\u202d [\u202cel estado\u202d] \u202clo privatiz\u00f3.\u202d  \u202cPor ejemplo,\u202d \u202cobligando a estos empresarios a contratar ellos a las  fuerzas de seguridad.\u202d (\u202c&#8230;\u202d) \u202cYo no puedo privatizar\u202d \u202cel control de  un lugar que tiene que estar para el p\u00fablico.\u202d \u202cY lo que tiene que ser  privado\u202d \u202c-qu\u00e9 le pas\u00f3 al padre con su hijo,\u202d \u202cetc.-,\u202d \u202ceso es privado y  se lo quiere hacer p\u00fablico.\u202d \u202cEl otro d\u00eda le\u00eda una nota en Clar\u00edn de  una psic\u00f3loga,\u202d \u202ctodo bien,\u202d \u202chablando del di\u00e1logo&#8230;\u202d \u202cEsperemos un  poco para hablar de di\u00e1logo:\u202d \u202cac\u00e1 hay muertos y heridos grav\u00edsimos.\u202d  \u202cCon los muertos ya no se puede hablar.\u202d \u202cEntonces realmente es bien  desviacionista\u202d<\/em>\u00bb\u202c.<\/p>\n<p>Argumentos como el esgrimido en el art\u00edculo en este contexto pone la  mirada\u202d \u202cnuevamente en las v\u00edctimas y no en lxs funcionarixs del estado  que deben controlar los establecimientos.\u202d \u202cAl respecto,\u202d \u202cBignami  sostiene\u202d \u00ab\u202c<em>Nosotros sostenemos que ac\u00e1 hay causales de juicio  pol\u00edtico a Larreta,\u202d \u202cporque si Ibarra tuvo un juicio pol\u00edtico como lo  establece la Constituci\u00f3n de la ciudad,\u202d \u202cLarreta tambi\u00e9n.\u202d \u202cO,\u202d \u202cpor lo  menos,\u202d \u202cempezar por una interpelaci\u00f3n.\u202d \u00bf\u202cC\u00f3mo es que se salva tanto\u202d?  \u00bf\u202cC\u00f3mo es que la Agencia Gubernamental de Control dice que estaba todo  bien\u202d? \u202cEntonces,\u202d \u00bf\u202ccu\u00e1l es la hip\u00f3tesis de la muerte de todos estos  pibes\u202d? (\u202c&#8230;\u202d) \u202cespero que los legisladores se pongan las pilas\u202d  (\u202c&#8230;\u202d) \u202cahora el macrismo acaba de bloquear una comisi\u00f3n  investigadora,\u202d \u202cellos que son tan anticorrupci\u00f3n,\u202d \u202cque llamen a la  comisi\u00f3n investigadora.\u202d \u202cSi est\u00e1 todo bien,\u202d \u202cva a decir que est\u00e1 todo  bien.\u202d \u202cNosotros creemos que no<\/em>\u202d\u00bb\u202c.<\/p>\n<p>De acuerdo a un informe del Observatorio del Derecho a la Ciudad  acerca de la concesi\u00f3n y explotaci\u00f3n comercial de Costa Salguero,\u202d \u202ccomo  muchas otras,\u202d \u202cson ilegales por no respetar el C\u00f3digo de\u202d  \u202cPlaneamiento Urbano de la Ciudad\u202d (\u202cCPU\u202d)\u202c.\u202d \u202cA pesar de eso,\u202d  \u202csostiene Silvia,\u202d \u00ab\u202c<em>fue el estado el que habilit\u00f3 esa condici\u00f3n  irregular\u202d&nbsp;&nbsp; &nbsp;\u202c.\u202d \u202cO cosas m\u00e1s tontas,\u202d \u202chay\u202d (\u202c&#8230;\u202d) \u202cboliches  importantes,\u202d \u202ctipo Rodizzio que\u202d \u202cest\u00e1n invadiendo toda la vereda:\u202d  \u202centonces si yo voy caminando por la vereda y me rompo la pierna con una  mesa,\u202d \u00bf\u202csoy yo el tarado que no vio una mesa o lo l\u00f3gico es que en una  vereda no haya una mesa\u202d? \u202cEstoy exagerando el nivel de tonter\u00eda,\u202d  \u202cpero hay responsabilidad sobre los actos,\u202d \u202cy en este caso fuertemente  el estado y por supuesto,\u202d \u202clos empresarios que en este pa\u00eds es la  m\u00e1xima ganancia.\u202d \u202cImaginate,\u202d \u202csi en la fiesta hubieran estado los  trece mil igual hubieran ganado un mont\u00f3n de plata,\u202d \u202cpero metieron diez  mil m\u00e1s,\u202d \u202cuna cosa as\u00ed,\u202d \u202cocho mil m\u00e1s,\u202d \u202ces much\u00edsima gente.\u202d \u202cEsas  muertes anunciadas,\u202d \u00bf\u202cno\u202d?<\/em>\u00bb.<\/p>\n<p><img decoding=\"async\" class=\"s5_lazyload\" height=\"222\" src=\"http:\/\/rnma.org.ar\/images\/ImagenesRNMA\/ENREDANDO_LAS_MANIANAS\/croma%C3%B1on.jpg\" style=\"float: left; margin: 7px; opacity: 1;\" width=\"320\" \/>Otra de las caracter\u00edsticas del tratamiento estatal\u202d \u202c-y tambi\u00e9n  medi\u00e1tico-\u202d \u202cde estos hechos,\u202d \u202ces el presentarlos como casos aislados,\u202d  \u202co\u202d \u00ab\u202caccidentes\u202d\u00bb\u202c,\u202d \u202csin plantear una continuidad de la  responsabilidad que tienen y que ellos lo permiten y avalan a partir de  las pol\u00edticas.\u202d \u202cEn relaci\u00f3n a las responsabilidades se\u00f1aladas en\u202d  \u202cCroma\u00f1\u00f3n,\u202d \u202cSilvia reflexiona\u202d \u202c\u00ab<em>dicen que nosotros conseguimos  mucho.\u202d \u202cNosotros conseguimos de hecho la destituci\u00f3n de un jefe de  gobierno,\u202d \u202cconseguimos dos juicios relativamente exitosos,\u202d \u202choy se  est\u00e1 decidiendo la sentencia a Calderini,\u202d \u202cel \u00faltimo inspector  corrupto,\u202d \u202cque todav\u00eda est\u00e1 trabajando\u202d (\u202c&#8230;\u202d) \u202cYo,\u202d \u202cpersonalmente,\u202d  \u202ccreo que el problema m\u00e1s de fondo es el tipo de sociedad que tenemos,\u202d  \u202ces el capitalismo.\u202d \u202cPorque fijate que la vida no vale nada.\u202d \u202cPor  supuesto una no se va a sentar a esperar que se derrumbe,\u202d \u202centonces  mientras tanto,\u202d \u202clas cosas que hacemos por memoria,\u202d \u202cverdad y  justicia,\u202d \u202cayudan.\u202d \u202cPero esto es como pensar que con los juicios a la  Junta autom\u00e1ticamente desaparecen todas las condiciones que hicieron que  treinta mil desaparecieran.\u202d \u202cSon m\u00e1s complejas estas cosas.\u202d \u202cAun  as\u00ed,\u202d \u202cese es el mensaje a los familiares de costa Salguero:\u202d \u202cnosotros  creemos que vale la pena luchar,\u202d \u202cporque s\u00ed es acumulativo.\u202d \u202cEntonces  esa acumulaci\u00f3n de lucha,\u202d \u202csirve\u202d<\/em>\u00bb\u202c.<\/p>\n<p>La relevancia de la lucha por justicia en la causa de\u202d \u202cCroma\u00f1\u00f3n trasciende las condenas por el hecho en s\u00ed:\u202d \u00ab<em>\u202cAhora  hay un antecedente,\u202d \u202cvos fijate que este antecedente del juicio  pol\u00edtico a Ibarra sirve tranquilamente como antecedente de al menos  comisi\u00f3n investigadora para Larreta.\u202d \u202cAs\u00ed como en la causa penal en la  condena logramos que fuera por estrago,\u202d \u202cla tomaron los familiares de  Once y tambi\u00e9n les fue bastante bien y esa fue la condena hacia los  empresarios,\u202d \u202ctambi\u00e9n por estrago\u202d (\u202c&#8230;\u202d) \u202csi bien hay impunidad,\u202d  \u202cnosotros creemos que esas peque\u00f1as luces crean el camino para que otros  sigan.\u202d \u202cPor eso alentamos a los familiares.\u202d \u202cEst\u00e1 el duelo,\u202d \u202cy eso  no hay forma de que lo puedas resolver.\u202d \u202cPero si no se lucha,\u202d \u202ces  peor.\u202d \u202cEsa es nuestra experiencia,\u202d \u202cnada m\u00e1s,\u202d \u202cmodestamente\u202d<\/em>\u00bb\u202c<\/p>\n<div class='share-to-whatsapp-wrapper'><div class='share-on-whsp'>Share on: <\/div><div class='clear '><\/div><\/div>","protected":false},"excerpt":{"rendered":"<p>El pasado\u202d \u202c17\u202d \u202cde abril,\u202d \u202clas pantallas televisivas reprodujeron cientos de veces las dolorosas im\u00e1genes de la fiesta electr\u00f3nica Time Warp,\u202d \u202cen Costa Salguero,\u202d \u202cdonde cinco j\u00f3venes murieron y tres\u202d \u202ca\u00fan se debaten entre la vida y la muerte.\u202d Como en\u202d \u202cCroma\u00f1\u00f3n en\u202d \u202c2004,\u202d \u202cen Beara en\u202d \u202c2010,\u202d \u202cen la estaci\u00f3n de Once en\u202d \u202c2012,\u202d [&hellip;]<\/p>\n","protected":false},"author":2,"featured_media":0,"comment_status":"open","ping_status":"open","sticky":false,"template":"","format":"standard","meta":{"footnotes":""},"categories":[],"tags":[64,63],"class_list":["post-39","post","type-post","status-publish","format-standard","hentry","tag-cromagnon","tag-panuelos"],"_links":{"self":[{"href":"https:\/\/zumbalaturba.com.ar\/index.php?rest_route=\/wp\/v2\/posts\/39","targetHints":{"allow":["GET"]}}],"collection":[{"href":"https:\/\/zumbalaturba.com.ar\/index.php?rest_route=\/wp\/v2\/posts"}],"about":[{"href":"https:\/\/zumbalaturba.com.ar\/index.php?rest_route=\/wp\/v2\/types\/post"}],"author":[{"embeddable":true,"href":"https:\/\/zumbalaturba.com.ar\/index.php?rest_route=\/wp\/v2\/users\/2"}],"replies":[{"embeddable":true,"href":"https:\/\/zumbalaturba.com.ar\/index.php?rest_route=%2Fwp%2Fv2%2Fcomments&post=39"}],"version-history":[{"count":0,"href":"https:\/\/zumbalaturba.com.ar\/index.php?rest_route=\/wp\/v2\/posts\/39\/revisions"}],"wp:attachment":[{"href":"https:\/\/zumbalaturba.com.ar\/index.php?rest_route=%2Fwp%2Fv2%2Fmedia&parent=39"}],"wp:term":[{"taxonomy":"category","embeddable":true,"href":"https:\/\/zumbalaturba.com.ar\/index.php?rest_route=%2Fwp%2Fv2%2Fcategories&post=39"},{"taxonomy":"post_tag","embeddable":true,"href":"https:\/\/zumbalaturba.com.ar\/index.php?rest_route=%2Fwp%2Fv2%2Ftags&post=39"}],"curies":[{"name":"wp","href":"https:\/\/api.w.org\/{rel}","templated":true}]}}