{"id":3907,"date":"2017-07-30T13:57:36","date_gmt":"2017-07-30T13:57:36","guid":{"rendered":"http:\/\/zumbalaturba.com.ar\/?p=3907"},"modified":"2017-07-30T13:57:36","modified_gmt":"2017-07-30T13:57:36","slug":"pasar-la-escoba-y-sentir-el-blues-la-nota-azul-sensaciones-bajo-una-lluvia-musical","status":"publish","type":"post","link":"https:\/\/zumbalaturba.com.ar\/?p=3907","title":{"rendered":"Pasar la escoba y sentir el blues: La Nota Azul, sensaciones bajo una lluvia musical"},"content":{"rendered":"<p style=\"padding-left: 150px;\"><span style=\"font-size: 14pt;\"><em>Una voz \u00e1spera como como papel de lija y quebrada como si reci\u00e9n hubiera dejado de llorar. Un uso de la guitarra que no repara en sutilezas y la aborda como un instrumento de enorme energ\u00eda para penetrar en las mentes y los o\u00eddos de quienes se atrevan a escuchar. Nadie, en torno, a 1951, sostuvo esta visi\u00f3n con m\u00e1s certeza y audacia que <strong>Elmore James<\/strong><\/em>.<\/span><\/p>\n<p><iframe src=\"http:\/\/ar.ivoox.com\/es\/player_ej_20063295_2_1.html?data=k5WdmJiWfZahhpywj5WWaZS1kZaSlaaZdY6ZmKialJKJe6ShkZKSmaiRdI6ZmKiarsaPktDowpCu3NrQb6-ZpJeSpJWPdZGqjJKYlJ6JdqekmIqfqJeUdZihhpywj7HFb8_j1caYw9_ZsIy3hqigh6eXtsXjw8aah5yncZU.&amp;\" width=\"100%\" height=\"200\" frameborder=\"0\" scrolling=\"no\" allowfullscreen=\"allowfullscreen\"><\/iframe><\/p>\n<p>As\u00ed, con la m\u00fasica de Elmore James, comenzamos este programa n\u00famero 106 de<strong> La Nota Azul<\/strong>, correspondiente al s\u00e1bado 29 de julio de 2017. Por el aire de Zumba La Turba en la FM 99.5, C\u00f3rdoba, Argentina. Escuchamos The Sky Is Crying, Bobby&#8217;s Rock y el cl\u00e1sico Dust My Broom, en sus versiones de finales de la d\u00e9cada del 50, grabadas en Chicago.<\/p>\n<p><span style=\"font-size: 14pt;\">Luego es el turno de <strong>Aldo Zolev<\/strong>, contrabajista colombiano\u00a0que, viniendo del mundo del jazz, se ha formado y ha integrado formaciones muy diversas, abordando recursos de la m\u00fasica \u00e9tnica, la electr\u00f3nica, la m\u00fasica para cine, los folklores de medio oriente, las percusiones afro y la orquestaci\u00f3n europea. Zolev ha nutrido su m\u00fasica en sus viajes por todo el mundo. Con su grupo, participaron de la \u00faltima y reciente edici\u00f3n del <em><strong>C\u00f3rdoba Jazz Camp<\/strong><\/em>.<\/span><\/p>\n<figure id=\"attachment_970\" aria-describedby=\"caption-attachment-970\" style=\"width: 582px\" class=\"wp-caption aligncenter\"><img fetchpriority=\"high\" decoding=\"async\" class=\" wp-image-970\" src=\"http:\/\/lanotaazul.com.ar\/wp-content\/uploads\/2017\/07\/aldo-zolev-1024x587.jpg\" alt=\"\" width=\"582\" height=\"334\" \/><figcaption id=\"caption-attachment-970\" class=\"wp-caption-text\">Aldo Zolev y grupo en el concierto de apertura del C\u00f3rdoba Jazz Camp 2017<\/figcaption><\/figure>\n<p><span style=\"font-size: 14pt;\">Escuchamos su disco <strong><em>Sensaciones bajo la lluvia<\/em><\/strong>, lanzado por el sello colombiano <em><strong>Enno<\/strong>. <\/em>Su primer disco como l\u00edder, en el que presenta diez composiciones propias que\u00a0dejan sentir una variedad de timbres, ritmos y melod\u00edas en un productivo cruce de tradiciones y m\u00fasicas.<\/span><\/p>\n<p><span style=\"font-size: 14pt;\">El momento del free jazz llega con el \u00e1lbum <em><strong>Escalator<\/strong> <\/em>del saxofonista <strong>Ken Vandermark<\/strong>, con <strong>Klaus Kugel<\/strong> en bater\u00eda y <strong>Mark Tokar<\/strong> en contrabajo, grabado en vivo en Cracovia en 2016 y relanzado recientemente por la plataforma <em><strong>Catalytic Sound<\/strong><\/em>.<\/span><\/p>\n<div id='gallery-1' class='gallery galleryid-3907 gallery-columns-2 gallery-size-medium'><figure class='gallery-item'>\n\t\t\t<div class='gallery-icon landscape'>\n\t\t\t\t<img decoding=\"async\" width=\"300\" height=\"300\" src=\"https:\/\/zumbalaturba.com.ar\/wp-content\/uploads\/2017\/07\/tapa-disco-zolev-300x300.jpg\" class=\"attachment-medium size-medium\" alt=\"\" aria-describedby=\"gallery-1-3911\" srcset=\"https:\/\/zumbalaturba.com.ar\/wp-content\/uploads\/2017\/07\/tapa-disco-zolev-300x300.jpg 300w, https:\/\/zumbalaturba.com.ar\/wp-content\/uploads\/2017\/07\/tapa-disco-zolev-768x768.jpg 768w, https:\/\/zumbalaturba.com.ar\/wp-content\/uploads\/2017\/07\/tapa-disco-zolev.jpg 1000w\" sizes=\"(max-width: 300px) 100vw, 300px\" \/>\n\t\t\t<\/div>\n\t\t\t\t<figcaption class='wp-caption-text gallery-caption' id='gallery-1-3911'>\n\t\t\t\tAldo Zolev: Sensaciones bajo la lluvia\n\t\t\t\t<\/figcaption><\/figure><figure class='gallery-item'>\n\t\t\t<div class='gallery-icon portrait'>\n\t\t\t\t<img decoding=\"async\" width=\"295\" height=\"300\" src=\"https:\/\/zumbalaturba.com.ar\/wp-content\/uploads\/2017\/07\/Escalator-295x300.jpg\" class=\"attachment-medium size-medium\" alt=\"\" aria-describedby=\"gallery-1-3910\" srcset=\"https:\/\/zumbalaturba.com.ar\/wp-content\/uploads\/2017\/07\/Escalator-295x300.jpg 295w, https:\/\/zumbalaturba.com.ar\/wp-content\/uploads\/2017\/07\/Escalator-768x780.jpg 768w, https:\/\/zumbalaturba.com.ar\/wp-content\/uploads\/2017\/07\/Escalator-1008x1024.jpg 1008w, https:\/\/zumbalaturba.com.ar\/wp-content\/uploads\/2017\/07\/Escalator.jpg 1181w\" sizes=\"(max-width: 295px) 100vw, 295px\" \/>\n\t\t\t<\/div>\n\t\t\t\t<figcaption class='wp-caption-text gallery-caption' id='gallery-1-3910'>\n\t\t\t\tEscalator\n\t\t\t\t<\/figcaption><\/figure>\n\t\t<\/div>\n\n<p><span style=\"font-size: 14pt;\">A continuaci\u00f3n llega la m\u00fasica de <strong>Kamasi Washington<\/strong>, saxofonista tenor, compositor\u00a0y productor estadounidense, que indaga en distintas vertientes jazzeras.<\/span><\/p>\n<p><img loading=\"lazy\" decoding=\"async\" class=\"aligncenter wp-image-977\" src=\"http:\/\/lanotaazul.com.ar\/wp-content\/uploads\/2017\/07\/kamashi-washington-1024x576.jpg\" alt=\"\" width=\"351\" height=\"197\" \/><\/p>\n<p>&nbsp;<\/p>\n<p><span style=\"font-size: 14pt;\">Luego escuchamos algo de la improvisaci\u00f3n libre de <strong>Cayote<\/strong>, d\u00fao de guitarras formado por <strong>Ives Romero<\/strong> y <strong>Federico Ragessi<\/strong>. Parte de la escena de la improvisaci\u00f3n libre cordobesa, <strong>Cayote<\/strong> prepara un disco que ver\u00e1 la luz pr\u00f3ximamente y que est\u00e1 grabando con un seleccionado de m\u00fasicos de jazz e improvisadores de C\u00f3rdoba.<\/span><\/p>\n<p><span style=\"font-size: 14pt;\">Nos despedimos con <strong>Escalandrum<\/strong> y su \u00e1lbum <em><strong>Piazzolla Plays Piazzolla<\/strong><\/em>, previo a la presentaci\u00f3n de este tremendo grupo en C\u00f3rdoba el pr\u00f3ximo martes 1 de agosto.<\/span><\/p>\n<div id='gallery-2' class='gallery galleryid-3907 gallery-columns-2 gallery-size-thumbnail'><figure class='gallery-item'>\n\t\t\t<div class='gallery-icon landscape'>\n\t\t\t\t<img loading=\"lazy\" decoding=\"async\" width=\"90\" height=\"68\" src=\"https:\/\/zumbalaturba.com.ar\/wp-content\/uploads\/2017\/07\/CAYOTE-90x68.jpg\" class=\"attachment-thumbnail size-thumbnail\" alt=\"\" aria-describedby=\"gallery-2-3908\" \/>\n\t\t\t<\/div>\n\t\t\t\t<figcaption class='wp-caption-text gallery-caption' id='gallery-2-3908'>\n\t\t\t\tCayote\n\t\t\t\t<\/figcaption><\/figure><figure class='gallery-item'>\n\t\t\t<div class='gallery-icon landscape'>\n\t\t\t\t<img loading=\"lazy\" decoding=\"async\" width=\"90\" height=\"68\" src=\"https:\/\/zumbalaturba.com.ar\/wp-content\/uploads\/2017\/07\/Escalandrum-Piazzolla-Plays-Piazzolla-90x68.jpg\" class=\"attachment-thumbnail size-thumbnail\" alt=\"\" aria-describedby=\"gallery-2-3909\" \/>\n\t\t\t<\/div>\n\t\t\t\t<figcaption class='wp-caption-text gallery-caption' id='gallery-2-3909'>\n\t\t\t\tEscalandrum: Piazzolla Plays Piazzolla\n\t\t\t\t<\/figcaption><\/figure>\n\t\t<\/div>\n\n<p>&nbsp;<\/p>\n<p><span style=\"font-size: 14pt;\">Todo eso y mucho m\u00e1s en dos intensas horas de jazz, blues, m\u00fasica y radio.<\/span><\/p>\n<p>&nbsp;<\/p>\n<p><span style=\"font-size: 14pt;\"><a href=\"http:\/\/lanotaazul.com.ar\/programas\/pasar-la-escoba-y-sentir-el-blues-la-nota-azul-sensaciones-bajo-una-lluvia-musical\/\" target=\"_blank\" rel=\"noopener noreferrer\"><strong>ESCUCHALO TAMBI\u00c9N POR AC\u00c1<\/strong><\/a><\/span><\/p>\n<div class='share-to-whatsapp-wrapper'><div class='share-on-whsp'>Share on: <\/div><div class='clear '><\/div><\/div>","protected":false},"excerpt":{"rendered":"<p>Una voz \u00e1spera como como papel de lija y quebrada como si reci\u00e9n hubiera dejado de llorar. Un uso de la guitarra que no repara en sutilezas y la aborda como un instrumento de enorme energ\u00eda para penetrar en las mentes y los o\u00eddos de quienes se atrevan a escuchar. Nadie, en torno, a 1951, [&hellip;]<\/p>\n","protected":false},"author":14,"featured_media":3912,"comment_status":"open","ping_status":"open","sticky":false,"template":"","format":"standard","meta":{"footnotes":""},"categories":[261],"tags":[81,52,293,305,296,166],"class_list":["post-3907","post","type-post","status-publish","format-standard","has-post-thumbnail","hentry","category-la-nota-azul","tag-agenda-cultural","tag-cultura","tag-jazz","tag-jazz-federal-club","tag-la-nota-azul","tag-musica"],"_links":{"self":[{"href":"https:\/\/zumbalaturba.com.ar\/index.php?rest_route=\/wp\/v2\/posts\/3907","targetHints":{"allow":["GET"]}}],"collection":[{"href":"https:\/\/zumbalaturba.com.ar\/index.php?rest_route=\/wp\/v2\/posts"}],"about":[{"href":"https:\/\/zumbalaturba.com.ar\/index.php?rest_route=\/wp\/v2\/types\/post"}],"author":[{"embeddable":true,"href":"https:\/\/zumbalaturba.com.ar\/index.php?rest_route=\/wp\/v2\/users\/14"}],"replies":[{"embeddable":true,"href":"https:\/\/zumbalaturba.com.ar\/index.php?rest_route=%2Fwp%2Fv2%2Fcomments&post=3907"}],"version-history":[{"count":0,"href":"https:\/\/zumbalaturba.com.ar\/index.php?rest_route=\/wp\/v2\/posts\/3907\/revisions"}],"wp:featuredmedia":[{"embeddable":true,"href":"https:\/\/zumbalaturba.com.ar\/index.php?rest_route=\/wp\/v2\/media\/3912"}],"wp:attachment":[{"href":"https:\/\/zumbalaturba.com.ar\/index.php?rest_route=%2Fwp%2Fv2%2Fmedia&parent=3907"}],"wp:term":[{"taxonomy":"category","embeddable":true,"href":"https:\/\/zumbalaturba.com.ar\/index.php?rest_route=%2Fwp%2Fv2%2Fcategories&post=3907"},{"taxonomy":"post_tag","embeddable":true,"href":"https:\/\/zumbalaturba.com.ar\/index.php?rest_route=%2Fwp%2Fv2%2Ftags&post=3907"}],"curies":[{"name":"wp","href":"https:\/\/api.w.org\/{rel}","templated":true}]}}