{"id":3998,"date":"2017-08-02T17:41:29","date_gmt":"2017-08-02T17:41:29","guid":{"rendered":"http:\/\/zumbalaturba.com.ar\/?p=3998"},"modified":"2017-08-02T17:42:03","modified_gmt":"2017-08-02T17:42:03","slug":"no-a-la-central-nuclear-estamos-permanentemente-comunicados-para-salir-a-las-calles","status":"publish","type":"post","link":"https:\/\/zumbalaturba.com.ar\/?p=3998","title":{"rendered":"NO a la central nuclear: \u201cEstamos permanentemente comunicados para salir a las calles\u201d"},"content":{"rendered":"<p><img fetchpriority=\"high\" decoding=\"async\" class=\"size-medium wp-image-3999 alignleft\" src=\"https:\/\/zumbalaturba.com.ar\/wp-content\/uploads\/2017\/08\/no-nuclear-300x168.jpeg\" alt=\"no nuclear\" width=\"300\" height=\"168\" srcset=\"https:\/\/zumbalaturba.com.ar\/wp-content\/uploads\/2017\/08\/no-nuclear-300x168.jpeg 300w, https:\/\/zumbalaturba.com.ar\/wp-content\/uploads\/2017\/08\/no-nuclear-768x431.jpeg 768w, https:\/\/zumbalaturba.com.ar\/wp-content\/uploads\/2017\/08\/no-nuclear-800x445.jpeg 800w, https:\/\/zumbalaturba.com.ar\/wp-content\/uploads\/2017\/08\/no-nuclear.jpeg 960w\" sizes=\"(max-width: 300px) 100vw, 300px\" \/>En el <strong>Enredando las Ma\u00f1anas <\/strong>del d\u00eda lunes hablamos con <strong>Amanda, de la Asamblea Contra la Energ\u00eda Nuclear de R\u00edo Negro<\/strong>, sobre el nuevo proyecto que impulsa el gobernador Alberto Weretilneck de instalar una central nuclear en R\u00edo Negro. El mi\u00e9rcoles 9 de agosto habr\u00e1 marchas y concentraciones en diversos puntos del pa\u00eds en rechazo a la central nuclear en la Patagonia. \u201c<i>Logramos que haya un debate social sobre el tema de la planta <\/i>\u2013destac\u00f3 Amanda &#8211; <i>Y los ciudadanos, de no saber bien en qu\u00e9 consiste, el pueblo ya est\u00e1 teniendo una posici\u00f3n clara contra la planta nuclear. Se est\u00e1 dando una lecci\u00f3n de participaci\u00f3n ciudadana democr\u00e1tica<\/i>\u201d.<\/p>\n<p><iframe width=\"100%\" height=\"200\" frameborder=\"0\" allowfullscreen=\"\" scrolling=\"no\" src=\"http:\/\/ar.ivoox.com\/es\/player_ej_20134333_2_1.html?data=k5WelZmXd5Shhpywj5aVaZS1k5aah5yncZKhhpywj5WRaZi3jpWah5yncabi1dfS2M7XuMKfwpCuz8bSqMKZk6iYxsqPsMKfotjOz8fQqcKfpNTb1tfFb83VjKrbx9fLaaSnhqaxw5CRaZi3jrfOxs7Tb7vpzsfOjdHFb7Xp08fOj4qbh46k&#038;\"><\/iframe><br \/>\nAmanda cont\u00f3 c\u00f3mo comenz\u00f3 el proceso de organizaci\u00f3n de los vecinos y vecinas ante la novedad: \u201c<i>El 6 de junio convocamos a una asamblea en la catedral de Viedma a ra\u00edz de las declaraciones del gobernador Alberto Weretilneck en los medios de comunicaci\u00f3n, donde dijo que iban a construir una central nuclear en la provincia, y a ra\u00edz de esas declaraciones nos empezamos a movilizar. Con el impulso de esa asamblea, de la cual participaron m\u00e1s de 1500 personas, empezamos a construir el porqu\u00e9 no queremos la central nuclear, y luego fue ocuparnos de informar a los vecinos de que la energ\u00eda nuclear no tiene tantas bondades como nos quieren hacer creer, sino que tiene una serie de perjuicios para el ambiente y los humanos que habitamos el territorio\u201d<\/i><i>.<\/i><\/p>\n<p>Relat\u00f3 que desde ese momento ya se realizaron cinco asambleas multitudinarias, en conjunto con actividades culturales, arte, m\u00fasica, cine-debate y charlas en escuelas, con los cuales buscaron informar a la poblaci\u00f3n. \u201c<i>A ra\u00edz de <\/i><i>e<\/i><i>sto logramos que haya un debate social sobre el tema de la planta <\/i>\u2013 destac\u00f3 Amanda &#8211; <i>Y los ciudadanos de no saber bien en qu\u00e9 consiste, el pueblo ya est\u00e1 teniendo una posici\u00f3n clara contra la planta nuclear. <\/i><i>E<\/i><i>sto lo pudimos ver <\/i><i>es<\/i><i>ta semana cuando vino una comitiva china, acompa\u00f1ada por expertos del CNEA, de forma secreta, a espaldas del pueblos. El gobernador negaba hasta \u00faltimo momento que se iba a realizar <\/i><i>e<\/i><i>sta visita. Los vecinos y vecinas salieron en masa. Fuimos al hotel donde se alojaba la comitiva china<\/i>\u201d.<\/p>\n<p>Asimismo, detall\u00f3: \u201c<i>estamos permanentemente comunicados en las redes sociales para salir a las calles. Se est\u00e1 dando una lecci\u00f3n de participaci\u00f3n ciudadana democr\u00e1tica, ante un gobierno que no nos est\u00e1 dando la palabra ni escuchando, por m\u00e1s que le estamos pidiendo que venga a la asamblea<\/i>\u201d.<\/p>\n<p>Finalmente, destac\u00f3 que el tema de la instalaci\u00f3n de la planta \u201c<i>es algo que nos debe preocupar a nivel nacional<\/i>\u201d y caracteriz\u00f3 que \u201c<i>e<\/i><i>sto es un pie para que se frenen \u00e9ste tipo de proyectos en Argentina<\/i>\u201d e inform\u00f3 que para el 9 de agosto convocan a una movilizaci\u00f3n nacional contra la instalaci\u00f3n de la planta nuclear en Patagonia. \u201c<i>Esperamos que en todo el pa\u00eds se movilicen. Esa energ\u00eda que se va a producir no va a ser para el pueblo, sino que se va a ir para afuera<\/i>\u201d.<\/p>\n<p><strong>Convocatorias<\/strong><\/p>\n<p>Hasta el momento las movilizaciones confirmadas son:<\/p>\n<p style=\"margin-left: 30px;\">&#8211; Viedma (R\u00edo Negro) 16:30hs Concentraci\u00f3n y marcha desde Plaza Alsina.<\/p>\n<p style=\"margin-left: 30px;\">&#8211; R\u00edo Colorado (R\u00edo Negro): 16:30hs Concentraci\u00f3n en Plaza San Mart\u00edn.<\/p>\n<p style=\"margin-left: 30px;\">&#8211; Villa Regina (R\u00edo Negro): 16:30hs Concentraci\u00f3n y marcha desde la Plaza de los Pr\u00f3ceres.<\/p>\n<p style=\"margin-left: 30px;\">&#8211; Neuqu\u00e9n: 17hs Concentraci\u00f3n Monumento San Mart\u00edn.<\/p>\n<p style=\"margin-left: 30px;\">&#8211; San Jos\u00e9 (Entre R\u00edos): A partir de 19hs en Casa del Bicentenario &#8220;Encuentro por una Patagonia limpia y soberana&#8221;.<\/p>\n<p style=\"margin-left: 30px;\">&#8211; Z\u00e1rate (Buenos Aires): 17hs Plaza Mitre.<\/p>\n<p>Llaman a enviar las convocatorias de cada localidad a: <a href=\"mailto:patagonianonuclear@gmail.com\">patagonianonuclear@gmail.com<\/a><br \/>\nTambi\u00e9n se los puede contactar en su p\u00e1gina de Facebook \u201c<a href=\"https:\/\/www.facebook.com\/NoalaPlantaNuclearenlaPatagonia\/\" target=\"_blank\">No a la Planta Nuclear en la Patagonia<\/a>\u201d y en Twitter: @patagonianonuclear<\/p>\n<div class='share-to-whatsapp-wrapper'><div class='share-on-whsp'>Share on: <\/div><div class='clear '><\/div><\/div>","protected":false},"excerpt":{"rendered":"<p>En el Enredando las Ma\u00f1anas del d\u00eda lunes hablamos con Amanda, de la Asamblea Contra la Energ\u00eda Nuclear de R\u00edo Negro, sobre el nuevo proyecto que impulsa el gobernador Alberto Weretilneck de instalar una central nuclear en R\u00edo Negro. El mi\u00e9rcoles 9 de agosto habr\u00e1 marchas y concentraciones en diversos puntos del pa\u00eds en rechazo [&hellip;]<\/p>\n","protected":false},"author":6,"featured_media":3999,"comment_status":"open","ping_status":"open","sticky":false,"template":"","format":"standard","meta":{"footnotes":""},"categories":[18],"tags":[379,744,745,114],"class_list":["post-3998","post","type-post","status-publish","format-standard","has-post-thumbnail","hentry","category-elm","tag-ambiente","tag-nuclear","tag-rio-negro","tag-salud"],"_links":{"self":[{"href":"https:\/\/zumbalaturba.com.ar\/index.php?rest_route=\/wp\/v2\/posts\/3998","targetHints":{"allow":["GET"]}}],"collection":[{"href":"https:\/\/zumbalaturba.com.ar\/index.php?rest_route=\/wp\/v2\/posts"}],"about":[{"href":"https:\/\/zumbalaturba.com.ar\/index.php?rest_route=\/wp\/v2\/types\/post"}],"author":[{"embeddable":true,"href":"https:\/\/zumbalaturba.com.ar\/index.php?rest_route=\/wp\/v2\/users\/6"}],"replies":[{"embeddable":true,"href":"https:\/\/zumbalaturba.com.ar\/index.php?rest_route=%2Fwp%2Fv2%2Fcomments&post=3998"}],"version-history":[{"count":0,"href":"https:\/\/zumbalaturba.com.ar\/index.php?rest_route=\/wp\/v2\/posts\/3998\/revisions"}],"wp:featuredmedia":[{"embeddable":true,"href":"https:\/\/zumbalaturba.com.ar\/index.php?rest_route=\/wp\/v2\/media\/3999"}],"wp:attachment":[{"href":"https:\/\/zumbalaturba.com.ar\/index.php?rest_route=%2Fwp%2Fv2%2Fmedia&parent=3998"}],"wp:term":[{"taxonomy":"category","embeddable":true,"href":"https:\/\/zumbalaturba.com.ar\/index.php?rest_route=%2Fwp%2Fv2%2Fcategories&post=3998"},{"taxonomy":"post_tag","embeddable":true,"href":"https:\/\/zumbalaturba.com.ar\/index.php?rest_route=%2Fwp%2Fv2%2Ftags&post=3998"}],"curies":[{"name":"wp","href":"https:\/\/api.w.org\/{rel}","templated":true}]}}