{"id":40,"date":"2016-05-01T19:33:00","date_gmt":"2016-05-01T22:33:00","guid":{"rendered":"http:\/\/zumbalaturba.com.ar\/2016\/05\/01\/yolanda-saldarriaga-en-cordoba-entrelazando-experiencias-con-el-feminismo-popular-venezolano\/"},"modified":"2023-10-21T17:20:30","modified_gmt":"2023-10-21T20:20:30","slug":"yolanda-saldarriaga-en-cordoba-entrelazando-experiencias-con-el-feminismo-popular-venezolano","status":"publish","type":"post","link":"https:\/\/zumbalaturba.com.ar\/?p=40","title":{"rendered":"Yolanda Saldarriaga en C\u00f3rdoba: Entrelazando Experiencias con el Feminismo Popular Venezolano"},"content":{"rendered":"<div style=\"clear: both; text-align: center;\"><a style=\"margin-left: 1em; margin-right: 1em;\" href=\"https:\/\/3.bp.blogspot.com\/-o71tWO5W-28\/VyZYoAvbvWI\/AAAAAAAACzw\/_7dvVVuy2FQmKQfq1zcCxYpqsaHJc82mACLcB\/s1600\/yoland%2Ben%2Bzumba.jpg\">\u00a0<\/a><\/div>\n<p>&nbsp;<\/p>\n<div style=\"clear: both; text-align: center;\"><a style=\"clear: left; float: left; margin-bottom: 1em; margin-right: 1em;\" href=\"https:\/\/1.bp.blogspot.com\/-RMny-so7A0c\/VyZYpcM6s9I\/AAAAAAAACz4\/3j1vMg4wmcEzjlMq7b_YUZ4Sx9GXnBmiQCLcB\/s1600\/yolanda%2By%2Bdanilo.jpg\"><img fetchpriority=\"high\" decoding=\"async\" src=\"https:\/\/1.bp.blogspot.com\/-RMny-so7A0c\/VyZYpcM6s9I\/AAAAAAAACz4\/3j1vMg4wmcEzjlMq7b_YUZ4Sx9GXnBmiQCLcB\/s320\/yolanda%2By%2Bdanilo.jpg\" width=\"320\" height=\"212\" border=\"0\" \/><\/a><\/div>\n<p>(Por <i>Pa\u00f1uelos en Rebeld\u00eda) <\/i>Una brisa fresca con tonada caribe\u00f1a visit\u00f3 C\u00f3rdoba durante los d\u00edas martes 30 y mi\u00e9rcoles 31 de marzo pasado. <b>Yolanda Saldarriaga, compa\u00f1era feminista y bolivariana, antirracista, integrante de la Escuela de Feminismo Popular Identidades y Sexualidades Revolucionarias<\/b>, vino a Argentina para participar del Seminario lanzamiento de la <b>Escuela de Derechos de los Pueblos del Abya Yala \u201cBerta C\u00e1ceres\u201d<\/b> en Buenos Aires y logr\u00f3 hacerse un tiempito en la agenda para venir por segunda vez a la ciudad de C\u00f3rdoba. Ya hab\u00eda estado en el a\u00f1o 2007, nada m\u00e1s ni nada menos que en ocasi\u00f3n del Encuentro Nacional de Mujeres, para participar del Panel de Feministas Latinoamericanas. Eso s\u00ed, esta vez, primero hizo tiempo para participar de la movilizaci\u00f3n en repudio a la presencia de Obama en Argentina y de la marcha de los 40 a\u00f1os del golpe de Estado.<\/p>\n<p>La invitaci\u00f3n a hacer los 700 kil\u00f3metros que la separan de C\u00f3rdoba descansaba en nuestro deseo \u2013afectivo, pol\u00edtico- de que su palabra y el feminismo popular estuvieran presentes en la <b>apertura de la formaci\u00f3n de formadorxs en educaci\u00f3n popular <\/b>que Pa\u00f1uelos en Rebeld\u00eda y otrxs compa\u00f1erxs emprendemos nuevamente este a\u00f1o, junto a un sentido <b>homenaje a la compa\u00f1era hondure\u00f1a Berta C\u00e1ceres <\/b>a casi un mes de su brutal asesinato. Para terminar de plasmar ese car\u00e1cter nuestroamericano y popular y compartir una experiencia que es una referencia para el continente, estuvo el compa\u00f1ero <b>Danilo Araujo, integrante de la escuela Florestan Fernandes del Movimiento de Trabajadores Sin Tierra (MST) de Brasil y egresado de la ELAM de Cuba<\/b>.<\/p>\n<p>Al repasar las dos jornadas que pas\u00f3 en esta ciudad mediterr\u00e1nea parece que hubieran sido muchas m\u00e1s: dos d\u00edas intensos como la propia Yolanda; como el color rojo, rojito de la sangre bolivariana; como esos ojos que chispean cuando se entusiasma y habla del feminismo popular, de su Revoluci\u00f3n y de Ch\u00e1vez que \u2013 nos explica- es un movimiento y no una persona.<\/p>\n<p>Porque Yolanda, una colombiana que se enamor\u00f3 del proceso venezolano y eligi\u00f3 hacerlo propio hace once a\u00f1os, dedic\u00f3 los dos d\u00edas a conocer y recorrer todo lo que pudo y a conversar e intercambiar experiencias y saberes con cuanta organizaci\u00f3n, compa\u00f1ero o compa\u00f1era se encontrara. Un ansia de encuentro que parte de la convicci\u00f3n de la educaci\u00f3n popular de que ese abrirse al di\u00e1logo con otros y otras surgido del reconocimiento vale la pena cada vez, porque siempre hay algo que aprender. Aprendizaje que tambi\u00e9n se da en t\u00e9rminos de procesos colectivos, como explica Yolanda al afirmar que nuestros feminismos hermanos, el venezolano y el argentino, han aprendido mucho uno de otro y todav\u00eda tienen mucho m\u00e1s para crecer enlazados.<\/p>\n<p><b>Yolanda, sumando su voz a los zumbidos de la RNMA<\/b><\/p>\n<p><a style=\"clear: right; float: right; margin-bottom: 1em; margin-left: 1em;\" href=\"https:\/\/3.bp.blogspot.com\/-o71tWO5W-28\/VyZYoAvbvWI\/AAAAAAAACzw\/_7dvVVuy2FQmKQfq1zcCxYpqsaHJc82mACLcB\/s1600\/yoland%2Ben%2Bzumba.jpg\"><img decoding=\"async\" src=\"https:\/\/3.bp.blogspot.com\/-o71tWO5W-28\/VyZYoAvbvWI\/AAAAAAAACzw\/_7dvVVuy2FQmKQfq1zcCxYpqsaHJc82mACLcB\/s200\/yoland%2Ben%2Bzumba.jpg\" width=\"200\" height=\"200\" border=\"0\" \/><\/a>Apenas llegada a la ciudad y luego de recuperar fuerzas con un buen desayuno, ya ten\u00eda la primera cita agendada en los estudios de la <b>radio comunitaria Zumba la Turba<\/b> para participar de la emisi\u00f3n con tonada cordobea del programa <b>Enredando las Ma\u00f1anas, el informativo de la Red Nacional de Medios Alternativos (RNMA),<\/b> donde escuchamos atentamente sus an\u00e1lisis de la coyuntura venezolana y latinoamericana y del papel de las mujeres y del feminismo popular en el proceso bolivariano. La media hora de programa no alcanz\u00f3, as\u00ed que cuando ya el aire de la transmisi\u00f3n nacional se hab\u00eda cerrado, todav\u00eda compartimos media hora m\u00e1s en el estudio. Mediado por un almuerzo a la canasta con el equipo de la radio, sigui\u00f3 con otra extensa entrevista, esta vez abordando las luchas ind\u00edgenas de la regi\u00f3n caribe\u00f1a con el programa radial C\u00f3rdoba Originaria, casi casi hasta que llegara la hora de trasladarnos a la Escuela Manuel Belgrano (UNC) que c\u00e1lidamente albergar\u00e1 este a\u00f1o el proceso de formaci\u00f3n en educaci\u00f3n popular.<\/p>\n<p><b>Dando la mano para iniciar un caminito nuevo<\/b><\/p>\n<p><a style=\"clear: left; float: left; margin-bottom: 1em; margin-right: 1em;\" href=\"https:\/\/4.bp.blogspot.com\/-NxR4-FmXfxM\/VyZYpf2fhkI\/AAAAAAAACz0\/NGn9QN6-3vQCdfaUZ2wtcZjKsqBsfe5gwCLcB\/s1600\/yolanda%2Bmb.jpg\"><img decoding=\"async\" src=\"https:\/\/4.bp.blogspot.com\/-NxR4-FmXfxM\/VyZYpf2fhkI\/AAAAAAAACz0\/NGn9QN6-3vQCdfaUZ2wtcZjKsqBsfe5gwCLcB\/s320\/yolanda%2Bmb.jpg\" width=\"320\" height=\"210\" border=\"0\" \/><\/a>Yolanda ven\u00eda a C\u00f3rdoba para participar, como dec\u00edamos, del inicio de un nuevo proceso de formaci\u00f3n de formadorxs en educaci\u00f3n popular. Nosotrxs pensamos que, aunque las personas, los movimientos y los procesos cambiamos toda nuestra vida, siempre los primeros pasos son importantes. Y justamente por eso, era importante para nosotrxs que lxs compa\u00f1erxs Yolanda, Danilo y Berta C\u00e1ceres fueran parte, de diferentes maneras, de este nuevo empezar a caminar.<br \/>\nVer <a href=\"https:\/\/www.facebook.com\/media\/set\/?set=a.833713620063619.1073741864.461055923996059&amp;type=3\" target=\"_blank\" rel=\"noopener\">cr\u00f3nica e im\u00e1genes<\/a>.<\/p>\n<p><b>Experiencias en di\u00e1logo<\/b><\/p>\n<p><a style=\"clear: left; float: left; margin-bottom: 1em; margin-right: 1em;\" href=\"https:\/\/1.bp.blogspot.com\/-9ctLaUDEnws\/VyZYoCcrXsI\/AAAAAAAACzo\/jlzhwnT3ACAw2Pkn9WJnrzjuWzrDaYYiACLcB\/s1600\/yolanda%2Bfpds.jpg\"><img loading=\"lazy\" decoding=\"async\" src=\"https:\/\/1.bp.blogspot.com\/-9ctLaUDEnws\/VyZYoCcrXsI\/AAAAAAAACzo\/jlzhwnT3ACAw2Pkn9WJnrzjuWzrDaYYiACLcB\/s200\/yolanda%2Bfpds.jpg\" width=\"200\" height=\"118\" border=\"0\" \/><\/a>El segundo d\u00eda en C\u00f3rdoba fue itinerante. Por la ma\u00f1ana tuvo un encuentro con las compa\u00f1eras de Mala Junta-Patria Gande, y a las tres de la tarde las compa\u00f1eras de Villa Pig\u00fc\u00e9 del Frente Popular Dar\u00edo Santill\u00e1n la esperaron para compartir mate y mucho m\u00e1s, en su local al lado de nuestra querida Mar\u00eda. Para terminar el d\u00eda y casi con un pie en el colectivo de retorno a Buenos Aires, cumpas organizadas en la Asamblea Feminista en C\u00f3rdoba la recibieron en el local de la FOB para pensar juntas los derroteros de los feminismos nuestroamericanos, su relaci\u00f3n\/ <a style=\"clear: right; float: right; margin-bottom: 1em; margin-left: 1em;\" href=\"https:\/\/3.bp.blogspot.com\/-zTKaV4erxuE\/VyZYoBTh5WI\/AAAAAAAACzs\/oF8JOXFkHjo5Hly4mV3pg9_ZEy_5gkkYACLcB\/s1600\/yolanda%2Bfac.jpg\"><img loading=\"lazy\" decoding=\"async\" src=\"https:\/\/3.bp.blogspot.com\/-zTKaV4erxuE\/VyZYoBTh5WI\/AAAAAAAACzs\/oF8JOXFkHjo5Hly4mV3pg9_ZEy_5gkkYACLcB\/s200\/yolanda%2Bfac.jpg\" width=\"200\" height=\"128\" border=\"0\" \/><\/a>inserci\u00f3n\/ di\u00e1logos\/desencuentros con los movimientos sociales y su\u00a0car\u00e1cter de clase. Car\u00e1cter que, para lxs compa\u00f1erxs de los colectivos de mujeres, feminista y de la sexog\u00e9nerodiversidad que gestaron la Escuela de Feminismo venezolana, implic\u00f3 adjetivarla como \u201cpopular\u201d.<\/p>\n<div class='share-to-whatsapp-wrapper'><div class='share-on-whsp'>Share on: <\/div><div class='clear '><\/div><\/div>","protected":false},"excerpt":{"rendered":"<p>\u00a0 &nbsp; (Por Pa\u00f1uelos en Rebeld\u00eda) Una brisa fresca con tonada caribe\u00f1a visit\u00f3 C\u00f3rdoba durante los d\u00edas martes 30 y mi\u00e9rcoles 31 de marzo pasado. Yolanda Saldarriaga, compa\u00f1era feminista y bolivariana, antirracista, integrante de la Escuela de Feminismo Popular Identidades y Sexualidades Revolucionarias, vino a Argentina para participar del Seminario lanzamiento de la Escuela de [&hellip;]<\/p>\n","protected":false},"author":2,"featured_media":963,"comment_status":"open","ping_status":"open","sticky":false,"template":"","format":"standard","meta":{"footnotes":""},"categories":[15,5,1240],"tags":[7,63,65],"class_list":["post-40","post","type-post","status-publish","format-standard","has-post-thumbnail","hentry","category-la-zumba","category-transfeminismos","category-transfronterizo","tag-feminismos","tag-panuelos","tag-venezuela"],"_links":{"self":[{"href":"https:\/\/zumbalaturba.com.ar\/index.php?rest_route=\/wp\/v2\/posts\/40","targetHints":{"allow":["GET"]}}],"collection":[{"href":"https:\/\/zumbalaturba.com.ar\/index.php?rest_route=\/wp\/v2\/posts"}],"about":[{"href":"https:\/\/zumbalaturba.com.ar\/index.php?rest_route=\/wp\/v2\/types\/post"}],"author":[{"embeddable":true,"href":"https:\/\/zumbalaturba.com.ar\/index.php?rest_route=\/wp\/v2\/users\/2"}],"replies":[{"embeddable":true,"href":"https:\/\/zumbalaturba.com.ar\/index.php?rest_route=%2Fwp%2Fv2%2Fcomments&post=40"}],"version-history":[{"count":0,"href":"https:\/\/zumbalaturba.com.ar\/index.php?rest_route=\/wp\/v2\/posts\/40\/revisions"}],"wp:featuredmedia":[{"embeddable":true,"href":"https:\/\/zumbalaturba.com.ar\/index.php?rest_route=\/wp\/v2\/media\/963"}],"wp:attachment":[{"href":"https:\/\/zumbalaturba.com.ar\/index.php?rest_route=%2Fwp%2Fv2%2Fmedia&parent=40"}],"wp:term":[{"taxonomy":"category","embeddable":true,"href":"https:\/\/zumbalaturba.com.ar\/index.php?rest_route=%2Fwp%2Fv2%2Fcategories&post=40"},{"taxonomy":"post_tag","embeddable":true,"href":"https:\/\/zumbalaturba.com.ar\/index.php?rest_route=%2Fwp%2Fv2%2Ftags&post=40"}],"curies":[{"name":"wp","href":"https:\/\/api.w.org\/{rel}","templated":true}]}}