{"id":4003,"date":"2017-08-03T02:48:51","date_gmt":"2017-08-03T02:48:51","guid":{"rendered":"http:\/\/zumbalaturba.com.ar\/?p=4003"},"modified":"2017-08-03T03:01:15","modified_gmt":"2017-08-03T03:01:15","slug":"programa-medicos-comunitarios-trabajadorxs-sin-salario-comunidades-sin-atencion","status":"publish","type":"post","link":"https:\/\/zumbalaturba.com.ar\/?p=4003","title":{"rendered":"Programa M\u00e9dicos Comunitarios: trabajadorxs sin salario, comunidades sin atenci\u00f3n"},"content":{"rendered":"<p><img fetchpriority=\"high\" decoding=\"async\" class=\"size-medium wp-image-4005 alignleft\" src=\"https:\/\/zumbalaturba.com.ar\/wp-content\/uploads\/2017\/08\/medic-comun-2-300x225.jpeg\" alt=\"medic comun (2)\" width=\"300\" height=\"225\" srcset=\"https:\/\/zumbalaturba.com.ar\/wp-content\/uploads\/2017\/08\/medic-comun-2-300x225.jpeg 300w, https:\/\/zumbalaturba.com.ar\/wp-content\/uploads\/2017\/08\/medic-comun-2-90x68.jpeg 90w, https:\/\/zumbalaturba.com.ar\/wp-content\/uploads\/2017\/08\/medic-comun-2-768x576.jpeg 768w, https:\/\/zumbalaturba.com.ar\/wp-content\/uploads\/2017\/08\/medic-comun-2-1024x768.jpeg 1024w, https:\/\/zumbalaturba.com.ar\/wp-content\/uploads\/2017\/08\/medic-comun-2.jpeg 1280w\" sizes=\"(max-width: 300px) 100vw, 300px\" \/>Siete meses hace que lxs profesionales del Programa M\u00e9dicos Comunitarios no cobran por su trabajo, sin que el Estado les d\u00e9 ninguna respuesta. Hoy, en las puertas de la Legislatura Provincial, <strong>Julia Di Santi, trabajadora social e integrante del equipo <\/strong>convers\u00f3 con <strong>Zumba la Turba<\/strong>.<\/p>\n<p>&nbsp;<\/p>\n<p>&nbsp;<iframe width=\"100%\" height=\"200\" frameborder=\"0\" allowfullscreen=\"\" scrolling=\"no\" src=\"http:\/\/ar.ivoox.com\/es\/player_ej_20139493_2_1.html?data=k5WelZ6YfZShhpywj5WXaZS1lZeah5yncZOhhpywj5WRaZi3jpWah5yncabi1dfS2M7XuMKfwpC319HNpYy4ypDAw9PYrYampJDah6iXaaKtxc7Q0diPp9Dh1tPW1sbWrdDnjoqkpZK2pcXd0JDH19LGpYzgwpDB19fGpY6ZmKialg..&#038;\"><\/iframe><\/p>\n<p>Este mi\u00e9rcoles 2 de agosto la Legislatura Provincial cordobesa amaneci\u00f3 vallada, para impedir una vez m\u00e1s que los reclamos populares entren al recinto. De un lado, se encontraban lxs integrantes de la Coordinadora en Defensa del Bosque Nativo protestando por los intentos del oficialismo de aprobar apresuradamente una tramposa &#8220;Ley Agroforestal&#8221; (que finalmente se aprob\u00f3). Enfrente, trabajadorxs de la salud que vienen trabajando sin cobrar su salario desde hace siete meses.<\/p>\n<p>Lxs trabajadorxs son alrededor de 600 profesionales que integran el programa Equipos Comunitarios, dependiente del Ministerio de Salud de la Naci\u00f3n y que trabajan en la atenci\u00f3n primaria de sectores vulnerables en m\u00e1s de 160 localidades de C\u00f3rdoba. Aunque el programa tiene m\u00e1s de diez a\u00f1os de antig\u00fcedad, en enero de este a\u00f1o la Naci\u00f3n transfiri\u00f3 la administraci\u00f3n de los recursos a los municipios. Desde entonces lxs profesionales no han cobrado y lxs funcionarios de las distintas jurisdicciones se lavan las manos.<\/p>\n<p>Al respecto, Julia De Santis, trabajadora social y empleada del programa, nos dec\u00eda \u201c<em>somos trabajadores sociales, psic\u00f3logos, nutricionistas, odont\u00f3logos, m\u00e9dicos, enfermeros, agentes sanitarios, que trabajamos en el interior, en distintos centros de salud, y ac\u00e1 tambi\u00e9n, con poblaci\u00f3n vulnerable, poblaci\u00f3n que no accede a otro tipo de salud privada, sino que accede a lo p\u00fablico. Adem\u00e1s la salud de una forma integral, es decir, problemas sociales, la violencia, la vulneraci\u00f3n de derechos de ni\u00f1os, ni\u00f1as y adolescentes, un mont\u00f3n de cuestiones que trabajamos cotidianamente<\/em>\u201d.<\/p>\n<p>A pesar de la importancia de este programa a la hora de garantizar el acceso a la salud a comunidades aisladas y de escasos recursos, Di Santi denuncia que en estos siete meses de lucha no han tenido respuesta de ning\u00fan tipo.<\/p>\n<p>\u201c<i>Nosotros <\/i>-contin\u00faa la trabajadora social- <i>hemos hecho un mont\u00f3n de acciones, nos hemos juntado con <\/i>[el ministro de Salud provincial Francisco] <i>Fortuna, no nos ha dicho una sola palabra de c\u00f3mo se va a resolver esta situaci\u00f3n, no se comprometen a nada (&#8230;) tambi\u00e9n est\u00e1 Fernanda Mereles, que es la coordinadora del programa, tampoco nos da respuesta<\/i>\u201d. El responsable del programa desde su origen es el Ministerio de Salud de la Naci\u00f3n, que luego del arribo de la gesti\u00f3n Cambiemos se desvincul\u00f3 del Programa provincializando la administraci\u00f3n. La realidad es que hoy nadie se hace cargo: \u201c<i>llamamos al ministerio nacional, que es el que va a girar los fondos, y cada vez que llamamos nos dan una informaci\u00f3n distinta, ahora lo que dicen es que est\u00e1n esperando que Fortuna firme, Fortuna nos dice que \u00e9l no tiene que firmar nada, y as\u00ed nos tienen. Nadie da respuestas y ac\u00e1 a nadie le importa lo que es la salud p\u00fablica de la gente<\/i>\u201d. Por eso, explica, hacen responsables al gobernador Schiaretti, al ministro Fortuna y al presidente Macri de la situaci\u00f3n que atraviesan.<\/p>\n<p>Este mi\u00e9rcoles 2 de agosto estaba previsto que el ministerio respondiera los pedidos de informe realizados por lxs legisladorxs y lxs trabajadorxs decidieron hacerse presentes en el recinto. Sin embargo les impidieron el ingreso, algo que, explica la profesional, \u201c<i>es algo que no nos sorprende (&#8230;) Hoy se trata en qu\u00e9 estado se encuentra el programa ac\u00e1 adentro, se han pedido en otras oportunidades informes y el gobierno tiene que responder. Entonces lo que vamos a hacer ahora es esperar y definir pr\u00f3ximas acciones<\/i>\u201d.<\/p>\n<p>A pesar de no cobrar y de que desde la gesti\u00f3n les plantean que hagan reducci\u00f3n horaria, lxs profesionales de la salud han decidido continuar trabajando. Julia explica que \u201c<i>nosotros nos negamos porque queremos seguir trabajando y no queremos que nos chantajeen despu\u00e9s con que no fuimos y dem\u00e1s, as\u00ed que conservamos nuestros puestos de trabajo\u201d<\/i>.<\/p>\n<p>Este equipo aborda tareas propias de un abordaje integral de la salud, incorporando problem\u00e1ticas como la violencia de g\u00e9nero, el acceso a medicamentos, estudios o turnos de personas con dificultades, la situaci\u00f3n de ni\u00f1os, ni\u00f1as y adolescentes. Un trabajo que lejos de limitarse a la atenci\u00f3n y asistencia, se orienta a la promoci\u00f3n de la salud y la prevenci\u00f3n, \u201c<i>cuestiones <\/i>-explica Di Santi- <i>que incumben al primer nivel de atenci\u00f3n y que es lo que hoy la provincia est\u00e1 abandonando evidentemente por completo<\/i>\u201d.<\/p>\n<div class='share-to-whatsapp-wrapper'><div class='share-on-whsp'>Share on: <\/div><div class='clear '><\/div><\/div>","protected":false},"excerpt":{"rendered":"<p>Siete meses hace que lxs profesionales del Programa M\u00e9dicos Comunitarios no cobran por su trabajo, sin que el Estado les d\u00e9 ninguna respuesta. Hoy, en las puertas de la Legislatura Provincial, Julia Di Santi, trabajadora social e integrante del equipo convers\u00f3 con Zumba la Turba. &nbsp; &nbsp; Este mi\u00e9rcoles 2 de agosto la Legislatura Provincial [&hellip;]<\/p>\n","protected":false},"author":6,"featured_media":4004,"comment_status":"open","ping_status":"open","sticky":false,"template":"","format":"standard","meta":{"footnotes":""},"categories":[29],"tags":[747,746,114],"class_list":["post-4003","post","type-post","status-publish","format-standard","has-post-thumbnail","hentry","category-trabajadores-en-lucha","tag-julia-di-santi","tag-medicina-comunitaria","tag-salud"],"_links":{"self":[{"href":"https:\/\/zumbalaturba.com.ar\/index.php?rest_route=\/wp\/v2\/posts\/4003","targetHints":{"allow":["GET"]}}],"collection":[{"href":"https:\/\/zumbalaturba.com.ar\/index.php?rest_route=\/wp\/v2\/posts"}],"about":[{"href":"https:\/\/zumbalaturba.com.ar\/index.php?rest_route=\/wp\/v2\/types\/post"}],"author":[{"embeddable":true,"href":"https:\/\/zumbalaturba.com.ar\/index.php?rest_route=\/wp\/v2\/users\/6"}],"replies":[{"embeddable":true,"href":"https:\/\/zumbalaturba.com.ar\/index.php?rest_route=%2Fwp%2Fv2%2Fcomments&post=4003"}],"version-history":[{"count":0,"href":"https:\/\/zumbalaturba.com.ar\/index.php?rest_route=\/wp\/v2\/posts\/4003\/revisions"}],"wp:featuredmedia":[{"embeddable":true,"href":"https:\/\/zumbalaturba.com.ar\/index.php?rest_route=\/wp\/v2\/media\/4004"}],"wp:attachment":[{"href":"https:\/\/zumbalaturba.com.ar\/index.php?rest_route=%2Fwp%2Fv2%2Fmedia&parent=4003"}],"wp:term":[{"taxonomy":"category","embeddable":true,"href":"https:\/\/zumbalaturba.com.ar\/index.php?rest_route=%2Fwp%2Fv2%2Fcategories&post=4003"},{"taxonomy":"post_tag","embeddable":true,"href":"https:\/\/zumbalaturba.com.ar\/index.php?rest_route=%2Fwp%2Fv2%2Ftags&post=4003"}],"curies":[{"name":"wp","href":"https:\/\/api.w.org\/{rel}","templated":true}]}}