{"id":4024,"date":"2017-08-03T21:20:04","date_gmt":"2017-08-04T00:20:04","guid":{"rendered":"http:\/\/zumbalaturba.com.ar\/?p=4024"},"modified":"2023-10-14T20:43:09","modified_gmt":"2023-10-14T23:43:09","slug":"justiciamachista-empezo-el-juicio-contra-medica-que-realizo-un-aborto-legal-en-chubut","status":"publish","type":"post","link":"https:\/\/zumbalaturba.com.ar\/?p=4024","title":{"rendered":"#JusticiaMachista: empez\u00f3 el juicio contra m\u00e9dica que realiz\u00f3 un aborto legal en Chubut"},"content":{"rendered":"<p><img fetchpriority=\"high\" decoding=\"async\" class=\"size-medium wp-image-4026 alignleft\" src=\"https:\/\/zumbalaturba.com.ar\/wp-content\/uploads\/2017\/08\/medica-procesada-2-300x170.jpg\" alt=\"medica procesada 2\" width=\"300\" height=\"170\" srcset=\"https:\/\/zumbalaturba.com.ar\/wp-content\/uploads\/2017\/08\/medica-procesada-2-300x170.jpg 300w, https:\/\/zumbalaturba.com.ar\/wp-content\/uploads\/2017\/08\/medica-procesada-2-768x435.jpg 768w, https:\/\/zumbalaturba.com.ar\/wp-content\/uploads\/2017\/08\/medica-procesada-2.jpg 960w\" sizes=\"(max-width: 300px) 100vw, 300px\" \/>Desde Zumba la Turba conversamos con <b>Julieta Galvan, de la Multisectorial de Mujeres de Esquel<\/b> y con <b>Ver\u00f3nica, integrante de la Colectiva por el Derecho a Decidir de Esquel y m\u00e9dica ginec\u00f3loga<\/b>, para saber c\u00f3mo se desarrollaron las primeras audiencias.<\/p>\n<p>#NiMuertasNiPresas, \u00a1vivas y libres nos queremos!<br \/>\n#AbortoLegal, una deuda de la democracia<\/p>\n<p>El pasado lunes 31 de julio, en los tribunales de la ciudad de Esquel (Chubut) se daba inicio al juicio oral y p\u00fablico contra una \u00a0m\u00e9dica residente por realizar una interrupci\u00f3n legal del embarazo a una joven de 17 a\u00f1os en el Hospital SubZonal de El Mait\u00e9n.<\/p>\n<p>En la ma\u00f1ana del lunes nos comunicamos con <b>Julieta Galvan, de la Multisectorial de Mujeres de Esquel<\/b>, desde las inmediaciones del juzgado donde se hicieron presentes mujeres y organizaciones feministas de la Patagonia. Adem\u00e1s, comenta Julieta, llegaron mensajes de solidaridad de toda Latinoam\u00e9rica.<\/p>\n<p><iframe src=\"http:\/\/ar.ivoox.com\/es\/player_ej_20153609_2_1.html?data=k5Wel5iadJqhhpywj5WcaZS1k52ah5yncZKhhpywj5WRaZi3jpWah5yncabi1dfS2M7XuMKfwpC319HNqdXVjKzOztvFsoampJDRx5DQpYzB1tHhy9jJp9Xj087OzpDIqYzB1pKSmaiRlsLYytSYvNrRpsKfzcaYttrWpsKhhpywj5U.&amp;\" width=\"100%\" height=\"200\" frameborder=\"0\" scrolling=\"no\" allowfullscreen=\"allowfullscreen\"><\/iframe><\/p>\n<p>Julieta nos explicaba el porqu\u00e9 de la importante movilizaci\u00f3n que ha generado este juicio. &#8220;<i>Nosotras <\/i>-explica- <i>entendemos que esto es de suma gravedad, porque la m\u00e9dica sigui\u00f3 todo el marco legal y realiz\u00f3 la pr\u00e1ctica, la interrupci\u00f3n legal del embarazo acorde a lo que est\u00e1 estipulado en el protocolo nacional. Entendemos que la fiscal\u00eda lo que intent\u00f3 acusar a la m\u00e9dica por la pr\u00e1ctica realizada y no se ocup\u00f3 realmente de investigar las causas de muerte de la joven<\/i>&#8220;.<\/p>\n<p>Desde diversos movimientos se entiende que la criminalizaci\u00f3n de esta pr\u00e1ctica, contemplada en el art. 86 del C\u00f3digo Penal de la Naci\u00f3n y ratificada en un fallo de la Corte Suprema, busca entorpecer el acceso a este derecho, poniendo bajo amenaza al personal de la salud que efectivamente lo garantice. La integrante de la Multisectorial explica los efectos de esta medida, &#8220;<i>lo encontramos aleccionador porque adem\u00e1s va generando repercusiones y cada vez son m\u00e1s los objetores de conciencia y las y los m\u00e9dicos que tienen miedo de llevar adelante las interrupciones como enmarca la ley. Recordemos que pueden ser objetores los m\u00e9dicos pero no las instituciones, entonces se ven sobrecargadas las m\u00e9dicas que s\u00ed lo est\u00e1n garantizando<\/i>&#8220;.<\/p>\n<p>Por otro lado, cabe resaltar que Abril, la m\u00e9dica judicializada, era residente en el momento del hecho judicializado, as\u00ed que, plantea Julieta, &#8220;<i>hay todo un sistema detr\u00e1s que deber\u00eda estar apoy\u00e1ndola y a la \u00fanica que se est\u00e1 procesando es a ella<\/i>&#8220;.<\/p>\n<p>Hay alrededor de 40 testigos citadxs en la causa y la expectativa original era que el juicio se extendiera unos 8 o 9 d\u00edas consecutivos para terminar el martes 8 con la lectura de alegatos y de los amicus curiae que fueron aceptados por el juez. Sin embargo, ya se ha anunciado que <b>la audiencia final tendr\u00e1 lugar el<\/b> <b>jueves 10 de agosto<\/b>.<\/p>\n<p><b>El d\u00eda a d\u00eda<\/b><\/p>\n<p>Posteriormente, <b>Ver\u00f3nica, integrante de la Colectiva por el Derecho a Decidir de Esquel y m\u00e9dica ginec\u00f3loga <\/b>del Hospital, nos brindaba detalles de lo sucedido en las audiencias.<\/p>\n<p><iframe src=\"http:\/\/ar.ivoox.com\/es\/player_ej_20153586_2_1.html?data=k5Wel5iZfJehhpywj5WZaZS1k5aah5yncZOhhpywj5WRaZi3jpWah5yncabi1dfS2M7XuMKfwpDDx9eJh5SZo5jby8jFaZO3jNKSpZiJhZrYysjOja3Tt9Hd1cbZjb_TssLgjKrg09rJsIyZk52ah5yncbPVxc7cjb_ZscPVjNHOjbnZtsPVjoqkpZKY&amp;\" width=\"100%\" height=\"200\" frameborder=\"0\" scrolling=\"no\" allowfullscreen=\"allowfullscreen\"><\/iframe><\/p>\n<p>La primera jornada de este juicio empez\u00f3 con el pedido de recusaci\u00f3n del tribunal por parte de la defensa de la m\u00e9dica acusada. Ver\u00f3nica explica que el juez interviniente, \u00a0Jos\u00e9 Colabelli , &#8220;<i>tiene un prontuario interesante en relaci\u00f3n a haberse declarado p\u00fablicamente en los medios como antiabortista y haber antepuesto en varias ocasiones sus creencias religiosas al derecho (&#8230;) en una oportunidad por negar una interrupci\u00f3n legal del embarazo a una ni\u00f1a que hab\u00eda sido violada y despu\u00e9s estuvo suspendido varios a\u00f1os de la corte por negar derechos en una causa muy compleja en relaci\u00f3n a derechos ind\u00edgenas<\/i>&#8220;.<\/p>\n<p>Sin embargo, la recusaci\u00f3n fue rechazada y la audiencia del lunes continu\u00f3 con la declaraci\u00f3n del padre y la madre de la joven fallecida y quien hab\u00eda sido su pareja.<\/p>\n<p>A partir del martes empezaron a comparecer ante el Tribunal las personas que tuvieron alg\u00fan tipo de participaci\u00f3n en el \u00e1mbito de la salud en relaci\u00f3n a la atenci\u00f3n de la joven fallecida. En orden cronol\u00f3gico, durante los primeros dos d\u00edas, declararon m\u00e9dicos y enfermeros, personal de salud del Hospital de El Mait\u00e9n, localidad donde fue atendida inicialmente esta joven.<\/p>\n<p>El d\u00eda mi\u00e9rcoles empezaron las declaraciones de lxs profesionales de la salud del Hospital de Esquel -donde trabaja la entrevistada-, que es adonde fue posteriormente derivada. Hasta ahora, explica Ver\u00f3nica, &#8220;<i>declararon las ginec\u00f3logas, declar\u00f3 el cirujano, la anestesi\u00f3loga, enfermeras, de la internaci\u00f3n. Hoy <\/i>-jueves- <i>terminaron de tomar las declaraciones al personal del Hospital de Esquel<\/i>&#8220;. Es probable que la jornada del viernes 4 de agosto est\u00e9 relacionada con las declaraciones de lxs peritos forenses.<\/p>\n<p>Ver\u00f3nica termina afirmando que el caso ha tenido una enorme repercusi\u00f3n en medios de todo el pa\u00eds, y que &#8220;<i>van a venir en los d\u00edas sucesivos personas de otros lugares. Creemos que es muy importante que est\u00e9n ac\u00e1, porque eso modifica un mont\u00f3n tambi\u00e9n el ver que esta m\u00e9dica no est\u00e1 sola, que est\u00e1 acompa\u00f1ada, que somos muchos y muchas no s\u00f3lo acompa\u00f1\u00e1ndola y apoy\u00e1ndola, sino que <\/i><b><i>seguimos afirmando que es necesario respetar los derechos de las mujeres y de los profesionales que asistimos a esas mujeres<\/i><\/b>&#8220;.<\/p>\n<p>&nbsp;<\/p>\n<div class='share-to-whatsapp-wrapper'><div class='share-on-whsp'>Share on: <\/div><div class='clear '><\/div><\/div>","protected":false},"excerpt":{"rendered":"<p>Desde Zumba la Turba conversamos con Julieta Galvan, de la Multisectorial de Mujeres de Esquel y con Ver\u00f3nica, integrante de la Colectiva por el Derecho a Decidir de Esquel y m\u00e9dica ginec\u00f3loga, para saber c\u00f3mo se desarrollaron las primeras audiencias. #NiMuertasNiPresas, \u00a1vivas y libres nos queremos! #AbortoLegal, una deuda de la democracia El pasado lunes [&hellip;]<\/p>\n","protected":false},"author":6,"featured_media":4027,"comment_status":"open","ping_status":"open","sticky":false,"template":"","format":"standard","meta":{"footnotes":""},"categories":[1241,18,15,3,5],"tags":[6,749,114,750],"class_list":["post-4024","post","type-post","status-publish","format-standard","has-post-thumbnail","hentry","category-ddhh","category-elm","category-la-zumba","category-rnma","category-transfeminismos","tag-aborto","tag-ddssyrr","tag-salud","tag-sexualidad"],"_links":{"self":[{"href":"https:\/\/zumbalaturba.com.ar\/index.php?rest_route=\/wp\/v2\/posts\/4024","targetHints":{"allow":["GET"]}}],"collection":[{"href":"https:\/\/zumbalaturba.com.ar\/index.php?rest_route=\/wp\/v2\/posts"}],"about":[{"href":"https:\/\/zumbalaturba.com.ar\/index.php?rest_route=\/wp\/v2\/types\/post"}],"author":[{"embeddable":true,"href":"https:\/\/zumbalaturba.com.ar\/index.php?rest_route=\/wp\/v2\/users\/6"}],"replies":[{"embeddable":true,"href":"https:\/\/zumbalaturba.com.ar\/index.php?rest_route=%2Fwp%2Fv2%2Fcomments&post=4024"}],"version-history":[{"count":0,"href":"https:\/\/zumbalaturba.com.ar\/index.php?rest_route=\/wp\/v2\/posts\/4024\/revisions"}],"wp:featuredmedia":[{"embeddable":true,"href":"https:\/\/zumbalaturba.com.ar\/index.php?rest_route=\/wp\/v2\/media\/4027"}],"wp:attachment":[{"href":"https:\/\/zumbalaturba.com.ar\/index.php?rest_route=%2Fwp%2Fv2%2Fmedia&parent=4024"}],"wp:term":[{"taxonomy":"category","embeddable":true,"href":"https:\/\/zumbalaturba.com.ar\/index.php?rest_route=%2Fwp%2Fv2%2Fcategories&post=4024"},{"taxonomy":"post_tag","embeddable":true,"href":"https:\/\/zumbalaturba.com.ar\/index.php?rest_route=%2Fwp%2Fv2%2Ftags&post=4024"}],"curies":[{"name":"wp","href":"https:\/\/api.w.org\/{rel}","templated":true}]}}