{"id":4037,"date":"2017-08-04T23:08:26","date_gmt":"2017-08-04T23:08:26","guid":{"rendered":"http:\/\/zumbalaturba.com.ar\/?p=4037"},"modified":"2017-08-10T16:38:52","modified_gmt":"2017-08-10T16:38:52","slug":"gilda-morales-mi-voluntad-no-esta-quebrada-y-no-me-voy-a-ir-sin-mi-hijo","status":"publish","type":"post","link":"https:\/\/zumbalaturba.com.ar\/?p=4037","title":{"rendered":"Gilda Morales: &#8220;mi voluntad no est\u00e1 quebrada y no me voy a ir sin mi hijo\u201d"},"content":{"rendered":"<p><img fetchpriority=\"high\" decoding=\"async\" class=\"size-medium wp-image-4039 alignleft\" src=\"https:\/\/zumbalaturba.com.ar\/wp-content\/uploads\/2017\/08\/gilda-con-pecas-300x225.jpeg\" alt=\"gilda con pecas\" width=\"300\" height=\"225\" srcset=\"https:\/\/zumbalaturba.com.ar\/wp-content\/uploads\/2017\/08\/gilda-con-pecas-300x225.jpeg 300w, https:\/\/zumbalaturba.com.ar\/wp-content\/uploads\/2017\/08\/gilda-con-pecas-90x68.jpeg 90w, https:\/\/zumbalaturba.com.ar\/wp-content\/uploads\/2017\/08\/gilda-con-pecas-768x576.jpeg 768w, https:\/\/zumbalaturba.com.ar\/wp-content\/uploads\/2017\/08\/gilda-con-pecas-1024x768.jpeg 1024w, https:\/\/zumbalaturba.com.ar\/wp-content\/uploads\/2017\/08\/gilda-con-pecas.jpeg 1280w\" sizes=\"(max-width: 300px) 100vw, 300px\" \/> Once d\u00edas lleva de huelga de hambre<strong> Gilda Morales, la mujer que pelea desde 2015 la restituci\u00f3n de su hijo<\/strong>. El jueves 3 de agosto, el comunicador Lucas Guzm\u00e1n se acerc\u00f3 a las inmediaciones de los tribunales provinciales para conversar con ella y conocer su reclamo. Por otra parte, hablamos con <strong>Florencia Bianco, del<\/strong><b> Colectivo de Visibilizaci\u00f3n del Abuso Sexual<\/b> <strong>Infantil,<\/strong> quienes\u00a0convocan a una asamblea este s\u00e1bado 5 de agosto a las 14 hs. en Tribunales I <span style=\"font-size: small;\"><em>(Foto: Gilda con el m\u00e9dico Pecas Soriano)<\/em><\/span>.<\/p>\n<p>Gilda comparte: \u201c<i>estoy pidiendo la restituci\u00f3n inmediata de mi hijo desde hace un a\u00f1o y siete meses. Est\u00e1n todos los pedidos de restituci\u00f3n en el Civil, en el fuero Penal tambi\u00e9n, y en otros lugares como Derechos Humanos<\/i>\u201d.<\/p>\n<p><iframe src=\"http:\/\/ar.ivoox.com\/es\/player_ej_20174736_2_1.html?data=k5WemZmbd5ehhpywj5WbaZS1lZuah5yncZOhhpywj5WRaZi3jpWah5yncabi1dfS2M7XuMKfwpC0y9HIpYzB0NfOzsrXaZO3jNLOz8aPqc-fzdrQysaPtNDmjNHOjdfJt9Xd1ZKSmaiRlsLYytSYvNrRpsKfzcaYttrWpsKhhpywj5k.&amp;\" width=\"100%\" height=\"200\" frameborder=\"0\" scrolling=\"no\" allowfullscreen=\"allowfullscreen\"><\/iframe><\/p>\n<p>Reconstruir en una nota el camino que ha hecho Gilda desde diciembre de 2015 resulta casi imposible. Su causa incluye expedientes en la justicia penal, de familia, DDHH, etc. y en la \u00faltima etapa alcanz\u00f3 incluso a la Corte Suprema por un recurso que present\u00f3.<\/p>\n<p>La mujer, de origen santafesino, plantea que su reclamo es \u201c<i>leg\u00edtimo, porque mi hijo fue sacado de mi hogar en condiciones infrahumanas y en contra del dictamen de un cuerpo oficial t\u00e9cnico de familia que dijo que el padre no estaba en condiciones, es decir, no estaba apto para tener a mi hijo. Lo fundament\u00f3 muy bien y este cuerpo t\u00e9cnico previno el da\u00f1o que actualmente V. est\u00e1 sufriendo. De hecho, dijo en ese informa que el padre s\u00f3lo pod\u00eda tener visitas asistidas con acompa\u00f1amiento terapeutico<\/i>\u201d.<\/p>\n<p>Sin embargo, la jueza a cargo del Juzgado de Familia de 4a Nominaci\u00f3n Silvia Cristina Morcillo resolvi\u00f3 en el sentido opuesto y estableci\u00f3 las visitas asistidas para la madre, d\u00e1ndole la guarda del ni\u00f1o al padre. Gilda plantea que esta acci\u00f3n implica, incluso, dolo.<\/p>\n<p>Simult\u00e1neamente, explica Morales, \u201c<i>lo m\u00e1s grave es que para llevar a cabo esto, esta jueza me meti\u00f3 presa durante dos meses utilizando de secretario al fiscal del fuero penal Distrito 1 IV, Ernesto de Arag\u00f3n<\/i>\u201d. El fiscal Arag\u00f3n imput\u00f3 a Gilda Morales por secuestro y la mantuvo detenida durante dos meses en condiciones que no duda en describir como tortura.<\/p>\n<p>\u201c<i>Despu\u00e9s de salir de estar presa <\/i>-contin\u00faa reconstruyendo Gilda- <i>estuvimos diez meses sin ver a V., sus dos hermanos y yo<\/i>\u201d.<\/p>\n<p><b>El interior superior del ni\u00f1o, en cuesti\u00f3n<\/b><\/p>\n<p><img decoding=\"async\" class=\"size-medium wp-image-4040 alignright\" src=\"https:\/\/zumbalaturba.com.ar\/wp-content\/uploads\/2017\/08\/gilda-muniecos-300x225.jpeg\" alt=\"gilda muniecos\" width=\"300\" height=\"225\" srcset=\"https:\/\/zumbalaturba.com.ar\/wp-content\/uploads\/2017\/08\/gilda-muniecos-300x225.jpeg 300w, https:\/\/zumbalaturba.com.ar\/wp-content\/uploads\/2017\/08\/gilda-muniecos-90x68.jpeg 90w, https:\/\/zumbalaturba.com.ar\/wp-content\/uploads\/2017\/08\/gilda-muniecos-768x576.jpeg 768w, https:\/\/zumbalaturba.com.ar\/wp-content\/uploads\/2017\/08\/gilda-muniecos-1024x768.jpeg 1024w, https:\/\/zumbalaturba.com.ar\/wp-content\/uploads\/2017\/08\/gilda-muniecos.jpeg 1280w\" sizes=\"(max-width: 300px) 100vw, 300px\" \/>Morales es muy clara en el planteo \u201c<i>si la gente tiene alguna duda sobre el caso, sobre lo que sucedi\u00f3, yo creo que los derechos violados de mi hijo (&#8230;) no resisten ning\u00fan debate. (&#8230;) \u00a0independientemente de la opini\u00f3n popular o de lo que el fiscal o esta jueza han insertado en los medios de comunicaci\u00f3n de C\u00f3rdoba principalmente sobre mi persona. Imaginate que esto no deber\u00eda ser y no debi\u00f3 haber sido nunca un juzgamiento moral como estos funcionarios p\u00fablicos intentaron hacer. As\u00ed que yo pido la inmediata restituci\u00f3n de <i>V.<\/i> de manera cautelar, que es lo que debe ser, lo correcto<\/i>\u201d.<\/p>\n<p>El pasado mi\u00e9rcoles <i>V.<\/i> pudo encontrarse con su madre y sus dos hermanos durante cuatro escasas horas, luego de que formularan una denuncia contra el padre por impedimento de contacto. \u201c<i>Mi hijo (&#8230;) est\u00e1 esperando volver a su casa, a tener una vida familiar corriente, como todo ni\u00f1o. Yo, por supuesto, estoy contenta de haber podido abrazarlo, encontrarme con \u00e9l, despu\u00e9s de tantos d\u00edas. Sus hermanos lo mismo<\/i>\u201d.<\/p>\n<p>Los derechos y necesidades del ni\u00f1o parecen haber quedado en \u00faltimo plano, lejos del principio de inter\u00e9s superior establecido en las convenciones internacionales y la legislaci\u00f3n nacional. Gilda est\u00e1 preocupada: \u201c<i>Mi hijo no est\u00e1 bien (&#8230;), tiene un deterioro importante. La justicia est\u00e1 anoticiada de todo, tiene ya un da\u00f1o en su visi\u00f3n que es un da\u00f1o f\u00edsico y visible. Imaginate el da\u00f1o psicol\u00f3gico que es inconmensurable (&#8230;) As\u00ed que espero que esto se solucione lo m\u00e1s r\u00e1pido posible y pido tambi\u00e9n a la gente que se solidarice con esta situaci\u00f3n y que vean solamente a mi hijo. Ac\u00e1 no es importante ni su padre ni yo, ac\u00e1 es importante V. Lo que importa es el da\u00f1o que siguen inflingi\u00e9ndole y que es un reh\u00e9n del poder judicial de C\u00f3rdoba. Esto ha sido siempre as\u00ed y es claro en todo lo que ha sufrido desde el momento uno, cuando fue sacado con la polic\u00eda federal sin intervenci\u00f3n de ning\u00fan asesor de menores, ni del fuero de familia ni del fuero penal, o sea que esto ha sido m\u00e1s que aberrante porque est\u00e1 previsto en la ley que esto jam\u00e1s debi\u00f3 haber sucedido de esta forma<\/i>\u201d.<\/p>\n<p>Gilda hace responsable de su calvario a la Jueza Morcillo, y explica que \u201c<i>est\u00e1 muy cuestionada, que tiene muchas denuncias penales, tiene incluso sumarios administrativos. Somos muchas las madres que sufrimos el aberrante trato y la violencia por parte de esta mujer, la violencia institucional sobre todo, el abuso de autoridad al cual nos tiene acostumbradas<\/i>\u201d.<\/p>\n<p>La huelga de hambre tiene un destinatario concreto: el gobernador Juan Schiaretti. Gilda Morales le pide al poder ejecutivo que a trav\u00e9s de la SENAF se oficie la restituci\u00f3n inmediata del ni\u00f1o. Morales aclara, \u201c<i>yo le hablo porque es el gobernador que tenemos, (&#8230;) porque \u00e9l es el jefe y el titular de la Senaf, lo dice la Ley 9944<\/i>\u201d.<\/p>\n<p>La mam\u00e1 de <i>V.<\/i> est\u00e1 dispuesta permanecer en huelga de hambre, afirma, \u201c<i>hasta que me lo traigan a V., hasta que esto se resuelva. Por ahora, mi voluntad no est\u00e1 quebrada y no me voy a ir sin mi hijo<\/i>\u201d.<\/p>\n<p><b>Es una pol\u00edtica, no una excepci\u00f3n<\/b><\/p>\n<p>Por otro lado, <strong>Florencia Bianco, del Colectivo de Visibilizaci\u00f3n del Abuso Sexual Infantil<\/strong>, plante\u00f3 que el espacio ha decidido acompa\u00f1ar el pedido de justicia que est\u00e1 realizando Gilda Morales por la restituci\u00f3n de todos los derechos vulnerados de su hijo. \u201c<i>Esta restituci\u00f3n de la guarda a la mam\u00e1 <\/i>-explica-, <i>se est\u00e1 realizando dentro de un marco de una causa m\u00faltiple en los juzgados penales, de familia y de delitos contra la integridad sexual y est\u00e1 plagada de irregularidades<\/i>. <i>Irregularidades a las que, lamentablemente, nos tiene acostumbradas la justicia cordobesa, una justicia que normalmente descree de las madres, descree de los relatos de las v\u00edctimas y en este caso particular, descree o desoye la recomendaci\u00f3n que el mismo equipo de acompa\u00f1amiento t\u00e9cnico de la jueza de familia Morcillo realiza. Ese cuerpo t\u00e9cnico, conformado por psic\u00f3logos, psiquiatras y especialistas en derecho de familia recomienda, por una serie de tremendos s\u00edntomas y evidencias que nota en el v\u00ednculo del ni\u00f1o con el padre y a su vez del padre y del ni\u00f1o tambi\u00e9n, la no revinculaci\u00f3n<\/i>\u201d.<\/p>\n<p><iframe src=\"http:\/\/ar.ivoox.com\/es\/player_ej_20174767_2_1.html?data=k5WemZmbepihhpywj5WXaZS1kpmah5yncZOhhpywj5WRaZi3jpWah5yncabi1dfS2M7XuMKfwpCw0dHJp9Xd19SYsM6Puc-fr86SpZiJhpKZlZWYr4qnd4a1ktiah5yncbPVxc7cjb_ZscPVjNHOjbnZtsPVjoqkpZKY&amp;\" width=\"100%\" height=\"200\" frameborder=\"0\" scrolling=\"no\" allowfullscreen=\"allowfullscreen\"><\/iframe><\/p>\n<p>Bianco plantea que estas situaciones se reiteran en el tratamiento de las causas de familia, y afirma, \u201c<i>fundamentalmente la jueza Morcillo es conocida por los maltratos a los que somete a las mujeres, a las mam\u00e1s denunciantes, a las mam\u00e1s cuidadoras y a los mismos ni\u00f1os que son v\u00edctimas de violencia familiar\u201d<\/i>.<\/p>\n<p>Desde el Colectivo asumen el acompa\u00f1amiento del reclamo de Gilda por la restituci\u00f3n de los derechos vulnerados de su hijo y se suman \u201c<i>a luchar hasta que ese ni\u00f1o reciba de la justicia algo que justifique llevar ese nombre, justicia. Es un ni\u00f1o desprotegido y revictimizado por los agentes judiciales de C\u00f3rdoba\u201d<\/i>.<\/p>\n<p><b>Este s\u00e1bado 5 de agosto a las 14 hs. convocan a una asamblea en Tribunales I (Caseros 551) con la consigna \u201c\u00a1Basta de abuso judicial! Restituci\u00f3n de los derechos vulnerados del hijo de Gilda Morales\u201d.<\/b><\/p>\n<p>&nbsp;<\/p>\n<div class='share-to-whatsapp-wrapper'><div class='share-on-whsp'>Share on: <\/div><div class='clear '><\/div><\/div>","protected":false},"excerpt":{"rendered":"<p>Once d\u00edas lleva de huelga de hambre Gilda Morales, la mujer que pelea desde 2015 la restituci\u00f3n de su hijo. El jueves 3 de agosto, el comunicador Lucas Guzm\u00e1n se acerc\u00f3 a las inmediaciones de los tribunales provinciales para conversar con ella y conocer su reclamo. Por otra parte, hablamos con Florencia Bianco, del Colectivo [&hellip;]<\/p>\n","protected":false},"author":6,"featured_media":4038,"comment_status":"open","ping_status":"open","sticky":false,"template":"","format":"standard","meta":{"footnotes":""},"categories":[5],"tags":[402,321,751,752],"class_list":["post-4037","post","type-post","status-publish","format-standard","has-post-thumbnail","hentry","category-transfeminismos","tag-abuso-sexual-infantil","tag-colectivo-ni-un-nino-mas","tag-gilda-morales","tag-revinculacion"],"_links":{"self":[{"href":"https:\/\/zumbalaturba.com.ar\/index.php?rest_route=\/wp\/v2\/posts\/4037","targetHints":{"allow":["GET"]}}],"collection":[{"href":"https:\/\/zumbalaturba.com.ar\/index.php?rest_route=\/wp\/v2\/posts"}],"about":[{"href":"https:\/\/zumbalaturba.com.ar\/index.php?rest_route=\/wp\/v2\/types\/post"}],"author":[{"embeddable":true,"href":"https:\/\/zumbalaturba.com.ar\/index.php?rest_route=\/wp\/v2\/users\/6"}],"replies":[{"embeddable":true,"href":"https:\/\/zumbalaturba.com.ar\/index.php?rest_route=%2Fwp%2Fv2%2Fcomments&post=4037"}],"version-history":[{"count":0,"href":"https:\/\/zumbalaturba.com.ar\/index.php?rest_route=\/wp\/v2\/posts\/4037\/revisions"}],"wp:featuredmedia":[{"embeddable":true,"href":"https:\/\/zumbalaturba.com.ar\/index.php?rest_route=\/wp\/v2\/media\/4038"}],"wp:attachment":[{"href":"https:\/\/zumbalaturba.com.ar\/index.php?rest_route=%2Fwp%2Fv2%2Fmedia&parent=4037"}],"wp:term":[{"taxonomy":"category","embeddable":true,"href":"https:\/\/zumbalaturba.com.ar\/index.php?rest_route=%2Fwp%2Fv2%2Fcategories&post=4037"},{"taxonomy":"post_tag","embeddable":true,"href":"https:\/\/zumbalaturba.com.ar\/index.php?rest_route=%2Fwp%2Fv2%2Ftags&post=4037"}],"curies":[{"name":"wp","href":"https:\/\/api.w.org\/{rel}","templated":true}]}}