{"id":4053,"date":"2017-08-06T15:11:51","date_gmt":"2017-08-06T15:11:51","guid":{"rendered":"http:\/\/zumbalaturba.com.ar\/?p=4053"},"modified":"2017-08-06T15:11:51","modified_gmt":"2017-08-06T15:11:51","slug":"ruido-de-gol-en-la-nota-azul","status":"publish","type":"post","link":"https:\/\/zumbalaturba.com.ar\/?p=4053","title":{"rendered":"Ruido de gol en La Nota Azul"},"content":{"rendered":"<p style=\"padding-left: 150px;\"><span style=\"font-size: 14pt;\"><em>El aliento poderoso que sopla un saxof\u00f3n para ofrecer la m\u00fasica y que dura, sin extinguirse, hasta morir con la canci\u00f3n, es el mismo que sale desgarrado desde la tribuna para gritar un gol y llenar el aire. \u00bfHabr\u00e1 acaso pasi\u00f3n que se le pueda comparar? \/\/\u00a0<\/em><\/span><span style=\"font-size: 14pt;\"><em>Este programa n\u00famero 107 de <\/em><a href=\"http:\/\/lanotaazul.com.ar\" target=\"_blank\" rel=\"noopener noreferrer\"><strong>La Nota Azul<\/strong><\/a><em>, del s\u00e1bado 5 de agosto de 2017, recibimos la visita de <\/em><strong>Andr\u00e9s Asia<\/strong><em>, que toc\u00f3 en vivo la m\u00fasica de su proyecto solista <\/em><strong>NoNoise79<\/strong><em>. Abrimos con <strong>Gol,<\/strong> nuevo disco de <\/em><strong>Oscar Feldman<\/strong><em>. \/\/ Por radio <\/em><a href=\"https:\/\/www.facebook.com\/zumba.laturba\/\" target=\"_blank\" rel=\"noopener noreferrer\"><strong>Zumba La Turba<\/strong><\/a><em>, FM 99.5, C\u00f3rdoba, Argentina.<\/em><\/span><\/p>\n<p style=\"padding-left: 30px;\"><iframe src=\"http:\/\/ar.ivoox.com\/es\/player_ej_20188058_2_1.html?data=k5Wemp2UeZmhhpywj5WWaZS1kZeSlaaYfI6ZmKialJKJe6ShkZKSmaiRdI6ZmKiarsaPktDowpCu3NrQb6-ZpJeSpJWPdZGrjJKYkpqJdqekmYqfqJeUdZihhpywj7HFb8_j1caYw9_ZsIy3hqigh6eXtsXjw8aah5yncZU.&amp;\" width=\"100%\" height=\"200\" frameborder=\"0\" scrolling=\"no\" allowfullscreen=\"allowfullscreen\"><\/iframe><\/p>\n<p><span style=\"font-size: 14pt;\">Nacido en C\u00f3rdoba y radicado en Nueva York desde 1994, <strong>Oscar Feldman<\/strong> trajo para\u00a0instalar en el jazz este gol celeste. <em><strong>Gol<\/strong><\/em> es el t\u00edtulo de su nuevo \u00e1lbum y abre con esta versi\u00f3n de <em>I Let A Song Go Out Of My Heart<\/em>, con la que iniciamos tambi\u00e9n este programa. <em><strong>Gol<\/strong><\/em> fue lanzado este a\u00f1o 2017 por el sello <em>Zoho<\/em> en Nueva York. Un gol pirata que expresa con la fuerza del jazz la pasi\u00f3n de Feldman por Belgrano de C\u00f3rdoba.<\/span><\/p>\n<p><span style=\"font-size: 14pt;\">Recibimos la visita de <strong>Andr\u00e9s Asia<\/strong>, m\u00fasico, improvisador y referente de la escena de improvisaci\u00f3n en C\u00f3rdoba. Asia promueve la edici\u00f3n, publicaci\u00f3n y difusi\u00f3n de la m\u00fasica de car\u00e1cter experimental desde la plataforma <a href=\"https:\/\/www.facebook.com\/SonidoAtmosferico\/\" target=\"_blank\" rel=\"noopener noreferrer\"><strong>Sonido Atmosf\u00e9rico ediciones<\/strong><\/a>, que re\u00fane un cat\u00e1logo sostenido de trabajos ambient\/drone, noise, rock, experimental, paisaje sonoro, soundtracks, etc.<\/span><\/p>\n<p><a href=\"https:\/\/sonidoatmosfericoediciones.bandcamp.com\/\" target=\"_blank\" rel=\"noopener noreferrer\"><img fetchpriority=\"high\" decoding=\"async\" class=\"aligncenter wp-image-996\" src=\"http:\/\/lanotaazul.com.ar\/wp-content\/uploads\/2017\/08\/Sonido-atmosf\u00e9rico-ediciones.jpg\" alt=\"\" width=\"717\" height=\"132\" \/><\/a><\/p>\n<p>&nbsp;<\/p>\n<p><span style=\"font-size: 14pt;\">Con su proyecto solista <strong>NoNoise79<\/strong>, Andr\u00e9s Asia est\u00e1 preparando un tercer disco y algo de lo que se podr\u00e1 escuchar all\u00ed, lo present\u00f3 nada menos que tocando en vivo en <em><strong>La Nota Azul<\/strong><\/em>.<\/span><\/p>\n<p><img decoding=\"async\" class=\"aligncenter wp-image-998\" src=\"http:\/\/lanotaazul.com.ar\/wp-content\/uploads\/2017\/08\/Andr\u00e9s-Asia-en-Vivo-en-LNA-1024x577.jpg\" alt=\"\" width=\"555\" height=\"313\" \/><\/p>\n<p>&nbsp;<\/p>\n<p><span style=\"font-size: 14pt;\">Luego tambi\u00e9n presentamos el \u00e1lbum <em><strong>The Distance<\/strong><\/em>, lanzado por ECM el pasado a\u00f1o 2016 por el <strong>Michael Formanek&#8217;s Ensemble Kolossus<\/strong>. Un \u00e1lbum tremendo, una joya musical que conjuga y ensambla tradici\u00f3n, modernismo, improvisaci\u00f3n, creatividad y todo en la m\u00fasica.<\/span><\/p>\n<p><span style=\"font-size: 14pt;\">Tambi\u00e9n suena <strong>Tony Malaby&#8217;s Tubacello<\/strong>: <strong><em>Scorpion Eater<\/em><\/strong>, \u00e1lbum lanzado por <em>Clean Feed<\/em> en 2014 y que re\u00fane a <strong>Malaby<\/strong> en los saxos soprano y tenor con <strong>Dan Peck<\/strong> en la tuba, <strong>Christopher Hoffman<\/strong> en el chelo y <strong>John Hollenbeck<\/strong> en la bater\u00eda.<\/span><\/p>\n<p><span style=\"font-size: 14pt;\">Y para cerrar, cambiamos el color de la tierra y escuchamos a los hermanos <strong>Juan y Marcos N\u00fa\u00f1ez<\/strong>, desde su nuevo disco <em><strong>3Fronteras<\/strong><\/em> y su chamam\u00e9 <em>El Paisa<\/em>.<\/span><\/p>\n<p><span style=\"font-size: 14pt;\">Todo eso y mucho m\u00e1s en dos intensas horas de jazz, m\u00fasica y radio.<\/span><\/p>\n<p>&nbsp;<\/p>\n<p><span style=\"font-size: 14pt;\"><em><strong><a href=\"http:\/\/lanotaazul.com.ar\/programas\/ruido-de-gol-en-la-nota-azul\/\" target=\"_blank\" rel=\"noopener noreferrer\">ESCUCHALO TAMBI\u00c9N HACIENDO CLICK AC\u00c1<\/a><\/strong><\/em><\/span><\/p>\n<p>&nbsp;<\/p>\n<div class='share-to-whatsapp-wrapper'><div class='share-on-whsp'>Share on: <\/div><div class='clear '><\/div><\/div>","protected":false},"excerpt":{"rendered":"<p>El aliento poderoso que sopla un saxof\u00f3n para ofrecer la m\u00fasica y que dura, sin extinguirse, hasta morir con la canci\u00f3n, es el mismo que sale desgarrado desde la tribuna para gritar un gol y llenar el aire. \u00bfHabr\u00e1 acaso pasi\u00f3n que se le pueda comparar? \/\/\u00a0Este programa n\u00famero 107 de La Nota Azul, del [&hellip;]<\/p>\n","protected":false},"author":14,"featured_media":4054,"comment_status":"open","ping_status":"open","sticky":false,"template":"","format":"standard","meta":{"footnotes":""},"categories":[261],"tags":[81,52,293,305,296,166],"class_list":["post-4053","post","type-post","status-publish","format-standard","has-post-thumbnail","hentry","category-la-nota-azul","tag-agenda-cultural","tag-cultura","tag-jazz","tag-jazz-federal-club","tag-la-nota-azul","tag-musica"],"_links":{"self":[{"href":"https:\/\/zumbalaturba.com.ar\/index.php?rest_route=\/wp\/v2\/posts\/4053","targetHints":{"allow":["GET"]}}],"collection":[{"href":"https:\/\/zumbalaturba.com.ar\/index.php?rest_route=\/wp\/v2\/posts"}],"about":[{"href":"https:\/\/zumbalaturba.com.ar\/index.php?rest_route=\/wp\/v2\/types\/post"}],"author":[{"embeddable":true,"href":"https:\/\/zumbalaturba.com.ar\/index.php?rest_route=\/wp\/v2\/users\/14"}],"replies":[{"embeddable":true,"href":"https:\/\/zumbalaturba.com.ar\/index.php?rest_route=%2Fwp%2Fv2%2Fcomments&post=4053"}],"version-history":[{"count":0,"href":"https:\/\/zumbalaturba.com.ar\/index.php?rest_route=\/wp\/v2\/posts\/4053\/revisions"}],"wp:featuredmedia":[{"embeddable":true,"href":"https:\/\/zumbalaturba.com.ar\/index.php?rest_route=\/wp\/v2\/media\/4054"}],"wp:attachment":[{"href":"https:\/\/zumbalaturba.com.ar\/index.php?rest_route=%2Fwp%2Fv2%2Fmedia&parent=4053"}],"wp:term":[{"taxonomy":"category","embeddable":true,"href":"https:\/\/zumbalaturba.com.ar\/index.php?rest_route=%2Fwp%2Fv2%2Fcategories&post=4053"},{"taxonomy":"post_tag","embeddable":true,"href":"https:\/\/zumbalaturba.com.ar\/index.php?rest_route=%2Fwp%2Fv2%2Ftags&post=4053"}],"curies":[{"name":"wp","href":"https:\/\/api.w.org\/{rel}","templated":true}]}}