{"id":4056,"date":"2017-08-08T12:04:00","date_gmt":"2017-08-08T12:04:00","guid":{"rendered":"http:\/\/zumbalaturba.com.ar\/?p=4056"},"modified":"2017-08-08T12:04:00","modified_gmt":"2017-08-08T12:04:00","slug":"por-anahi-por-todas-y-cada-una-de-nosotras-claudia-korol-la-revolucion-feminista-es-necesaria-y-la-estamos-haciendo","status":"publish","type":"post","link":"https:\/\/zumbalaturba.com.ar\/?p=4056","title":{"rendered":"Por Anah\u00ed, por todas y cada una de nosotras. Claudia Korol: \u201cLa revoluci\u00f3n feminista es necesaria y la estamos haciendo\u201d"},"content":{"rendered":"<p><strong><img fetchpriority=\"high\" decoding=\"async\" class=\"size-medium wp-image-4057 alignleft\" src=\"https:\/\/zumbalaturba.com.ar\/wp-content\/uploads\/2017\/08\/anahi-617x450-300x219.jpg\" alt=\"anahi-617x450\" width=\"300\" height=\"219\" srcset=\"https:\/\/zumbalaturba.com.ar\/wp-content\/uploads\/2017\/08\/anahi-617x450-300x219.jpg 300w, https:\/\/zumbalaturba.com.ar\/wp-content\/uploads\/2017\/08\/anahi-617x450.jpg 617w\" sizes=\"(max-width: 300px) 100vw, 300px\" \/>Anahi Benitez ten\u00eda 16 a\u00f1os<\/strong>. Las fotos que se difundieron luego del hallazgo de su cuerpo sin vida, nos muestran a una adolescente como podr\u00edan ser muchas otras. Pero Anah\u00ed es hoy una de las mujeres, j\u00f3venes y ni\u00f1as que nos faltan como consecuencia de la violencia machista, los femicidios y la indiferencia y desidia del Estado. Adem\u00e1s del inmenso dolor e indignaci\u00f3n que nos invaden ante su brutal asesinato, en los \u00faltimos d\u00edas tambi\u00e9n hemos dolido al ver c\u00f3mo los medios de comunicaci\u00f3n hegem\u00f3nicos han hecho de su muerte un show medi\u00e1tico, y de su vida, casi una justificaci\u00f3n de lo ocurrido. Desde el<strong> Enredando las Ma\u00f1anas nos comunicamos con Claudia Korol<\/strong>, integrante del equipo de educaci\u00f3n popular Pa\u00f1uelos en Rebeld\u00eda y comunicadora feminista, para pensar juntxs acerca de los mensajes que estos medios emiten en torno a la violencia hacia las mujeres y, como dec\u00eda la entrevistada en el aire,<strong> \u201c<i>compartir la indignaci\u00f3n, el dolor, la rabia que provocan un nuevo femicidio<\/i>\u201d.<\/strong><\/p>\n<p><iframe src=\"http:\/\/ar.ivoox.com\/es\/player_ej_20217890_2_1.html?data=k5Wfk5ycfZGhhpywj5WbaZS1lJyah5yncZKhhpywj5WRaZi3jpWah5yncabi1dfS2M7XuMKfwpCwzsbZqMrVjLDc1NTQaZO3jNXc1JDKqc7dxM7Ry9SPqMafotPOys6RaZi3jrfOxs7Tb7vpzsfOjdHFb7Xp08fOj4qbh46k&amp;\" width=\"100%\" height=\"200\" frameborder=\"0\" scrolling=\"no\" allowfullscreen=\"allowfullscreen\"><\/iframe><\/p>\n<p>&nbsp;<\/p>\n<p>El an\u00e1lisis del comportamiento de los medios es complejo, pero en primer lugar, Claudia comparte que se puede observar un \u201c<i>tratamiento que tiende, por un lado, a naturalizar, a que nos acostumbremos a estos cr\u00edmenes; y (&#8230;) a victimizar a las asesinadas, a las v\u00edctimas una vez m\u00e1s, buscar en qu\u00e9 podr\u00edan haber favorecido o no esta situaci\u00f3n, qu\u00e9 problemas ten\u00edan, exponerlas y exhibirlas por datos policiales. La verdad es que es algo horrendo<\/i>\u201d.<\/p>\n<p>Sin embargo, simult\u00e1neamente, la exposici\u00f3n que se hace de los femicidios siempre oculta, explica la comunicadora, \u201c<i>la utilizaci\u00f3n de la violencia patriarcal como la forma con que se construy\u00f3 hist\u00f3ricamente el sistema patriarcal, con la que se construy\u00f3 estructuralmente este sistema de imposici\u00f3n de la dominaci\u00f3n de los varones sobres los cuerpos, las vidas, las libertad de las mujeres y de las disidencias sexuales<\/i>\u201d. Y en este ocultamiento, contin\u00faa, \u201c<i>invisibiliza tambi\u00e9n las complicidades con las que se genera donde obviamente los medios de comunicaci\u00f3n de masas son unos de los que participan de esa complicidad, pero tambi\u00e9n los tribunales, las fuerzas represivas. Hay una larga lista de instituciones del Estado y tambi\u00e9n por fuera del estado,de la sociedad civil, que son parte de la cultura patriarcal<\/i>\u201d.<\/p>\n<p>Siguiendo este razonamiento, cuando se refiere a un femicidio, la noticia en general no se construye visibilizando a los autores de la violencia y a sus c\u00f3mplices, sino culpabilizando a la v\u00edctima. Por otro lado, tampoco se mencionan los procesos que el movimiento de mujeres viene d\u00e1ndose en relaci\u00f3n a la violencia de g\u00e9nero y su tratamiento medi\u00e1tico. Una de las preguntas a hacerse desde los medios que hacen comunicaci\u00f3n desde posiciones feministas, es c\u00f3mo denunciar estas violencias sin alimentar el mensaje de miedo, terror y naturalizaci\u00f3n de los medios tradicionales. Para Claudia, todav\u00eda estamos \u201c<i>buscando los caminos<\/i>\u201d. Pero una cosa es clara, \u201c<i>mucho del mensaje de revictimizaci\u00f3n de quienes sufren estas situaciones de violencia se construyen sobre la base del morbo. Se trata de tocar desde los grandes medios de comunicaci\u00f3n la parte morbosa de los c\u00f3mo, qu\u00e9 pas\u00f3 exactamente, o inventar alguna historia, y eso tambi\u00e9n merece una recepci\u00f3n desde quienes escuchan a los medios, rechazar ese tipo de comunicaci\u00f3n patriarcal que estimula estos aspectos tan horribles de nuestra propia subjetividad<\/i>\u201d.<\/p>\n<p>Pero la mirada de la comunicadora se entremezcla con la educadora popular, y rescata el rol esencial que deben ocupar las escuelas con el desarrollo de la Educaci\u00f3n Sexual Integral y los movimientos sociales. \u201c<i>Tenemos <\/i>-explica- <i>una herramienta como la Educaci\u00f3n Sexual Integral que no se utiliza en las escuelas, en las universidades, y que necesitamos que se potencie, que se desarrolle, problematizando estas situaciones. Pero necesitamos tambi\u00e9n que el movimiento social, el movimiento popular, ponga en discusi\u00f3n estos temas, los debata y construya alianzas con el feminismo<\/i>\u201d.<\/p>\n<p>El papel del feminismo es ineludible a la hora de pensar en la respuesta a las violencias, y Korol comparte que desde los feminismos, y en particular desde los feminismos populares, se est\u00e1n haciendo enormes esfuerzos \u201c<i>para organizarnos, para responder a estas violencias, para acompa\u00f1ar a las v\u00edctimas y a sus familiares, para que las pibas adquieran elementos de autodefensa feminista, es decir, que no sea el miedo lo que se instale en nuestra subjetividad, sino la capacidad de organizarnos colectivamente. Yo creo que ac\u00e1 hay una tensi\u00f3n entre el miedo que nos lleva a aislarnos e incluso muchas de las pol\u00edticas p\u00fablicas que tienen como \u00fanico elemento el refugio, el aislamiento, mini-c\u00e1rceles (&#8230;) donde nos vamos a ir encerrando porque no nos animamos a salir a las calles; o recuperar las calles colectivamente, masivamente, como desde el Ni Una Menos y desde otras formas de organizaci\u00f3n lo hemos venido realizando. No perder las calles creo que es una cuesti\u00f3n fundamental, pero no s\u00f3lo en las grandes movilizaciones. Tambi\u00e9n en los movimientos cotidianos que vamos haciendo. Hoy como nunca es necesaria la acci\u00f3n colectiva, hasta para poder caminar por las calle<\/i>s\u201d.<\/p>\n<p>Finalmente, afirma, la respuesta debe ser clara. Aunque ellos intentan \u201c<i>hacernos sentir que no podemos m\u00e1s, sentirnos derrotadas, a las mujeres, a las feministas, nuestra respuesta tiene que ser lo contrario: nosotras estamos avanzando, y por eso nos est\u00e1n golpeando. La revoluci\u00f3n feminista es necesaria y la estamos haciendo. Y a no perder la alegr\u00eda\u201d<\/i>.<\/p>\n<div class='share-to-whatsapp-wrapper'><div class='share-on-whsp'>Share on: <\/div><div class='clear '><\/div><\/div>","protected":false},"excerpt":{"rendered":"<p>Anahi Benitez ten\u00eda 16 a\u00f1os. Las fotos que se difundieron luego del hallazgo de su cuerpo sin vida, nos muestran a una adolescente como podr\u00edan ser muchas otras. Pero Anah\u00ed es hoy una de las mujeres, j\u00f3venes y ni\u00f1as que nos faltan como consecuencia de la violencia machista, los femicidios y la indiferencia y desidia [&hellip;]<\/p>\n","protected":false},"author":6,"featured_media":4057,"comment_status":"open","ping_status":"open","sticky":false,"template":"","format":"standard","meta":{"footnotes":""},"categories":[18,5],"tags":[753,399,563,567],"class_list":["post-4056","post","type-post","status-publish","format-standard","has-post-thumbnail","hentry","category-elm","category-transfeminismos","tag-anahi-benitez","tag-femicidio","tag-machismo","tag-violencia-de-genero"],"_links":{"self":[{"href":"https:\/\/zumbalaturba.com.ar\/index.php?rest_route=\/wp\/v2\/posts\/4056","targetHints":{"allow":["GET"]}}],"collection":[{"href":"https:\/\/zumbalaturba.com.ar\/index.php?rest_route=\/wp\/v2\/posts"}],"about":[{"href":"https:\/\/zumbalaturba.com.ar\/index.php?rest_route=\/wp\/v2\/types\/post"}],"author":[{"embeddable":true,"href":"https:\/\/zumbalaturba.com.ar\/index.php?rest_route=\/wp\/v2\/users\/6"}],"replies":[{"embeddable":true,"href":"https:\/\/zumbalaturba.com.ar\/index.php?rest_route=%2Fwp%2Fv2%2Fcomments&post=4056"}],"version-history":[{"count":0,"href":"https:\/\/zumbalaturba.com.ar\/index.php?rest_route=\/wp\/v2\/posts\/4056\/revisions"}],"wp:featuredmedia":[{"embeddable":true,"href":"https:\/\/zumbalaturba.com.ar\/index.php?rest_route=\/wp\/v2\/media\/4057"}],"wp:attachment":[{"href":"https:\/\/zumbalaturba.com.ar\/index.php?rest_route=%2Fwp%2Fv2%2Fmedia&parent=4056"}],"wp:term":[{"taxonomy":"category","embeddable":true,"href":"https:\/\/zumbalaturba.com.ar\/index.php?rest_route=%2Fwp%2Fv2%2Fcategories&post=4056"},{"taxonomy":"post_tag","embeddable":true,"href":"https:\/\/zumbalaturba.com.ar\/index.php?rest_route=%2Fwp%2Fv2%2Ftags&post=4056"}],"curies":[{"name":"wp","href":"https:\/\/api.w.org\/{rel}","templated":true}]}}