{"id":4080,"date":"2017-08-10T11:37:02","date_gmt":"2017-08-10T14:37:02","guid":{"rendered":"http:\/\/zumbalaturba.com.ar\/?p=4080"},"modified":"2023-10-14T20:29:00","modified_gmt":"2023-10-14T23:29:00","slug":"nueva-convocatoria-por-justicia-para-el-hijo-de-gilda-1008-frente-a-la-senaf","status":"publish","type":"post","link":"https:\/\/zumbalaturba.com.ar\/?p=4080","title":{"rendered":"Nueva convocatoria por justicia para el hijo de Gilda: 10\/08 frente a la SeNAF"},"content":{"rendered":"<p><img fetchpriority=\"high\" decoding=\"async\" class=\"size-medium wp-image-4040 alignleft\" src=\"https:\/\/zumbalaturba.com.ar\/wp-content\/uploads\/2017\/08\/gilda-muniecos-300x225.jpeg\" alt=\"gilda muniecos\" width=\"300\" height=\"225\" srcset=\"https:\/\/zumbalaturba.com.ar\/wp-content\/uploads\/2017\/08\/gilda-muniecos-300x225.jpeg 300w, https:\/\/zumbalaturba.com.ar\/wp-content\/uploads\/2017\/08\/gilda-muniecos-90x68.jpeg 90w, https:\/\/zumbalaturba.com.ar\/wp-content\/uploads\/2017\/08\/gilda-muniecos-768x576.jpeg 768w, https:\/\/zumbalaturba.com.ar\/wp-content\/uploads\/2017\/08\/gilda-muniecos-1024x768.jpeg 1024w, https:\/\/zumbalaturba.com.ar\/wp-content\/uploads\/2017\/08\/gilda-muniecos.jpeg 1280w\" sizes=\"(max-width: 300px) 100vw, 300px\" \/>Gilda Morales lleva ya 16 d\u00edas en huelga de hambre frente a Tribunales I y, aunque las respuestas de lxs funcionarixs no llegan y los derechos de su hijo siguen siendo brutalmente vulnerados, la solidaridad la rodea cada vez m\u00e1s.<\/p>\n<p>Desde <b>Zumba la Turba <\/b>conversamos con <b>Florencia Bianco<\/b>, integrante del colectivo, quien comparti\u00f3 lo sucedido en una agitada jornada que culmin\u00f3 con el compromiso del Subsecretario del SeNAF, Antonio Franco a involucrarse personalmente en el caso.<\/p>\n<p><iframe src=\"http:\/\/ar.ivoox.com\/es\/player_ej_20265408_2_1.html?data=k5WfmJqYdJmhhpywj5WZaZS1kp2ah5yncZKhhpywj5WRaZi3jpWah5yncabi1dfS2M7XuMKfwpCzztTWqc_XysaYpM7FssTjhpewjajTsMbX1c7j0ZDIqYzqytjWxM7QrdvVxJKSmaiRlsLYytSYvNrRpsKfzcaYttrWpsKhhpywj5U.&amp;\" width=\"100%\" height=\"200\" frameborder=\"0\" scrolling=\"no\" allowfullscreen=\"allowfullscreen\"><\/iframe><\/p>\n<p>Durante la tarde de este mi\u00e9rcoles 9 de agosto, desde el Colectivo de Visibilizaci\u00f3n del Abuso Sexual Infantil se convoc\u00f3 a una asamblea abierta para acompa\u00f1ar el reclamo por la restituci\u00f3n de los derechos del hijo de Gilda Morales, bajo la consigna &#8220;Basta de abuso judicial&#8221;.<\/p>\n<p>Bianco comparte que la actividad p\u00fablica de esta tarde consist\u00eda originalmente en una concentraci\u00f3n en la entrada de Caseros del edificio de Tribunales I para repudiar el accionar concreto de la jueza Morcillo. \u201c<i>U<\/i><i>na jueza<\/i> -explica- <i>que est\u00e1 impidiendo a los ni\u00f1os que est<\/i><i>\u00e1<\/i><i>n en alguna situaci\u00f3n de violencia gozar plenamente de los derechos reconocidos en tratados internacionales, en leyes nacionales y provinciales. El caso de Gilda Morales es uno de estos casos muy concreto y tremendo, pero no es el \u00fanico<\/i>\u201d.<\/p>\n<p>A la acci\u00f3n de denuncia de la funcionaria y a la solidaridad con Gilda Morales, se sumaron otras organizaciones \u201c<i>como el Frente Popular Dar\u00edo Santill\u00e1n, Las Rojas, Mala Junta y el Polo Obrero. Tambi\u00e9n hab\u00eda muchas madres cuidadoras que sufrieron la violencia de esta jueza despu\u00e9s de haber denunciado<\/i>\u201d.<\/p>\n<p>Luego de realizar una asamblea de car\u00e1cter abierto, decidieron marchar hacia la Secretar\u00eda de Ni\u00f1ez, Adolescencia y Familia (SeNAF) del gobierno de la provincia. All\u00ed, describe Florencia, \u201c<i>cuando llegamos al <\/i><i>SeNAF <\/i><i>fuimos recibidos de una manera absolutamente inesperada y con m\u00e1s violencia. Un empleado maltrat\u00f3 f\u00edsicamente a Gilda, para impedirle su ingreso al edificio la empuj<\/i><i>\u00f3<\/i><i>, le torci\u00f3 el brazo, con su pierna le impidi\u00f3 el ingreso trab\u00e1ndole sus piernas. <\/i><i>R<\/i><i>ecordemos que Gilda hace diecis\u00e9is d\u00edas que est\u00e1 en huelga de hambre. <\/i><i>D<\/i><i>espu\u00e9s, nadie dentro del edificio se hizo responsable, todos fueron c\u00f3mplices de ocultar qui\u00e9n fue este se\u00f1or para dar el nombre completo para la denuncia que Gilda Morales va a hacer ante las autoridades<\/i>\u201d.<br \/>\nLa presencia de las mujeres y organizaciones en las oficinas de la SeNAF ten\u00eda un objetivo, \u201c<i>n<\/i><i>ue<\/i><i>stra exigencia era que el <\/i><i>SeNAF <\/i><i>cumpla con su responsabilidad de hacer <\/i><i>que <\/i><i>el hijo de Gilda tenga todos los derechos que le corresponden<\/i>\u201d. Bianco estima que la presi\u00f3n ejercida oblig\u00f3 a que se presentara \u201c<i>la m\u00e1xima autoridad presente en C\u00f3rdoba en estos momentos, que es el subsecretario, el Sr. <\/i><i>[Antonio] <\/i><i>Franco<\/i>\u201d.<br \/>\nComo balance de la entrevista con el funcionario, la integrante del Colectivo plantea que \u201c<i>s<\/i><i>i bien no logramos lo que quer\u00edamos, que era una respuesta por escrito, s\u00ed logramos el compromiso verbal del Sr. Franco para supervisar personalmente este caso. Se comprometi\u00f3 a asistir durante el d\u00eda de hoy con su equipo t\u00e9cnico a la casa donde est\u00e1 el hijo de Gilda Morales, para hacer una inspecci\u00f3n de supervisi\u00f3n. No logramos que se comprometiera a darnos un informe, \u00e9l insisti\u00f3 en que su responsabilidad est\u00e1 hacia la justicia, entonces que el informe lo va a elevar a la justicia. Ni tampoco que nos diera por escrito porqu\u00e9 no puede la <\/i><i>SeNAF<\/i><i>, siendo un ente aut\u00f3nomo como consta en la ley, hacerse responsable de la seguridad y de la salud tanto ps\u00edquica como f\u00edsica del hijo de Gilda Morales<\/i>\u201d.<\/p>\n<p>Para verificar que estos compromisos se cumplan, se decidi\u00f3 convocar nuevamente <b>este jueves 10 de agosto a concentrar a las 12 hs. en la SeNAF <\/b>para seguir exigiendo \u201c<i>una respuesta inmediata al pedido de justicia y de restituci\u00f3n de derechos del hijo de Gilda Morales, porque no podemos seguir aceptando la irresponsabilidad de agentes judiciales que deber\u00edan estar trabajando por los derechos de los ni\u00f1os y no hacen otra cosa m\u00e1s que revictimizarlos y revictimizar tambi\u00e9n a sus familias<\/i>\u201d.<\/p>\n<div class='share-to-whatsapp-wrapper'><div class='share-on-whsp'>Share on: <\/div><div class='clear '><\/div><\/div>","protected":false},"excerpt":{"rendered":"<p>Gilda Morales lleva ya 16 d\u00edas en huelga de hambre frente a Tribunales I y, aunque las respuestas de lxs funcionarixs no llegan y los derechos de su hijo siguen siendo brutalmente vulnerados, la solidaridad la rodea cada vez m\u00e1s. Desde Zumba la Turba conversamos con Florencia Bianco, integrante del colectivo, quien comparti\u00f3 lo sucedido [&hellip;]<\/p>\n","protected":false},"author":6,"featured_media":4085,"comment_status":"closed","ping_status":"closed","sticky":false,"template":"","format":"standard","meta":{"footnotes":""},"categories":[1241,268,15,5],"tags":[402,321,335,751],"class_list":["post-4080","post","type-post","status-publish","format-standard","has-post-thumbnail","hentry","category-ddhh","category-especial","category-la-zumba","category-transfeminismos","tag-abuso-sexual-infantil","tag-colectivo-ni-un-nino-mas","tag-generos","tag-gilda-morales"],"_links":{"self":[{"href":"https:\/\/zumbalaturba.com.ar\/index.php?rest_route=\/wp\/v2\/posts\/4080","targetHints":{"allow":["GET"]}}],"collection":[{"href":"https:\/\/zumbalaturba.com.ar\/index.php?rest_route=\/wp\/v2\/posts"}],"about":[{"href":"https:\/\/zumbalaturba.com.ar\/index.php?rest_route=\/wp\/v2\/types\/post"}],"author":[{"embeddable":true,"href":"https:\/\/zumbalaturba.com.ar\/index.php?rest_route=\/wp\/v2\/users\/6"}],"replies":[{"embeddable":true,"href":"https:\/\/zumbalaturba.com.ar\/index.php?rest_route=%2Fwp%2Fv2%2Fcomments&post=4080"}],"version-history":[{"count":0,"href":"https:\/\/zumbalaturba.com.ar\/index.php?rest_route=\/wp\/v2\/posts\/4080\/revisions"}],"wp:featuredmedia":[{"embeddable":true,"href":"https:\/\/zumbalaturba.com.ar\/index.php?rest_route=\/wp\/v2\/media\/4085"}],"wp:attachment":[{"href":"https:\/\/zumbalaturba.com.ar\/index.php?rest_route=%2Fwp%2Fv2%2Fmedia&parent=4080"}],"wp:term":[{"taxonomy":"category","embeddable":true,"href":"https:\/\/zumbalaturba.com.ar\/index.php?rest_route=%2Fwp%2Fv2%2Fcategories&post=4080"},{"taxonomy":"post_tag","embeddable":true,"href":"https:\/\/zumbalaturba.com.ar\/index.php?rest_route=%2Fwp%2Fv2%2Ftags&post=4080"}],"curies":[{"name":"wp","href":"https:\/\/api.w.org\/{rel}","templated":true}]}}