{"id":4123,"date":"2017-08-13T03:51:22","date_gmt":"2017-08-13T03:51:22","guid":{"rendered":"http:\/\/zumbalaturba.com.ar\/?p=4123"},"modified":"2017-08-13T03:51:22","modified_gmt":"2017-08-13T03:51:22","slug":"chet-baker-paul-bley-y-el-festival-de-jazz-de-la-cumbre-en-la-nota-azul","status":"publish","type":"post","link":"https:\/\/zumbalaturba.com.ar\/?p=4123","title":{"rendered":"Chet Baker, Paul Bley y el Festival de Jazz de La Cumbre en La Nota Azul"},"content":{"rendered":"<p style=\"padding-left: 180px;\"><span style=\"font-size: 14pt;\">En la \u00e9poca en la que comenz\u00f3 a ganar cada encuesta de las revistas especializadas como \u201cmejor trompetista de jazz\u201d, Miles Davis lo odi\u00f3. Quince a\u00f1os despu\u00e9s, y despu\u00e9s de que en una venganza por haberle robado a un <em>dealer<\/em> se qued\u00f3 sin los dientes de arriba, Chet Baker estaba acabado. No tocaba, o lo hac\u00eda mal. En su cara se ve\u00edan grabados \u201clos estragos del tiempo y la frustraci\u00f3n, y los demonios de la inseguridad\u201d\u2026 Pero luego volver\u00eda, aprender\u00eda a tocar con su dentadura postiza y ser\u00eda nuevamente Chet Baker. \u201c<em>Vi\u00e9ndolo en perspectiva, s\u00f3lo puedo decir que progres\u00e9 conceptualmente. Yo puedo, todav\u00eda, en ese estilo, muy cool, pocas notas y un mont\u00f3n de espacio vac\u00edo. Puedo tocar tambi\u00e9n muy liviano; y muy duro. Creo que toco diez veces mejor que antes<\/em>\u201d. \u00a0Tomado de un ensayo de <strong>Diego Fischerman<\/strong> sobre <strong>Chet Baker<\/strong>.<\/span><\/p>\n<p><iframe src=\"http:\/\/ar.ivoox.com\/es\/player_ej_20302440_2_1.html?data=k5WgkpeYeJGhhpywj5WWaZS1kZ6SlaaVeI6ZmKialJKJe6ShkZKSmaiRdI6ZmKiarsaPktDowpCu3NrQb6-ZpJeSpJWPdZGsjJKYk5eJdqekmYqfqJeUdZihhpywj7HFb8_j1caYw9_ZsIy3hqigh6eXtsXjw8aah5yncZU.&amp;\" width=\"100%\" height=\"200\" frameborder=\"0\" scrolling=\"no\" allowfullscreen=\"allowfullscreen\"><\/iframe><\/p>\n<p><span style=\"font-size: 14pt;\"><strong>Chet Baker<\/strong>\u00a0suena, con el piano de <strong>Paul Bley<\/strong>, <img fetchpriority=\"high\" decoding=\"async\" class=\"alignright wp-image-1016 size-medium\" src=\"http:\/\/lanotaazul.com.ar\/wp-content\/uploads\/2017\/08\/Chet-Baker-Paul-Bley-Grande-300x300.jpg\" alt=\"\" width=\"300\" height=\"300\" \/>desde el \u00e1lbum <em><strong>Diane<\/strong><\/em> de\u00a01985, para abrir <strong>La Nota Azul<\/strong>\u00a0en este p<\/span><span style=\"font-size: 14pt;\">rograma n\u00famero 108, correspondiente al s\u00e1bado 12 de agosto de 2017. En radio<a href=\"https:\/\/zumbalaturba.com.ar\/\" target=\"_blank\" rel=\"noopener noreferrer\"><strong> Zumba La Turba<\/strong><\/a>, FM 99.5 de C\u00f3rdoba, Argentina. Un registro imperdible de Chet Baker con el sost\u00e9n de otra dimensi\u00f3n del piano de Paul Bley, grabado en\u00a0Copenhague en 1985.<\/span><\/p>\n<p><span style=\"font-size: 14pt;\">Recibimos la visita de <strong>Ignacio Villamil<\/strong>, <strong>Agust\u00edn Waldheim<\/strong> y <strong>Lucas S\u00e1nchez<\/strong> para presentar el <strong>Festival de Jazz de La Cumbre<\/strong> en \u00e9sta su segunda edici\u00f3n este a\u00f1o 2017. Conversamos sobre lo que ser\u00e1 este festival y lo que dej\u00f3 el del a\u00f1o anterior. Una invitaci\u00f3n a una cita imperdible.<\/span><\/p>\n<p><a href=\"https:\/\/www.facebook.com\/festivaldejazzlacumbre\/\" target=\"_blank\" rel=\"noopener noreferrer\"><img decoding=\"async\" class=\"aligncenter wp-image-1006\" src=\"http:\/\/lanotaazul.com.ar\/wp-content\/uploads\/2017\/08\/Festival-La-Cumbre.png\" alt=\"\" width=\"577\" height=\"223\" \/><\/a><\/p>\n<p><span style=\"font-size: 14pt;\">Charlamos adem\u00e1s con <strong>Oscar Giunta<\/strong> que va a estar cerrando el <strong>Festival de La Cumbre<\/strong> y adem\u00e1s brindar\u00e1 un workshop con su tr\u00edo, integrado por <strong>Arturo Puertas<\/strong> en contrabajo y <strong>Hern\u00e1n Jacinto<\/strong> en piano.<\/span><\/p>\n<p><span style=\"font-size: 14pt;\">Escuchamos a algunos de los m\u00fasicos que participar\u00e1n en el <strong>Festival de La Cumbre<\/strong>: <strong>Oscar Giunta<\/strong>, <strong>Arturo Puertas<\/strong>, <strong>Rodrigo Dom\u00ednguez<\/strong> y, por supuesto, la <strong>C\u00f3rdoba Jazz Orchestra<\/strong>.<\/span><\/p>\n<p><span style=\"font-size: 14pt;\">Luego es el turno de <strong>Takuya Kuroda<\/strong>, trompetista japon\u00e9s, actualmente radicado en Nueva York que se mueve dentro de un jazz que se nutre del soul, el hip-hop y hasta el afrobeat.<\/span><\/p>\n<p><span style=\"font-size: 14pt;\">Y cerramos con <strong>Nascut<\/strong>, gran tr\u00edo formado por <strong>Pablo Carracedo<\/strong> en saxo, <strong>Federico Tosello<\/strong> en bajo y <strong>Juli\u00e1n Zanetti<\/strong> en bater\u00eda.<\/span><\/p>\n<figure id=\"attachment_1021\" aria-describedby=\"caption-attachment-1021\" style=\"width: 495px\" class=\"wp-caption aligncenter\"><img decoding=\"async\" class=\"wp-image-1021\" src=\"http:\/\/lanotaazul.com.ar\/wp-content\/uploads\/2017\/08\/Nascut.jpg\" alt=\"\" width=\"495\" height=\"201\" \/><figcaption id=\"caption-attachment-1021\" class=\"wp-caption-text\">Nascut Jazz<\/figcaption><\/figure>\n<p><span style=\"font-size: 14pt;\">Todo eso y mucho m\u00e1s en dos intensas horas de jazz, m\u00fasica y radio.<\/span><\/p>\n<p><span style=\"font-size: 14pt;\"><strong><a href=\"http:\/\/ar.ivoox.com\/es\/nota-azul-n-108-12-08-2017-audios-mp3_rf_20302440_1.html\" target=\"_blank\" rel=\"noopener noreferrer\">ESCUCHALO TAMBI\u00c9N POR\u00a0AC\u00c1<\/a><\/strong><\/span><\/p>\n<div class='share-to-whatsapp-wrapper'><div class='share-on-whsp'>Share on: <\/div><div class='clear '><\/div><\/div>","protected":false},"excerpt":{"rendered":"<p>En la \u00e9poca en la que comenz\u00f3 a ganar cada encuesta de las revistas especializadas como \u201cmejor trompetista de jazz\u201d, Miles Davis lo odi\u00f3. Quince a\u00f1os despu\u00e9s, y despu\u00e9s de que en una venganza por haberle robado a un dealer se qued\u00f3 sin los dientes de arriba, Chet Baker estaba acabado. No tocaba, o lo [&hellip;]<\/p>\n","protected":false},"author":14,"featured_media":4124,"comment_status":"open","ping_status":"open","sticky":false,"template":"","format":"standard","meta":{"footnotes":""},"categories":[261],"tags":[81,52,293,305,296,166],"class_list":["post-4123","post","type-post","status-publish","format-standard","has-post-thumbnail","hentry","category-la-nota-azul","tag-agenda-cultural","tag-cultura","tag-jazz","tag-jazz-federal-club","tag-la-nota-azul","tag-musica"],"_links":{"self":[{"href":"https:\/\/zumbalaturba.com.ar\/index.php?rest_route=\/wp\/v2\/posts\/4123","targetHints":{"allow":["GET"]}}],"collection":[{"href":"https:\/\/zumbalaturba.com.ar\/index.php?rest_route=\/wp\/v2\/posts"}],"about":[{"href":"https:\/\/zumbalaturba.com.ar\/index.php?rest_route=\/wp\/v2\/types\/post"}],"author":[{"embeddable":true,"href":"https:\/\/zumbalaturba.com.ar\/index.php?rest_route=\/wp\/v2\/users\/14"}],"replies":[{"embeddable":true,"href":"https:\/\/zumbalaturba.com.ar\/index.php?rest_route=%2Fwp%2Fv2%2Fcomments&post=4123"}],"version-history":[{"count":0,"href":"https:\/\/zumbalaturba.com.ar\/index.php?rest_route=\/wp\/v2\/posts\/4123\/revisions"}],"wp:featuredmedia":[{"embeddable":true,"href":"https:\/\/zumbalaturba.com.ar\/index.php?rest_route=\/wp\/v2\/media\/4124"}],"wp:attachment":[{"href":"https:\/\/zumbalaturba.com.ar\/index.php?rest_route=%2Fwp%2Fv2%2Fmedia&parent=4123"}],"wp:term":[{"taxonomy":"category","embeddable":true,"href":"https:\/\/zumbalaturba.com.ar\/index.php?rest_route=%2Fwp%2Fv2%2Fcategories&post=4123"},{"taxonomy":"post_tag","embeddable":true,"href":"https:\/\/zumbalaturba.com.ar\/index.php?rest_route=%2Fwp%2Fv2%2Ftags&post=4123"}],"curies":[{"name":"wp","href":"https:\/\/api.w.org\/{rel}","templated":true}]}}