{"id":4126,"date":"2017-08-15T03:04:53","date_gmt":"2017-08-15T03:04:53","guid":{"rendered":"http:\/\/zumbalaturba.com.ar\/?p=4126"},"modified":"2017-08-15T03:04:53","modified_gmt":"2017-08-15T03:04:53","slug":"crianzas-de-susy-shock-identidades-trans-infancias-y-escuela","status":"publish","type":"post","link":"https:\/\/zumbalaturba.com.ar\/?p=4126","title":{"rendered":"\u201cCrianzas\u201d de Susy Shock: identidades trans, infancias y escuela"},"content":{"rendered":"<p style=\"text-align: right;\"><span style=\"font-size: small;\"><img fetchpriority=\"high\" decoding=\"async\" class=\"size-medium wp-image-4128 alignleft\" src=\"https:\/\/zumbalaturba.com.ar\/wp-content\/uploads\/2017\/08\/crianzas-presentacion-300x212.jpg\" alt=\"crianzas presentacion\" width=\"300\" height=\"212\" srcset=\"https:\/\/zumbalaturba.com.ar\/wp-content\/uploads\/2017\/08\/crianzas-presentacion-300x212.jpg 300w, https:\/\/zumbalaturba.com.ar\/wp-content\/uploads\/2017\/08\/crianzas-presentacion-768x542.jpg 768w, https:\/\/zumbalaturba.com.ar\/wp-content\/uploads\/2017\/08\/crianzas-presentacion.jpg 960w\" sizes=\"(max-width: 300px) 100vw, 300px\" \/>Presentaciones: martes 15 de agosto<br \/>\na las 18 hs. en la sede de UEPC de Cosqu\u00edn,<br \/>\nPresidente Tte. Gral. Juan D. Per\u00f3n 428 y el<br \/>\nmi\u00e9rcoles 16 de agosto a las 20:30 hs. en<br \/>\nel Museo de Antropolog\u00eda, UNC.<\/span><\/p>\n<p>Esta semana se presentar\u00e1 en C\u00f3rdoba <strong><em>Crianzas<\/em>, el nuevo libro de la artista trans Susy Shock<\/strong>. Las presentaciones se realizar\u00e1n el martes 15 en Cosqu\u00edn y el mi\u00e9rcoles 16 en Capital, en el marco del Festival del Deleite de los Cuerpos. Como adelanto del esperado material, conversamos en el <strong>Enredando las Ma\u00f1anas con Hern\u00e1n Ojeda, integrante de la Agrupaci\u00f3n Docente Mar\u00eda Saleme y uno de lxs presentadorxs<\/strong>.<\/p>\n<p><iframe src=\"http:\/\/ar.ivoox.com\/es\/player_ej_20331071_2_1.html?data=k5WglZaUe5Khhpywj5aVaZS1lZiah5yncZKhhpywj5WRaZi3jpWah5yncabi1dfS2M7XuMKfwpC1x9fSpc-fsM_SxsaJdqSf0dfS1crSuMLXytTbjajWrcLi28bgj4qbh47GwsnW0ZC-uc7WwpDZw5C4udPWwpKSmaiRdA..&amp;\" width=\"100%\" height=\"200\" frameborder=\"0\" scrolling=\"no\" allowfullscreen=\"allowfullscreen\"><\/iframe><\/p>\n<p>La presentaci\u00f3n del \u00faltimo trabajo de Susy Shock se dar\u00e1 en el marco del <strong>Festival El Deleite los Cuerpos,<\/strong> un espacio \u201cen el que gays, lesbianas, trans, travestis, tortas, putos, maricas, chongas, cuentan historias, sus historias, nuestras historias, de las maneras m\u00e1s diversas\u201d. Desde hace varios a\u00f1os, en su desarrollo se generan acciones que encuentran al activismo de la disidencia sexual con otros espacios de militancia social y pol\u00edtica, en otros territorios.<\/p>\n<p><strong>La t\u00eda trans<\/strong><\/p>\n<p>Hern\u00e1n comparte que \u201c<em>el libro plantea la relaci\u00f3n de la t\u00eda trans con un sobrino, Uriel. A partir de ese v\u00ednculo y de esa relaci\u00f3n, pasan una serie de relatos cortos que traen la vida cotidiana de la trava en el barrio, de la trava yendo a buscar a su sobrino a la escuela, en esa cotidianidad del barrio, en el mercado, en el almac\u00e9n. Lo que muchas que tenemos amigas travas sabemos c\u00f3mo funciona de d\u00eda la circulaci\u00f3n de eso cuerpos, de esas expresiones de g\u00e9nero, que es complejo para ellas, son ambientes hostiles. Susy pone en los relatos todo eso desde una ternura que por tener esa afectividad no deja de interpelarnos a quienes -aun con identidades como la m\u00eda, de marica-, estamos circulando dentro de determinados privilegios<\/em>\u201d.<\/p>\n<p>Asimismo, el texto plantea las interacciones del escenario escolar, \u201c<em>muestra, por ejemplo, la relaci\u00f3n de la t\u00eda con la maestra, de la t\u00eda con la directora, de la t\u00eda con los pap\u00e1s y mam\u00e1s de los compa\u00f1eritos y amigos de su sobrino, de modo que lo que plantea el libro es de alguna forma la posibilidad de poder habilitar a una t\u00eda trava lo que se le brinda a cualquier t\u00eda o a cualquier t\u00edo<\/em>\u201d.<\/p>\n<p>La obra, explica Ojeda, interpela la utop\u00eda cotidiana de quienes apuestan por una educaci\u00f3n liberadora. \u201c<em>Fundamentalmente<\/em> -describe- <em>hay dos cosas, una que tiene que ver con c\u00f3mo muestra el libro esa construcci\u00f3n cotidiana de ese otro mundo, de esa otra sociedad, de esa otra forma de relacionamiento que es posible y que es una utop\u00eda que es la construcci\u00f3n de la revoluci\u00f3n por decirlo de alg\u00fan modo, pero que tambi\u00e9n se hace en el d\u00eda a d\u00eda. Por otro lado, que ser\u00eda para m\u00ed la segunda invitaci\u00f3n que nos hace el libro, est\u00e1 ligada a la palabra, a nombrarnos como docentes maricas, a nombrarnos como docentes lesbianas, nombrarnos como docentes mujeres y habilitar a los ni\u00f1os, ni\u00f1as y j\u00f3venes a que puedan nombrarse en el lugar en el que se sienten c\u00f3modas, c\u00f3modos, y desde el lugar donde se puedan autopercibir<\/em>\u201d.<\/p>\n<p><strong>Literatura, activismo disidente y Educaci\u00f3n Sexual Integral<\/strong><\/p>\n<p>El texto resulta un dispositivo excelente para poner en primer plano la intersectorialidad que puede darse entre literatura, activismo disidente y la ley de Educaci\u00f3n Sexual Integral.<\/p>\n<p>Para Hernan, hay que analizar esta complejidad al menos desde dos niveles. \u201c<em>Un primer nivel<\/em> -contin\u00faa-, <em>que est\u00e1 ligado a la escuela en s\u00ed misma, en el modo de apropiaci\u00f3n de la ESI, c\u00f3mo siguen circulando todav\u00eda formas de educar en la sexualidad que la ley ya las ha dejado de lado y que habilita a una construcci\u00f3n mucho m\u00e1s liberadora, mucho m\u00e1s libertaria, es un poco lo que nos trae la Susy en el libro (&#8230;) Y hay otra dimensi\u00f3n (&#8230;) que tiene que ver con el lugar que ocupamos las otras sexualidades, las otras no heteronormatividades, dentro del sindicato, quienes somos delegadas y participamos activamente<\/em>\u201d.<\/p>\n<p>Al respecto, plantea que se da una situaci\u00f3n paradojal: \u201c<em>por un lado es muy interesante que se pueda dar la presentaci\u00f3n del libro en la sede de nuestro sindicato y estamos muy contentas con eso, (&#8230;) se proclama la democracia, la participaci\u00f3n e inclusive tiene desarrollo de cursos de ESI con puntaje para docentes, pero no hay una habilitaci\u00f3n concreta, real, en las pr\u00e1cticas cotidianas del sindicato<\/em>\u201d.<\/p>\n<p>Es que m\u00e1s all\u00e1 de reconocer que las diversidades y disidencias sexogen\u00e9ricas han estado presentes hist\u00f3ricamente en todos los contextos y las luchas, incluidas las sindicales, el revuelo empieza cuando esos espacios se ocupan desde las propias identidades.<\/p>\n<p>Hern\u00e1n remarca que, luego de haber le\u00eddo dos veces el libro y seguir descubriendo cosas, \u201c<em>hay una serie de im\u00e1genes y de colores, de esa literatura de la Susy, que realmente no he parado de leerlo (&#8230;) porque en cada relato hay cosas \u00a0que podemos llevarnos para nuestra pr\u00e1ctica cotidiana<\/em>\u201d.<\/p>\n<p><strong>La palabra en otros territorios<\/strong><\/p>\n<p>La invitaci\u00f3n a la Agrupaci\u00f3n Docente Mar\u00eda Saleme del Valle de Punilla surge, explica Hern\u00e1n, de la inquietud de la propia Susy Shock de trascender la capital cordobesa para alcanzar localidades del interior de la provincia. A partir de la misma, comparte, \u201c<em>se ha dado un proceso muy interesante, porque hemos confluido, primero, activistas independientes de la zona de Punilla, sobre todo centro y sur, y despu\u00e9s las compa\u00f1eras de la MUDAP, que es una agrupaci\u00f3n que nuclea mujeres activas, diversas, que son independientes y tambi\u00e9n est\u00e1n ligadas a organizaciones pol\u00edticas, y dos agrupaciones: la Agrupaci\u00f3n Docente Mar\u00eda Saleme que estamos en el Frente de Unidad Docente y adhiere Docentes en Marcha<\/em>\u201d.<\/p>\n<p>El docente comparte que las expectativas son altas y que esta articulaci\u00f3n constituye en s\u00ed misma un logro, ya que en general \u201c<em>es bastante complicado en estos momentos y por estos lugares, poder lograr una actividad donde adem\u00e1s de confluir varias agrupaciones y activistas independientes, feministas, LGTBIQ<\/em>\u201d. Sobre todo en contextos como el departamento de Punilla.<\/p>\n<div class='share-to-whatsapp-wrapper'><div class='share-on-whsp'>Share on: <\/div><div class='clear '><\/div><\/div>","protected":false},"excerpt":{"rendered":"<p>Presentaciones: martes 15 de agosto a las 18 hs. en la sede de UEPC de Cosqu\u00edn, Presidente Tte. Gral. Juan D. Per\u00f3n 428 y el mi\u00e9rcoles 16 de agosto a las 20:30 hs. en el Museo de Antropolog\u00eda, UNC. Esta semana se presentar\u00e1 en C\u00f3rdoba Crianzas, el nuevo libro de la artista trans Susy Shock. [&hellip;]<\/p>\n","protected":false},"author":6,"featured_media":4128,"comment_status":"open","ping_status":"open","sticky":false,"template":"","format":"standard","meta":{"footnotes":""},"categories":[18,5],"tags":[335,765,520,543,764],"class_list":["post-4126","post","type-post","status-publish","format-standard","has-post-thumbnail","hentry","category-elm","category-transfeminismos","tag-generos","tag-hernan-ojeda","tag-lgtb","tag-saleme","tag-susy-shock"],"_links":{"self":[{"href":"https:\/\/zumbalaturba.com.ar\/index.php?rest_route=\/wp\/v2\/posts\/4126","targetHints":{"allow":["GET"]}}],"collection":[{"href":"https:\/\/zumbalaturba.com.ar\/index.php?rest_route=\/wp\/v2\/posts"}],"about":[{"href":"https:\/\/zumbalaturba.com.ar\/index.php?rest_route=\/wp\/v2\/types\/post"}],"author":[{"embeddable":true,"href":"https:\/\/zumbalaturba.com.ar\/index.php?rest_route=\/wp\/v2\/users\/6"}],"replies":[{"embeddable":true,"href":"https:\/\/zumbalaturba.com.ar\/index.php?rest_route=%2Fwp%2Fv2%2Fcomments&post=4126"}],"version-history":[{"count":0,"href":"https:\/\/zumbalaturba.com.ar\/index.php?rest_route=\/wp\/v2\/posts\/4126\/revisions"}],"wp:featuredmedia":[{"embeddable":true,"href":"https:\/\/zumbalaturba.com.ar\/index.php?rest_route=\/wp\/v2\/media\/4128"}],"wp:attachment":[{"href":"https:\/\/zumbalaturba.com.ar\/index.php?rest_route=%2Fwp%2Fv2%2Fmedia&parent=4126"}],"wp:term":[{"taxonomy":"category","embeddable":true,"href":"https:\/\/zumbalaturba.com.ar\/index.php?rest_route=%2Fwp%2Fv2%2Fcategories&post=4126"},{"taxonomy":"post_tag","embeddable":true,"href":"https:\/\/zumbalaturba.com.ar\/index.php?rest_route=%2Fwp%2Fv2%2Ftags&post=4126"}],"curies":[{"name":"wp","href":"https:\/\/api.w.org\/{rel}","templated":true}]}}