{"id":4192,"date":"2017-08-23T13:30:31","date_gmt":"2017-08-23T13:30:31","guid":{"rendered":"http:\/\/zumbalaturba.com.ar\/?p=4192"},"modified":"2017-08-23T13:30:31","modified_gmt":"2017-08-23T13:30:31","slug":"walter-hermano-de-johana-altamirano-nunca-bajen-los-abrazos-siempre-luchen-por-esas-mujeres","status":"publish","type":"post","link":"https:\/\/zumbalaturba.com.ar\/?p=4192","title":{"rendered":"Walter, hermano de Johana Altamirano: &#8220;nunca bajen los abrazos, siempre luchen por esas mujeres&#8221;"},"content":{"rendered":"<p><img decoding=\"async\" class=\"size-medium wp-image-4181 alignleft\" src=\"https:\/\/zumbalaturba.com.ar\/wp-content\/uploads\/2017\/08\/johana_altamirano_0-300x165.jpg\" alt=\"johana_altamirano_0\" width=\"300\" height=\"165\" srcset=\"https:\/\/zumbalaturba.com.ar\/wp-content\/uploads\/2017\/08\/johana_altamirano_0-300x165.jpg 300w, https:\/\/zumbalaturba.com.ar\/wp-content\/uploads\/2017\/08\/johana_altamirano_0-768x422.jpg 768w, https:\/\/zumbalaturba.com.ar\/wp-content\/uploads\/2017\/08\/johana_altamirano_0.jpg 1020w\" sizes=\"(max-width: 300px) 100vw, 300px\" \/>Desde Zumba la Turba nos comunicamos con<strong> Walter Altamirano, hermano de Johana<\/strong>, luego de conocida la condena a cadena perpetua al femicida Guillermo Rafael Busto. El 12 de septiembre se leer\u00e1n los fundamentos del fallo.<em> <span style=\"font-size: small;\">(Foto: Redacci\u00f3n Alta Gracia)<\/span><\/em><\/p>\n<p><iframe src=\"http:\/\/ar.ivoox.com\/es\/player_ej_20475924_2_1.html?data=k5WhmZqddpWhhpywj5WXaZS1lZiah5yncZOhhpywj5WRaZi3jpWah5yncabi1dfS2M7XuMKfwpDEw9HYqdOfotHhw9LNtsLi0IqfpZDMqdPhwtPcjcnJb6vjycbbw4qWh4zg1srUj4qbh47GwsnW0ZC-uc7WwpDZw5C4udPWwpKSmaiReA..&amp;\" width=\"100%\" height=\"200\" frameborder=\"0\" scrolling=\"no\" allowfullscreen=\"allowfullscreen\"><\/iframe><\/p>\n<p>El juicio se desarroll\u00f3 en la C\u00e1mara V de los Tribunales Penales de la ciudad de C\u00f3rdoba durante la semana del 14 al 18 de agosto y finaliz\u00f3 este martes 22 de agosto con la lectura del fallo que condena a Rafael Busto a prisi\u00f3n perpetua por el femicidio de Johana, cometido el 27 de abril de 2016 en el Parque Garc\u00eda Lorca, de Alta Gracia.<\/p>\n<p>El tribunal, por unanimidad de los jurados populares y de los jueces t\u00e9cnicos, incorpor\u00f3 los agravantes de violencia de g\u00e9nero y alevos\u00eda pedidos por el fiscal Fernando Amoedo y por la querella a cargo de Daniel Villar en los alegatos del viernes.<\/p>\n<p>La audiencia se inici\u00f3 cerca del mediod\u00eda, luego de una demora de varias horas de espera por la ausencia del fiscal y con la presencia de la familia de Johana en la sala e integrantes de la Asamblea Ni Una Menos. Al iniciarse, ni M\u00f3nica, madre de Johana, ni el acusado Rafael Busto hicieron uso de la palabra y se pas\u00f3 a un cuarto intermedio para la deliberaci\u00f3n del jurado popular y t\u00e9cnico que dur\u00f3 alrededor de dos horas. Cabe se\u00f1alar que la abogada defensora de Busto hab\u00eda reconocido la autor\u00eda del hecho, pero buscaba caracterizar el brutal asesinato de Johana como homicidio simple descartando los agravantes de femicidio y alevos\u00eda.<\/p>\n<p>Cerca de las dos dictaron el veredicto, que finalmente trajo algo de tranquilidad a la familia, a lxs amigxs y al c\u00edrculo cercano de Johana. Mientras el juez lo le\u00eda, M\u00f3nica se aferraba con fuerza de la mano de su abogado.<\/p>\n<p>Walter, hermano de Johana, expresaba a Zumba la Turba que la decisi\u00f3n del jurado lxs &#8220;<i>deja tranquilos, fue por lo que luchamos desde el primer momento junto con el Colectivo Ni Una Menos, con las marchas que hicimos, movilizando a la sociedad, que nos apoyaran, que tomen en cuenta esto que estaba sucediendo. Ahora nos deja en paz saber que Johana descansa en paz, es lo que nos hace fuertes para cambiar el chip y continuar con la vida<\/i>&#8220;.<\/p>\n<p>Walter comparte unas palabras dirigidas a otras familias en esa desesperante situaci\u00f3n, &#8220;<i>les dir\u00eda que nunca bajen los abrazos, que siempre luchen por esas mujeres, por la familia, para dejarlas en lo m\u00e1s alto, en boca de todos, que sepan qui\u00e9nes fueron y las buenas personas que fueron. Esa fue una de mis metas, llevar el nombre de Johana, que todos lo escuchen y sepan lo buena que fue. Que por suerte ahora va a poder descansar en paz. Las marchas fueron muy importantes para tomar la decisi\u00f3n del fiscal, creo tambi\u00e9n porque fue un apoyo a su trabajo. Creo que todos juntos, luchando por lo que queremos, siempre se va a lograr el fin<\/i>&#8220;.<\/p>\n<p>Aunque para la familia Altamirano el martes se cerr\u00f3 un cap\u00edtulo, la ausencia de Johana a manos de la violencia machista seguir\u00e1 siendo una herida abierta, como lo es la de cada una de las mujeres que salen del anonimato s\u00f3lo cuando la violencia llega a su expresi\u00f3n m\u00e1s brutal e irreversible. Por cada una de ellas, desde Zumba la Turba nos sumamos al grito <strong>&#8220;\u00a1Ni Una Menos! Vivas y libres nos queremos&#8221;<\/strong>.<\/p>\n<div class='share-to-whatsapp-wrapper'><div class='share-on-whsp'>Share on: <\/div><div class='clear '><\/div><\/div>","protected":false},"excerpt":{"rendered":"<p>Desde Zumba la Turba nos comunicamos con Walter Altamirano, hermano de Johana, luego de conocida la condena a cadena perpetua al femicida Guillermo Rafael Busto. El 12 de septiembre se leer\u00e1n los fundamentos del fallo. (Foto: Redacci\u00f3n Alta Gracia) El juicio se desarroll\u00f3 en la C\u00e1mara V de los Tribunales Penales de la ciudad de [&hellip;]<\/p>\n","protected":false},"author":6,"featured_media":4193,"comment_status":"open","ping_status":"open","sticky":false,"template":"","format":"standard","meta":{"footnotes":""},"categories":[5],"tags":[25,399,774,567,691],"class_list":["post-4192","post","type-post","status-publish","format-standard","has-post-thumbnail","hentry","category-transfeminismos","tag-niunamenos","tag-femicidio","tag-johana-altamirano","tag-violencia-de-genero","tag-violencia-machista"],"_links":{"self":[{"href":"https:\/\/zumbalaturba.com.ar\/index.php?rest_route=\/wp\/v2\/posts\/4192","targetHints":{"allow":["GET"]}}],"collection":[{"href":"https:\/\/zumbalaturba.com.ar\/index.php?rest_route=\/wp\/v2\/posts"}],"about":[{"href":"https:\/\/zumbalaturba.com.ar\/index.php?rest_route=\/wp\/v2\/types\/post"}],"author":[{"embeddable":true,"href":"https:\/\/zumbalaturba.com.ar\/index.php?rest_route=\/wp\/v2\/users\/6"}],"replies":[{"embeddable":true,"href":"https:\/\/zumbalaturba.com.ar\/index.php?rest_route=%2Fwp%2Fv2%2Fcomments&post=4192"}],"version-history":[{"count":0,"href":"https:\/\/zumbalaturba.com.ar\/index.php?rest_route=\/wp\/v2\/posts\/4192\/revisions"}],"wp:featuredmedia":[{"embeddable":true,"href":"https:\/\/zumbalaturba.com.ar\/index.php?rest_route=\/wp\/v2\/media\/4193"}],"wp:attachment":[{"href":"https:\/\/zumbalaturba.com.ar\/index.php?rest_route=%2Fwp%2Fv2%2Fmedia&parent=4192"}],"wp:term":[{"taxonomy":"category","embeddable":true,"href":"https:\/\/zumbalaturba.com.ar\/index.php?rest_route=%2Fwp%2Fv2%2Fcategories&post=4192"},{"taxonomy":"post_tag","embeddable":true,"href":"https:\/\/zumbalaturba.com.ar\/index.php?rest_route=%2Fwp%2Fv2%2Ftags&post=4192"}],"curies":[{"name":"wp","href":"https:\/\/api.w.org\/{rel}","templated":true}]}}