{"id":4216,"date":"2017-08-26T21:39:17","date_gmt":"2017-08-27T00:39:17","guid":{"rendered":"http:\/\/zumbalaturba.com.ar\/?p=4216"},"modified":"2023-07-22T18:00:41","modified_gmt":"2023-07-22T21:00:41","slug":"la-chispa-en-el-14-encuentro-rnma-como-hablamos-cuando-hablamos-de-salud-mental","status":"publish","type":"post","link":"https:\/\/zumbalaturba.com.ar\/?p=4216","title":{"rendered":"La chispa en el 14\u00b0 Encuentro RNMA: &#8220;\u00bfC\u00f3mo hablamos cuando hablamos de Salud Mental?&#8221;"},"content":{"rendered":"<p align=\"justify\"><b><img fetchpriority=\"high\" decoding=\"async\" class=\"size-medium wp-image-4218 alignleft\" src=\"https:\/\/zumbalaturba.com.ar\/wp-content\/uploads\/2017\/08\/la-chispa-4-300x169.jpg\" alt=\"la chispa (4)\" width=\"300\" height=\"169\" srcset=\"https:\/\/zumbalaturba.com.ar\/wp-content\/uploads\/2017\/08\/la-chispa-4-300x169.jpg 300w, https:\/\/zumbalaturba.com.ar\/wp-content\/uploads\/2017\/08\/la-chispa-4-768x433.jpg 768w, https:\/\/zumbalaturba.com.ar\/wp-content\/uploads\/2017\/08\/la-chispa-4-1024x577.jpg 1024w, https:\/\/zumbalaturba.com.ar\/wp-content\/uploads\/2017\/08\/la-chispa-4.jpg 1280w\" sizes=\"(max-width: 300px) 100vw, 300px\" \/>Por la ma\u00f1ana del domingo 20 de agosto, en la segunda jornada del Encuentro de la Red Nacional de Medios Alternativos, tras mate y caf\u00e9 que nos ayudaron a despertar, empezaron los talleres.<\/b><\/p>\n<p><strong>Comunicaci\u00f3n y Salud mental<\/strong> es el primero que escuchamos que &#8220;empieza en el primer piso&#8221;. Es el taller del <strong>colectivo radial alternativo y desmanicomializante La Chispa,<\/strong> que realiza un programa en la <strong>radio cordobesa Zumba la Turba<\/strong>.<\/p>\n<p>Roberto \u201cPiojo\u201d Mart\u00edn, uno de sus hacedores, rompe el hielo y manifiesta que La Chispa es el lugar donde \u201cuno expresa lo que siente&#8221;, a lo que Bridget, la coordinadora terap\u00e9utica complementa afirmando que decir la propia palabra &#8220;es apostar a construir la autonom\u00eda&#8221;.<\/p>\n<p>Cande, que junto a Franco son quienes aportan las herramientas t\u00e9cnicas, escenifican que llegar al Neuro de C\u00f3rdoba es pararse frente a &#8220;un monstruo carcelario en el que se nos hace cuesta arriba esto de pasar, compartir las herramientas para que cuenten y se expresen&#8221;. Lo describen como un aparato etiquetador que cala hondo en las subjetividades, por eso \u201cla comunicaci\u00f3n como herramienta desmanicomializante nos permite reapropiarnos de la categor\u00eda locura: reivindicarnos locxs, y mostrarnos\u201d.<\/p>\n<p>El taller radial de La Chispa funciona desde hace 8 a\u00f1os. En su origen, funcionaba en radio Eterog\u00e9nia y era retransmitido en Zumba la Turba. Luego, comparte Bridget, &#8220;elegimos la zumba porque buscamos trabajar horizontalmente desde el taller y quer\u00edamos una organizaci\u00f3n que trabaje as\u00ed&#8221;. Franco agrega que en los medios hegem\u00f3nicos la tarea del comunicador es el centro, y ac\u00e1 se busca un protagonismo colectivo.<\/p>\n<p>Carlos Daniel Estrella recuerda que participa desde los inicios y cuenta que cuando arranc\u00f3 estaba internado y le cost\u00f3 mucho engancharse y continuar. Adem\u00e1s, comparte, &#8220;la secci\u00f3n m\u00eda comenz\u00f3 con una secci\u00f3n de chistes de humor cordob\u00e9s&#8221;.<\/p>\n<p>Oscar comenta que adem\u00e1s de locutor es escritor, que ha publicado tres libros y que La Chispa para \u00e9l es &#8220;crear y compartir ideas&#8221;. Adem\u00e1s participa activamente de la secci\u00f3n literaria del programa, aportando su espacio que dio en llamar \u201cF\u00e1bulas Reales\u201d.<br \/>\nPiojo toma la palabra y se presenta como el locutor de La Chispa y hacedor del segmento \u201cRock y locura\u201d, espacio destinado al cl\u00e1sico rock nacional argentino y manifiesta su fuerte pasi\u00f3n por Charly Garc\u00eda y Sandro. Comparte que \u201cantes de este espacio me iba a tomar un caf\u00e9 s\u00f3lo. Ahora somos un grupo de amigos. Uno tiene para tomar un mont\u00f3n de caf\u00e9s&#8221;.<\/p>\n<p>Carlos Daniel explica que fueron de a poco aprendiendo a hacer la producci\u00f3n del programa. Para eso se juntan durante dos horas de taller para el armando de los bloques del programa y despu\u00e9s de 20 a 21 horas salen en vivo. En ese momento, apunta atento Oscar Levit, el principio b\u00e1sico de la comunicaci\u00f3n: \u201cla escucha del otrx\u201d y &#8220;Aprendimos a no pisarse uno a otro, esto es animarse a comunicarse con el exterior&#8221;.<\/p>\n<p>Ram\u00f3n Bosseti (otro integrante del colectivo) cuenta que La Chispa es parte de su rutina y que ahora siente &#8220;servir algo para la radio, y meterme cada vez m\u00e1s profundamente en la comunicaci\u00f3n alternativa&#8221;.<\/p>\n<p align=\"justify\">As\u00ed sigui\u00f3 el di\u00e1logo tras las miradas atentas de todos lxs que escuchaban. En eso, se comparti\u00f3 un fragmento de un audio del programa que muestra las voces y la est\u00e9tica sonora al aire. Se continu\u00f3 hablando de la locura, de la reivindicaci\u00f3n que se hace del t\u00e9rmino desde el colectivo, del diagn\u00f3stico psiqui\u00e1trico como una etiqueta, que una vez asignada vuelve a las personas portadoras de una carga social, casi inapelable.<\/p>\n<p align=\"justify\">As\u00ed entre reflexiones que desencadenaban emociones se habl\u00f3 de las otras palabras que se eligen para ser nombradxs: artistas, escritores, periodistas y la que m\u00e1s lxs caracteriza, la de comunicadorxs.<\/p>\n<p align=\"justify\">Mientras aparec\u00edan fotos proyectadas en la pared blanca relatando todo ese recorrido andado durante 8 a\u00f1os, se dispuso el trabajo en peque\u00f1os grupos. Cada uno de los integrantes dijo un n\u00famero del 1 al 4 y eso permiti\u00f3 la organizaci\u00f3n. Se formaron los cuatro grupos y se repartieron dos carteles por grupo. Uno alusivo a t\u00e9rminos que hacen o se escuchan en el campo de la salud mental y en la vida cotidiana, otro igual para todxs con la palabra comunicadorx. As\u00ed se les pidi\u00f3 que reflexionen sobre estos t\u00e9rminos tratando de ahondar en los sentidos que aparecen asociados a ellos. Luego cada grupo discuti\u00f3 internamente y se dio paso al debate colectivo.<\/p>\n<p align=\"justify\"><img decoding=\"async\" class=\"size-medium wp-image-4219 alignright\" src=\"https:\/\/zumbalaturba.com.ar\/wp-content\/uploads\/2017\/08\/la-chispa-6-300x169.jpg\" alt=\"la chispa (6)\" width=\"300\" height=\"169\" srcset=\"https:\/\/zumbalaturba.com.ar\/wp-content\/uploads\/2017\/08\/la-chispa-6-300x169.jpg 300w, https:\/\/zumbalaturba.com.ar\/wp-content\/uploads\/2017\/08\/la-chispa-6-768x433.jpg 768w, https:\/\/zumbalaturba.com.ar\/wp-content\/uploads\/2017\/08\/la-chispa-6-1024x577.jpg 1024w, https:\/\/zumbalaturba.com.ar\/wp-content\/uploads\/2017\/08\/la-chispa-6.jpg 1280w\" sizes=\"(max-width: 300px) 100vw, 300px\" \/>Al momento de la plenaria cada grupo dio su parecer sobre las palabras que analizaron como: diagn\u00f3stico, locura, loca, esquizofrenia. All\u00ed aparecieron varios sentidos, la locura como una pasi\u00f3n, a lo que Piojo agrego \u201ces la locura por hacer talleres\u201d. En relaci\u00f3n a la palabra diagn\u00f3stico el grupo orient\u00f3 el sentido a aquellos realizados territorialmente para comprender las problem\u00e1ticas y\/o necesidades de alg\u00fan sector, a lo que se advirti\u00f3 que estos muchas veces orientan las acciones en pos de lo que el otro -que viene de afuera- cree relevante, en vez de trabajar con la demanda que pide su intervenci\u00f3n.<\/p>\n<p align=\"justify\">El debate fue rico y emocionante, se intent\u00f3 aportar preliminarmente a la interrogaci\u00f3n de sentidos bien arraigados y difundidos en los discursos cotidianos, enfatizando la importancia de reflexionar sobre c\u00f3mo estos temas son tratados en los medios de comunicaci\u00f3n hegem\u00f3nicos as\u00ed como tambi\u00e9n revisando las propias pr\u00e1cticas en los medios alternativos. Al finalizar y agradeciendo a cadx unx su presencia, se resalt\u00f3 la idea de instalar estos interrogantes a la hora de producir material sobre estos temas procurando consultar a las fuentes directas (personas que presentan una problem\u00e1tica en salud mental, profesionales y trabajadores de la salud), a la vez que reflexionando sobre los t\u00e9rminos y conceptos que entran en juego en el discurso period\u00edstico, siendo as\u00ed abordados de una manera m\u00e1s humana y sobre todo desmanicomializante.<\/p>\n<p style=\"text-align: left;\" align=\"justify\">Podes escuchar La Chispa <a href=\"https:\/\/ar.ivoox.com\/es\/podcast-podcast-la-chispa-programa-radio_sq_f1196714_1.html\">aqu\u00ed<\/a> o los mi\u00e9rcoles a las 19hs por www.zumbalaturba.com.ar<\/p>\n<p style=\"text-align: left;\" align=\"justify\"><iframe src=\"https:\/\/www.youtube.com\/embed\/Zs6QWFuFJYg\" width=\"560\" height=\"315\" frameborder=\"0\" allowfullscreen=\"allowfullscreen\"><\/iframe><\/p>\n<p>&nbsp;<\/p>\n<p>&nbsp;<\/p>\n<div class='share-to-whatsapp-wrapper'><div class='share-on-whsp'>Share on: <\/div><div class='clear '><\/div><\/div>","protected":false},"excerpt":{"rendered":"<p>Por la ma\u00f1ana del domingo 20 de agosto, en la segunda jornada del Encuentro de la Red Nacional de Medios Alternativos, tras mate y caf\u00e9 que nos ayudaron a despertar, empezaron los talleres. Comunicaci\u00f3n y Salud mental es el primero que escuchamos que &#8220;empieza en el primer piso&#8221;. Es el taller del colectivo radial alternativo [&hellip;]<\/p>\n","protected":false},"author":6,"featured_media":4217,"comment_status":"open","ping_status":"open","sticky":false,"template":"","format":"standard","meta":{"footnotes":""},"categories":[263,3,1237],"tags":[780,113,779,781],"class_list":["post-4216","post","type-post","status-publish","format-standard","has-post-thumbnail","hentry","category-la-chispa","category-rnma","category-salud-mental","tag-desmanicomializacion","tag-la-chispa","tag-locura","tag-neuro"],"_links":{"self":[{"href":"https:\/\/zumbalaturba.com.ar\/index.php?rest_route=\/wp\/v2\/posts\/4216","targetHints":{"allow":["GET"]}}],"collection":[{"href":"https:\/\/zumbalaturba.com.ar\/index.php?rest_route=\/wp\/v2\/posts"}],"about":[{"href":"https:\/\/zumbalaturba.com.ar\/index.php?rest_route=\/wp\/v2\/types\/post"}],"author":[{"embeddable":true,"href":"https:\/\/zumbalaturba.com.ar\/index.php?rest_route=\/wp\/v2\/users\/6"}],"replies":[{"embeddable":true,"href":"https:\/\/zumbalaturba.com.ar\/index.php?rest_route=%2Fwp%2Fv2%2Fcomments&post=4216"}],"version-history":[{"count":0,"href":"https:\/\/zumbalaturba.com.ar\/index.php?rest_route=\/wp\/v2\/posts\/4216\/revisions"}],"wp:featuredmedia":[{"embeddable":true,"href":"https:\/\/zumbalaturba.com.ar\/index.php?rest_route=\/wp\/v2\/media\/4217"}],"wp:attachment":[{"href":"https:\/\/zumbalaturba.com.ar\/index.php?rest_route=%2Fwp%2Fv2%2Fmedia&parent=4216"}],"wp:term":[{"taxonomy":"category","embeddable":true,"href":"https:\/\/zumbalaturba.com.ar\/index.php?rest_route=%2Fwp%2Fv2%2Fcategories&post=4216"},{"taxonomy":"post_tag","embeddable":true,"href":"https:\/\/zumbalaturba.com.ar\/index.php?rest_route=%2Fwp%2Fv2%2Ftags&post=4216"}],"curies":[{"name":"wp","href":"https:\/\/api.w.org\/{rel}","templated":true}]}}