{"id":4223,"date":"2017-08-27T13:52:33","date_gmt":"2017-08-27T13:52:33","guid":{"rendered":"http:\/\/zumbalaturba.com.ar\/?p=4223"},"modified":"2017-08-27T13:52:33","modified_gmt":"2017-08-27T13:52:33","slug":"fotografias-de-momentos-musicales-john-abercrombie-frido-ter-beek-y-cayote-en-vivo-en-la-nota-azul","status":"publish","type":"post","link":"https:\/\/zumbalaturba.com.ar\/?p=4223","title":{"rendered":"Fotograf\u00edas de momentos musicales: John Abercrombie, Frido ter Beek y Cayote en vivo en La Nota Azul"},"content":{"rendered":"<p style=\"padding-left: 150px;\"><span style=\"font-size: 14pt;\"><em>En este programa n\u00famero 110 de <\/em><a href=\"http:\/\/lanotaazul.com.ar\/\" target=\"_blank\"><strong>La Nota Azul<\/strong><\/a><em>, correspondiente al s\u00e1bado 26 de agosto de 2017, arrancamos con <\/em><strong>John Abercrombie<\/strong><em>, dialogamos con <\/em><strong>Frido ter Beek<\/strong><em> y tuvimos a <\/em><strong>Cayote<\/strong><em>, d\u00fao de guitarras que forman <\/em><strong>Ives Romero<\/strong><em> y <\/em><strong>Federico Ragessi<\/strong><em>, tocando en vivo en el estudio de radio <\/em><a href=\"https:\/\/zumbalaturba.com.ar\/\" target=\"_blank\" rel=\"noopener noreferrer\"><strong>Zumba La Turba<\/strong><\/a><em>. En la <\/em>FM 99.5<em> de C\u00f3rdoba, Argentina. Enormes momentos musicales, concentrados en dos horas de radio.<\/em><\/span><\/p>\n<p><iframe src=\"http:\/\/ar.ivoox.com\/es\/player_ej_20540844_2_1.html?data=k5WilpWceJWhhpywj5WUaZS1kZWah5yncZGhhpywj5WRaZi3jpWah5ynca3VjLPc1saPhdvpzZC7h6iWaaOkjJaekpCRb5Oqhpezkp2JdqemkZakj4qbh47AwpDb0dnFb8Lu1tGYpYqnd4a2lNfR0cfFcYarpJKh&amp;\" width=\"100%\" height=\"200\" frameborder=\"0\" scrolling=\"no\" allowfullscreen=\"allowfullscreen\"><\/iframe><\/p>\n<p><span style=\"font-size: 14pt;\">Abrimos el programa con la m\u00fasica de <strong>John Abercrombie<\/strong>, un renombre de la guitarra del jazz, fallecido el pasado 22 de agosto. Escuchamos dos discos del <strong>John Abercrombie Quartet<\/strong> del sello ECM. Primero, el \u00e1lbum <strong><em>Within A Song<\/em><\/strong> del a\u00f1o 2012, con <strong>Joe Lovano<\/strong> en el saxo tenor, <strong>Drew Gress<\/strong> en el contrabajo y <strong>Joey Baron<\/strong> en la bater\u00eda. <strong><em>Within A Song<\/em><\/strong> es una celebraci\u00f3n musical de los mejores m\u00fasicos del jazz, un homenaje a influencias tempranas como Miles Davis, John Coltrane, Ornette Coleman, Jim Hall, Sonny Rollins, y Bill Evans, a trav\u00e9s del mism\u00edsimo Sergio Mihanovich y su tema <em>Sometime Ago<\/em>. Escuchamos para iniciar el programa <em>Where Are You?<\/em>, un cl\u00e1sico del jazz, con el que tambi\u00e9n comienza este disco. Luego suena un disco de este a\u00f1o 2017, titulado <strong><em>Up and Coming<\/em><\/strong>, con la misma base r\u00edtmica, pero con el piano de <strong>Marc Copland<\/strong> en reemplazo del saxo. Un primer bloque para tratar de mitigar de alguna manera la tristeza por la muerte de <strong>John Abercrombie<\/strong>.<\/span><\/p>\n<div id='gallery-1' class='gallery galleryid-4223 gallery-columns-2 gallery-size-medium'><figure class='gallery-item'>\n\t\t\t<div class='gallery-icon landscape'>\n\t\t\t\t<img fetchpriority=\"high\" decoding=\"async\" width=\"300\" height=\"266\" src=\"https:\/\/zumbalaturba.com.ar\/wp-content\/uploads\/2017\/08\/within-a-song-300x266.jpg\" class=\"attachment-medium size-medium\" alt=\"\" srcset=\"https:\/\/zumbalaturba.com.ar\/wp-content\/uploads\/2017\/08\/within-a-song-300x266.jpg 300w, https:\/\/zumbalaturba.com.ar\/wp-content\/uploads\/2017\/08\/within-a-song-768x681.jpg 768w, https:\/\/zumbalaturba.com.ar\/wp-content\/uploads\/2017\/08\/within-a-song-1024x909.jpg 1024w, https:\/\/zumbalaturba.com.ar\/wp-content\/uploads\/2017\/08\/within-a-song.jpg 1677w\" sizes=\"(max-width: 300px) 100vw, 300px\" \/>\n\t\t\t<\/div><\/figure><figure class='gallery-item'>\n\t\t\t<div class='gallery-icon landscape'>\n\t\t\t\t<img decoding=\"async\" width=\"300\" height=\"300\" src=\"https:\/\/zumbalaturba.com.ar\/wp-content\/uploads\/2017\/08\/Up-and-Coming-5-300x300.jpg\" class=\"attachment-medium size-medium\" alt=\"\" srcset=\"https:\/\/zumbalaturba.com.ar\/wp-content\/uploads\/2017\/08\/Up-and-Coming-5-300x300.jpg 300w, https:\/\/zumbalaturba.com.ar\/wp-content\/uploads\/2017\/08\/Up-and-Coming-5-768x768.jpg 768w, https:\/\/zumbalaturba.com.ar\/wp-content\/uploads\/2017\/08\/Up-and-Coming-5.jpg 888w\" sizes=\"(max-width: 300px) 100vw, 300px\" \/>\n\t\t\t<\/div><\/figure>\n\t\t<\/div>\n\n<p><span style=\"font-size: 14pt;\">Luego presentamos el disco <strong><em>Entonces qu\u00e9?<\/em><\/strong>\u00a0del Cuarteto de <strong>Frido ter Beek<\/strong>, m\u00fasico<img decoding=\"async\" class=\"alignright size-medium wp-image-1066\" src=\"http:\/\/lanotaazul.com.ar\/wp-content\/uploads\/2017\/08\/image-300x270.png\" alt=\"\" width=\"300\" height=\"270\" \/> holand\u00e9s radicado hace dos a\u00f1os en Buenos Aires, que acaba de lanzar \u00e9ste, su primer disco argentino, editado por el Club Del Disco y seleccionado disco del mes en agosto. El cuarteto re\u00fane a <strong>Frido ter Beek<\/strong> en saxos alto y soprano, <strong>Ramiro Penovi<\/strong> en guitarra el\u00e9ctrica, <strong>Diego Wainer<\/strong> en bajo el\u00e9ctrico y contrabajo y <strong>Claudio Risso<\/strong> en bater\u00eda.<\/span><\/p>\n<p><span style=\"font-size: 14pt;\">Charlamos con <strong>Frido ter Beek<\/strong> acerca de la idea del disco, las relaciones entre la escena de jazz de Argentina y la de Holanda y sobre sus diversos proyectos musicales y art\u00edsticos. Una hermosa charla con un m\u00fasico inquieto, curioso y creativo, para presentar un disco s\u00f3lido y perdurable.<\/span><\/p>\n<p><span style=\"font-size: 14pt;\">Recibimos la visita de <strong>Cayote<\/strong>, d\u00fao de guitarras formado por <strong>Ives Romero<\/strong> y <strong>Federico Ragessi<\/strong>. Dedicado a la improvisaci\u00f3n y a la b\u00fasqueda t\u00edmbrica y de sonoridades diversas con dos guitarras el\u00e9ctricas, <strong>Cayote<\/strong> viene produciendo m\u00fasica desde 2014. Acaban de terminar el proceso de grabaci\u00f3n del material que ser\u00e1 parte de un disco que incluye como invitados a al <strong>ABC Tr\u00edo<\/strong> de <strong>Gustavo Alcar\u00e1z<\/strong>, <strong>Gonzalo Biffarella<\/strong> y <strong>Julio Catalano<\/strong>, a <strong>Osvaldo Brizuela<\/strong>, <strong>Mat\u00edas Romero<\/strong>, <strong>Basilio del Boca<\/strong>, <strong>M\u00e1ximo Endrek<\/strong>, <strong>Franco Pellini<\/strong> y <strong>Nicol\u00e1s Mazza<\/strong>, nada menos.<em> <strong>Cayote<\/strong> <strong>y otros dulces<\/strong><\/em>: m\u00fasica grabada durante varios sucesivos domingos en el estudio InB de Mendiolaza, el registro de una serie de enormes momentos musicales que los oyentes podr\u00e1n escuchar en un disco pr\u00f3ximo a lanzarse.<\/span><\/p>\n<p><img loading=\"lazy\" decoding=\"async\" class=\"aligncenter wp-image-1069\" src=\"http:\/\/lanotaazul.com.ar\/wp-content\/uploads\/2017\/08\/WhatsApp-Image-2017-08-26-at-8.00.27-PM-1024x614.jpeg\" alt=\"\" width=\"532\" height=\"319\" \/><\/p>\n<p>&nbsp;<\/p>\n<p><span style=\"font-size: 14pt;\"><strong>Ives Romero<\/strong> y <strong>Federico Ragessi<\/strong> tocan en vivo en el estudio de <strong>Zumba La Turba<\/strong> para <a href=\"https:\/\/www.facebook.com\/lanotaazulradio\/\" target=\"_blank\" rel=\"noopener noreferrer\"><strong>La Nota Azul<\/strong><\/a>.<\/span><\/p>\n<p><span style=\"font-size: 14pt;\">Cerramos con una peque\u00f1a muestra m\u00e1s del excelente disco <em><strong>\u00d3smosis<\/strong><\/em> de <strong>Mart\u00edn Dellavedova<\/strong> con su cuarteto.<\/span><\/p>\n<p><span style=\"font-size: 14pt;\">No te pierdas estas dos intensas horas de jazz, m\u00fasica y radio.<\/span><\/p>\n<p><img loading=\"lazy\" decoding=\"async\" class=\"wp-image-4227  aligncenter\" src=\"https:\/\/zumbalaturba.com.ar\/wp-content\/uploads\/2017\/08\/Foto-1024x577.jpg\" alt=\"Foto\" width=\"588\" height=\"332\" srcset=\"https:\/\/zumbalaturba.com.ar\/wp-content\/uploads\/2017\/08\/Foto-1024x577.jpg 1024w, https:\/\/zumbalaturba.com.ar\/wp-content\/uploads\/2017\/08\/Foto-300x169.jpg 300w, https:\/\/zumbalaturba.com.ar\/wp-content\/uploads\/2017\/08\/Foto-768x433.jpg 768w, https:\/\/zumbalaturba.com.ar\/wp-content\/uploads\/2017\/08\/Foto.jpg 1632w\" sizes=\"(max-width: 588px) 100vw, 588px\" \/><\/p>\n<p>&nbsp;<\/p>\n<p style=\"text-align: center;\"><span style=\"font-size: 14pt;\"><a href=\"http:\/\/lanotaazul.com.ar\/programas\/fotografias-de-momentos-musicales-john-abercrombie-frido-ter-beek-y-cayote-en-vivo-en-la-nota-azul\/\" target=\"_blank\" rel=\"noopener noreferrer\"><strong><em>ESCUCHALO TAMBI\u00c9N POR AC\u00c1<\/em><\/strong><\/a><\/span><\/p>\n<div class='share-to-whatsapp-wrapper'><div class='share-on-whsp'>Share on: <\/div><div class='clear '><\/div><\/div>","protected":false},"excerpt":{"rendered":"<p>En este programa n\u00famero 110 de La Nota Azul, correspondiente al s\u00e1bado 26 de agosto de 2017, arrancamos con John Abercrombie, dialogamos con Frido ter Beek y tuvimos a Cayote, d\u00fao de guitarras que forman Ives Romero y Federico Ragessi, tocando en vivo en el estudio de radio Zumba La Turba. En la FM 99.5 [&hellip;]<\/p>\n","protected":false},"author":14,"featured_media":4224,"comment_status":"open","ping_status":"open","sticky":false,"template":"","format":"standard","meta":{"footnotes":""},"categories":[261],"tags":[81,52,293,305,296,166],"class_list":["post-4223","post","type-post","status-publish","format-standard","has-post-thumbnail","hentry","category-la-nota-azul","tag-agenda-cultural","tag-cultura","tag-jazz","tag-jazz-federal-club","tag-la-nota-azul","tag-musica"],"_links":{"self":[{"href":"https:\/\/zumbalaturba.com.ar\/index.php?rest_route=\/wp\/v2\/posts\/4223","targetHints":{"allow":["GET"]}}],"collection":[{"href":"https:\/\/zumbalaturba.com.ar\/index.php?rest_route=\/wp\/v2\/posts"}],"about":[{"href":"https:\/\/zumbalaturba.com.ar\/index.php?rest_route=\/wp\/v2\/types\/post"}],"author":[{"embeddable":true,"href":"https:\/\/zumbalaturba.com.ar\/index.php?rest_route=\/wp\/v2\/users\/14"}],"replies":[{"embeddable":true,"href":"https:\/\/zumbalaturba.com.ar\/index.php?rest_route=%2Fwp%2Fv2%2Fcomments&post=4223"}],"version-history":[{"count":0,"href":"https:\/\/zumbalaturba.com.ar\/index.php?rest_route=\/wp\/v2\/posts\/4223\/revisions"}],"wp:featuredmedia":[{"embeddable":true,"href":"https:\/\/zumbalaturba.com.ar\/index.php?rest_route=\/wp\/v2\/media\/4224"}],"wp:attachment":[{"href":"https:\/\/zumbalaturba.com.ar\/index.php?rest_route=%2Fwp%2Fv2%2Fmedia&parent=4223"}],"wp:term":[{"taxonomy":"category","embeddable":true,"href":"https:\/\/zumbalaturba.com.ar\/index.php?rest_route=%2Fwp%2Fv2%2Fcategories&post=4223"},{"taxonomy":"post_tag","embeddable":true,"href":"https:\/\/zumbalaturba.com.ar\/index.php?rest_route=%2Fwp%2Fv2%2Ftags&post=4223"}],"curies":[{"name":"wp","href":"https:\/\/api.w.org\/{rel}","templated":true}]}}