{"id":4273,"date":"2017-09-01T04:48:13","date_gmt":"2017-09-01T04:48:13","guid":{"rendered":"http:\/\/zumbalaturba.com.ar\/?p=4273"},"modified":"2017-09-01T04:48:13","modified_gmt":"2017-09-01T04:48:13","slug":"un-hito-historico-en-chile-aprobacion-del-aborto-por-causales","status":"publish","type":"post","link":"https:\/\/zumbalaturba.com.ar\/?p=4273","title":{"rendered":"Un hito hist\u00f3rico en Chile: aprobaci\u00f3n del aborto por causales"},"content":{"rendered":"<p align=\"justify\"><i><img fetchpriority=\"high\" decoding=\"async\" class=\"size-medium wp-image-4274 alignleft\" src=\"https:\/\/zumbalaturba.com.ar\/wp-content\/uploads\/2017\/09\/Aborto-en-Chile-1024x682-300x200.jpg\" alt=\"Aborto-en-Chile-1024x682\" width=\"300\" height=\"200\" srcset=\"https:\/\/zumbalaturba.com.ar\/wp-content\/uploads\/2017\/09\/Aborto-en-Chile-1024x682-300x200.jpg 300w, https:\/\/zumbalaturba.com.ar\/wp-content\/uploads\/2017\/09\/Aborto-en-Chile-1024x682-768x512.jpg 768w, https:\/\/zumbalaturba.com.ar\/wp-content\/uploads\/2017\/09\/Aborto-en-Chile-1024x682.jpg 1024w\" sizes=\"(max-width: 300px) 100vw, 300px\" \/>El pa\u00eds trasandino era uno de los pocos que quedaba con la prohibici\u00f3n absoluta del derecho a la interrupci\u00f3n del embarazo. <\/i>En comunicaci\u00f3n con <strong>Tamara Vidaurr\u00e1zaga del Instituto de la Mujer de Chile<\/strong>, cuenta en <strong>Enredando las Ma\u00f1anas <\/strong>c\u00f3mo fue el proceso que se llev\u00f3 adelante para la sanci\u00f3n de la ley y las deudas pendientes.<\/p>\n<p align=\"justify\"><iframe src=\"http:\/\/ar.ivoox.com\/es\/player_ej_20632677_2_1.html?data=k5WjlZeae5ihhpywj5aUaZS1k5mah5yncZKhhpywj5WRaZi3jpWah5yncabi1dfS2M7XuMKfwpDBw9LFtsKft87Rw9rWtsLuwszOh5enb6ri1NnW1trTb8XZjNHOjbLZrsbmjJKSmaiRlsLYytSYvNrRpsKfzcaYttrWpsKhhpywj5U.&amp;\" width=\"100%\" height=\"200\" frameborder=\"0\" scrolling=\"no\" allowfullscreen=\"allowfullscreen\"><\/iframe><\/p>\n<p align=\"justify\">&#8220;Esta fue un principio de ley que fue parte del compromiso de la campa\u00f1a del Gobierno actual de la presidenta Michelle Bachelet, es una ley que por supuesto es resultado del trabajo y del movimiento de la mujeres y feministas de este pa\u00eds que est\u00e1n luchando por el derecho al aborto desde los a\u00f1os 30. Fue muy controversial porque no solo la derecha mas conservadora sino tambi\u00e9n, incluso, algunos integrantes del Partido Dem\u00f3crata Cristiano que es parte de la coalici\u00f3n oficialista, que lidera Michelle Bachelet, tambi\u00e9n se plantearon en contra de este proyecto. Por lo tanto, nunca tuvimos la seguridad a pesar de tener mayor\u00eda en la C\u00e1mara de Diputado y en el senado, de que realmente iba a salir. El proyecto tiene que ver con despenalizar el aborto cuando se realiza por 3 causales muy concretas: peligro de vida de la mujer, inviabilidad extrauterina del feto y violaci\u00f3n. Fue sobre todo esta \u00faltima causal la que causo mucha controversia porque se aludi\u00f3 por ejemplo a que las mujeres \u00edbamos a inventar que todas hab\u00edamos sido violadas para irnos a abortar. Sobre la causal de inviabilidad se llegaron a decir cosas atroces como que quer\u00edamos matar a todos los fetos que ven\u00eda con s\u00edndrome de down. En realidad se recurri\u00f3 a muchas falacias argumentativas y fue muy dif\u00edcil &#8220;limpiar&#8221; eso comunicacionalmente como para que tambi\u00e9n la gente entendiera de qu\u00e9 se trataba. A pesar de eso, m\u00e1s del 72\/73% de la poblaci\u00f3n se manifestaba en las encuestas a favor de estas causales por lo tanto es un proyecto aceptado por la sociedad en general no solo por las feministas\u201d.<\/p>\n<p align=\"justify\">\u201cCost\u00f3 que funcionara porque se aprob\u00f3 en la c\u00e1mara de Diputados, se aprob\u00f3 despu\u00e9s en el Senado pero se volvi\u00f3 a Comisi\u00f3n para analizar un articulado que no estaba totalmente claro, despu\u00e9s sali\u00f3 y se aprob\u00f3 y la derecha lo mando al Tribunal Constitucional porque dijo que era anticonstitucional por el tema del Derecho a la Vida que est\u00e1 en nuestra constituci\u00f3n garantizado. Reci\u00e9n la semana pasada el Tribunal Constitucional se pronunci\u00f3 a favor de la Ley y por lo tanto tenemos ley\u201d.<\/p>\n<p align=\"justify\">A la pregunta sobre c\u00f3mo observa la lucha por el derecho al aborto por decisi\u00f3n de la mujer en este momento en Chile, Tamara responde:<\/p>\n<p align=\"justify\">&#8220;En el caso de nosotras, las feministas, tenemos clarisimo que si bien este es un avance y un avance que en general esper\u00e1bamos y que nos alegra, por su puesto, porque aunque responda a un 3% de mujeres, por un lado es un 3% de mujeres que efectivamente fue relevante. Tener que dar forzadamente a luz a un embri\u00f3n que sabemos que va a morir o exponer la vida porque tengo un embarazo riesgoso o, lo peor, tener que tener el hijo de un violador pensando sobre todo en las ni\u00f1as que son las m\u00e1s abusadas y violadas y que tendr\u00edan incluso que tener un hijo de su propio padre, nos parecen causales atroces, por lo menos nos saca de un m\u00ednimo. Nos lleva un m\u00ednimo de dignidad a esas mujeres en esos casos espec\u00edficos, ya nos saca de ese lugar terrible en el que est\u00e1bamos que era la penalizacion del aborto en todos los casos.<\/p>\n<p align=\"justify\">Por supuesto para nosotras las feministas nos falta mucho m\u00e1s, o sea lo que tenemos que lograr es que la maternidad efectivamente sea una opci\u00f3n, sea una opci\u00f3n deseada por las mujeres y no sea una imposici\u00f3n, que es lo que de todas maneras va a seguir pasando en este pa\u00eds que vamos a seguir teniendo maternidades forzadas. Y nos parece que, por supuesto, eso no tiene nada que ver con la autonom\u00eda del cuerpo y el derecho a decidir cu\u00e1ndo queremos y no queremos ser madres y si es que queremos serlo tambi\u00e9n. Por lo tanto, nosotras seguimos apostando hacia esa lucha y vamos a seguir marchando y vamos a seguir presionando para que avancemos, pero lo interesante de esto es que por primera vez se da un debate a nivel legislativo desde el a\u00f1o 1989 que es cuando perdimos el aborto terap\u00e9utico. Una discusi\u00f3n que nos parece interesante, porque en el fondo el aborto ya dejo de ser una cuesti\u00f3n satanizada y se constat\u00f3 que hay una mayor\u00eda importante de poblaci\u00f3n que est\u00e1 de acuerdo al menos en alguno casos y eso ya significa que podemos ir conversando sobre otros y que se comience a entender que las mujeres no podemos estar obligadas a parir cuando sentimos que no tenemos las condiciones para hacerlo, que es una decisi\u00f3n muy personal y que tiene que ver con la experiencia y con la vida de cada mujer. Por lo tanto, para nosotras eso nos abre puertas y nos permite discutir esto p\u00fablicamente. Sabemos que nos falta mucho m\u00e1s y adonde queremos apuntar por supuesto es a una despenalizacion total del aborto y a una legalizaci\u00f3n, a un momento en el que el Estado se haga cargo en su salud p\u00fablica y garantice el derecho a un aborto que sea seguro, que sea gratuito y que sea desatanizado tambi\u00e9n en t\u00e9rminos culturales\u201d.<\/p>\n<div class='share-to-whatsapp-wrapper'><div class='share-on-whsp'>Share on: <\/div><div class='clear '><\/div><\/div>","protected":false},"excerpt":{"rendered":"<p>El pa\u00eds trasandino era uno de los pocos que quedaba con la prohibici\u00f3n absoluta del derecho a la interrupci\u00f3n del embarazo. En comunicaci\u00f3n con Tamara Vidaurr\u00e1zaga del Instituto de la Mujer de Chile, cuenta en Enredando las Ma\u00f1anas c\u00f3mo fue el proceso que se llev\u00f3 adelante para la sanci\u00f3n de la ley y las deudas [&hellip;]<\/p>\n","protected":false},"author":6,"featured_media":4274,"comment_status":"open","ping_status":"open","sticky":false,"template":"","format":"standard","meta":{"footnotes":""},"categories":[18,42,5],"tags":[6,22,400,394],"class_list":["post-4273","post","type-post","status-publish","format-standard","has-post-thumbnail","hentry","category-elm","category-pueblosoriginarios","category-transfeminismos","tag-aborto","tag-chile","tag-feminismo","tag-genero"],"_links":{"self":[{"href":"https:\/\/zumbalaturba.com.ar\/index.php?rest_route=\/wp\/v2\/posts\/4273","targetHints":{"allow":["GET"]}}],"collection":[{"href":"https:\/\/zumbalaturba.com.ar\/index.php?rest_route=\/wp\/v2\/posts"}],"about":[{"href":"https:\/\/zumbalaturba.com.ar\/index.php?rest_route=\/wp\/v2\/types\/post"}],"author":[{"embeddable":true,"href":"https:\/\/zumbalaturba.com.ar\/index.php?rest_route=\/wp\/v2\/users\/6"}],"replies":[{"embeddable":true,"href":"https:\/\/zumbalaturba.com.ar\/index.php?rest_route=%2Fwp%2Fv2%2Fcomments&post=4273"}],"version-history":[{"count":0,"href":"https:\/\/zumbalaturba.com.ar\/index.php?rest_route=\/wp\/v2\/posts\/4273\/revisions"}],"wp:featuredmedia":[{"embeddable":true,"href":"https:\/\/zumbalaturba.com.ar\/index.php?rest_route=\/wp\/v2\/media\/4274"}],"wp:attachment":[{"href":"https:\/\/zumbalaturba.com.ar\/index.php?rest_route=%2Fwp%2Fv2%2Fmedia&parent=4273"}],"wp:term":[{"taxonomy":"category","embeddable":true,"href":"https:\/\/zumbalaturba.com.ar\/index.php?rest_route=%2Fwp%2Fv2%2Fcategories&post=4273"},{"taxonomy":"post_tag","embeddable":true,"href":"https:\/\/zumbalaturba.com.ar\/index.php?rest_route=%2Fwp%2Fv2%2Ftags&post=4273"}],"curies":[{"name":"wp","href":"https:\/\/api.w.org\/{rel}","templated":true}]}}