{"id":4291,"date":"2017-09-03T16:25:29","date_gmt":"2017-09-03T16:25:29","guid":{"rendered":"http:\/\/zumbalaturba.com.ar\/?p=4291"},"modified":"2017-09-03T16:25:29","modified_gmt":"2017-09-03T16:25:29","slug":"la-musica-libre-libera-free-contra-la-represion","status":"publish","type":"post","link":"https:\/\/zumbalaturba.com.ar\/?p=4291","title":{"rendered":"La m\u00fasica libre libera: free contra la represi\u00f3n"},"content":{"rendered":"<p style=\"padding-left: 150px;\"><span style=\"font-size: 14pt;\"><em>En fuga constante, en continua evasi\u00f3n de toda forma que se le imponga por afuera como un peso coercitivo, como una regimentaci\u00f3n; en estado esencial de rebeld\u00eda y persistente b\u00fasqueda de libertad. As\u00ed parece ser esta m\u00fasica y as\u00ed se mantiene viva. Sin luchar contra la represi\u00f3n, el jazz se volver\u00eda una m\u00fasica anquilosada, aburrida y estatal. Dejar\u00eda de ser jazz y pasar\u00eda, sin m\u00e1s, a ocupar su lugar en los museos<\/em>\u2026 Con <em>Free<\/em> de <strong>Ornette Coleman<\/strong>\u00a0abrimos este programa n\u00famero 111 de <a href=\"https:\/\/www.facebook.com\/lanotaazulradio\/\" target=\"_blank\"><strong>La Nota Azul<\/strong><\/a>, correspondiente al s\u00e1bado 02 de septiembre de 2017. Por radio <strong>Zumba La Turba<\/strong> en la FM 99.5 de C\u00f3rdoba, Argentina.<\/span><\/p>\n<p><iframe src=\"http:\/\/ar.ivoox.com\/es\/player_ej_20663364_2_1.html?data=k5WjmJiXepWhhpywj5WWaZS1kZqSlaaYd46ZmKialJKJe6ShkZKSmaiRdI6ZmKiarsaPktDowpCu3NrQb6-ZpJeSpJWPdZKljJKYkpeJdqekmoqfqJeUdZihhpywj7HFb8_j1caYw9_ZsIy3hqigh6eXtsXjw8aah5yncZU.&amp;\" width=\"100%\" height=\"200\" frameborder=\"0\" scrolling=\"no\" allowfullscreen=\"allowfullscreen\"><\/iframe><\/p>\n<p><span style=\"font-size: 14pt;\">Iniciamos esta emisi\u00f3n del programa con la m\u00fasica de <strong><img fetchpriority=\"high\" decoding=\"async\" class=\"alignright wp-image-1090\" src=\"http:\/\/lanotaazul.com.ar\/wp-content\/uploads\/2017\/09\/Ornette-Coleman-Change-of-the-Century-300x300.jpg\" alt=\"\" width=\"260\" height=\"260\" \/>Ornette Coleman<\/strong>, desde su disco <strong><em>Change Of The Century<\/em><\/strong>, del a\u00f1o 1960, su segundo \u00e1lbum grabado para el sello <em>Atlantic.<\/em> El cuarteto de Ornette, con <strong>Charlie Haden<\/strong> en el contrabajo, <strong>Billy Higgins<\/strong> en la bater\u00eda y <strong>Donald Cherry<\/strong> en la trompeta, nos sirve como un pronunciamiento para sacarnos de encima la represi\u00f3n. Suenan <em>Free,<\/em> <em>Bird Food<\/em>, <em>Forerunner<\/em> y la composici\u00f3n de Coleman que da t\u00edtulo al \u00e1lbum: <em>Change Of The Century<\/em>.<\/span><\/p>\n<p><span style=\"font-size: 14pt;\">Del Fort Worth de <strong>Ornette Coleman<\/strong> vamos hacia el Dallas de <strong>Jimmy Giuffre<\/strong> para escuchar el tr\u00edo formado por <strong>Jimmy Giuffre<\/strong> en saxo soprano y clarinete, <strong>Paul Bley<\/strong> en el piano y <strong>Steve Swallow<\/strong> en el bajo el\u00e9ctrico. Escuchamos el disco <em><strong>The Life Of A Trio: Sunday<\/strong><\/em>, lanzado en 1990 por el sello <em>Owl.<\/em><\/span><\/p>\n<div id='gallery-1' class='gallery galleryid-4291 gallery-columns-2 gallery-size-medium'><figure class='gallery-item'>\n\t\t\t<div class='gallery-icon landscape'>\n\t\t\t\t<img decoding=\"async\" width=\"300\" height=\"235\" src=\"https:\/\/zumbalaturba.com.ar\/wp-content\/uploads\/2017\/09\/Jimmy-Giuffre-tr\u00edo-2-300x235.jpg\" class=\"attachment-medium size-medium\" alt=\"\" srcset=\"https:\/\/zumbalaturba.com.ar\/wp-content\/uploads\/2017\/09\/Jimmy-Giuffre-tr\u00edo-2-300x235.jpg 300w, https:\/\/zumbalaturba.com.ar\/wp-content\/uploads\/2017\/09\/Jimmy-Giuffre-tr\u00edo-2-768x601.jpg 768w, https:\/\/zumbalaturba.com.ar\/wp-content\/uploads\/2017\/09\/Jimmy-Giuffre-tr\u00edo-2.jpg 821w\" sizes=\"(max-width: 300px) 100vw, 300px\" \/>\n\t\t\t<\/div><\/figure><figure class='gallery-item'>\n\t\t\t<div class='gallery-icon landscape'>\n\t\t\t\t<img decoding=\"async\" width=\"300\" height=\"272\" src=\"https:\/\/zumbalaturba.com.ar\/wp-content\/uploads\/2017\/09\/Sunday-300x272.jpg\" class=\"attachment-medium size-medium\" alt=\"\" srcset=\"https:\/\/zumbalaturba.com.ar\/wp-content\/uploads\/2017\/09\/Sunday-300x272.jpg 300w, https:\/\/zumbalaturba.com.ar\/wp-content\/uploads\/2017\/09\/Sunday-768x695.jpg 768w, https:\/\/zumbalaturba.com.ar\/wp-content\/uploads\/2017\/09\/Sunday-1024x927.jpg 1024w, https:\/\/zumbalaturba.com.ar\/wp-content\/uploads\/2017\/09\/Sunday.jpg 1600w\" sizes=\"(max-width: 300px) 100vw, 300px\" \/>\n\t\t\t<\/div><\/figure>\n\t\t<\/div>\n\n<p><span style=\"font-size: 14pt;\">Dedicamos el bloque a <strong>LeBron James<\/strong>, estrella de la NBA que ha sufrido pintadas en su casa y se sum\u00f3 a las cr\u00edticas contra Trump: \u201cEl odio siempre existi\u00f3 en Am\u00e9rica, pero Trump ha vuelto a ponerlo de moda\u201d, declar\u00f3. Un jazz de vanguardia de tres m\u00fasicos blancos (Giuffre, Bley y Swallow) que sirve en este caso como un manifiesto contra el racismo y por el basket, para bancar a LeBron James y pronunciarnos contra la discriminaci\u00f3n y su violencia.<\/span><\/p>\n<p><span style=\"font-size: 14pt;\"><img loading=\"lazy\" decoding=\"async\" class=\"alignleft size-medium wp-image-1088\" src=\"http:\/\/lanotaazul.com.ar\/wp-content\/uploads\/2017\/09\/Edelman-Bay\u00f3n-Del-\u00c1guila-Tr\u00edo-300x300.jpg\" alt=\"\" width=\"300\" height=\"300\" \/>A continuaci\u00f3n presentamos el \u00e1lbum <strong><em>Tr\u00edo,<\/em><\/strong> lanzado el pasado 20 de junio de este a\u00f1o por el tr\u00edo formado por <strong>Nataniel Edelman<\/strong> en el piano, <strong>Juan Bay\u00f3n<\/strong> en el contrabajo y <strong>Nicol\u00e1s del \u00c1guila<\/strong> en la bater\u00eda. Una selecci\u00f3n de standards a trav\u00e9s del filtro del tr\u00edo.<\/span><\/p>\n<p><span style=\"font-size: 14pt;\">Luego es el turno de hacer un somero recorrido por tres momentos musicales de la carrera de <strong>Esperanza Spalding<\/strong>: <em><strong>Junjo<\/strong><\/em> (2006), <strong><em>Esperanza\u00a0<\/em><\/strong>(2008) y <em><strong>Emily&#8217;s D+Evolution<\/strong><\/em>\u00a0(2016).<\/span><\/p>\n<p><span style=\"font-size: 14pt;\">Y cerramos con la recomendaci\u00f3n cinematogr\u00e1fica de <strong><em>Las mil y una noches<\/em><\/strong>, pel\u00edcula en tres partes del director portugu\u00e9s <strong>Miguel Gomes<\/strong>. Y la m\u00fasica: <em>Perfidia,<\/em> de Alberto Dom\u00ednguez, en la versi\u00f3n de la cantante jamaiquina <strong>Phyllis Dillon<\/strong>.<\/span><\/p>\n<p><span style=\"font-size: 14pt;\">Todo eso y mucho m\u00e1s en dos intensas horas de jazz, m\u00fasica y radio.<\/span><\/p>\n<p>&nbsp;<\/p>\n<p style=\"text-align: center;\"><span style=\"font-size: 14pt;\"><em><strong><a href=\"http:\/\/lanotaazul.com.ar\/programas\/la-musica-libre-libera-free-contra-la-represion\/\" target=\"_blank\" rel=\"noopener noreferrer\">ESCUCHALO TAMBI\u00c9N DESDE AC\u00c1<\/a><\/strong><\/em><\/span><\/p>\n<div class='share-to-whatsapp-wrapper'><div class='share-on-whsp'>Share on: <\/div><div class='clear '><\/div><\/div>","protected":false},"excerpt":{"rendered":"<p>En fuga constante, en continua evasi\u00f3n de toda forma que se le imponga por afuera como un peso coercitivo, como una regimentaci\u00f3n; en estado esencial de rebeld\u00eda y persistente b\u00fasqueda de libertad. As\u00ed parece ser esta m\u00fasica y as\u00ed se mantiene viva. Sin luchar contra la represi\u00f3n, el jazz se volver\u00eda una m\u00fasica anquilosada, aburrida [&hellip;]<\/p>\n","protected":false},"author":14,"featured_media":4292,"comment_status":"open","ping_status":"open","sticky":false,"template":"","format":"standard","meta":{"footnotes":""},"categories":[261],"tags":[81,52,293,305,296,166,21],"class_list":["post-4291","post","type-post","status-publish","format-standard","has-post-thumbnail","hentry","category-la-nota-azul","tag-agenda-cultural","tag-cultura","tag-jazz","tag-jazz-federal-club","tag-la-nota-azul","tag-musica","tag-represion"],"_links":{"self":[{"href":"https:\/\/zumbalaturba.com.ar\/index.php?rest_route=\/wp\/v2\/posts\/4291","targetHints":{"allow":["GET"]}}],"collection":[{"href":"https:\/\/zumbalaturba.com.ar\/index.php?rest_route=\/wp\/v2\/posts"}],"about":[{"href":"https:\/\/zumbalaturba.com.ar\/index.php?rest_route=\/wp\/v2\/types\/post"}],"author":[{"embeddable":true,"href":"https:\/\/zumbalaturba.com.ar\/index.php?rest_route=\/wp\/v2\/users\/14"}],"replies":[{"embeddable":true,"href":"https:\/\/zumbalaturba.com.ar\/index.php?rest_route=%2Fwp%2Fv2%2Fcomments&post=4291"}],"version-history":[{"count":0,"href":"https:\/\/zumbalaturba.com.ar\/index.php?rest_route=\/wp\/v2\/posts\/4291\/revisions"}],"wp:featuredmedia":[{"embeddable":true,"href":"https:\/\/zumbalaturba.com.ar\/index.php?rest_route=\/wp\/v2\/media\/4292"}],"wp:attachment":[{"href":"https:\/\/zumbalaturba.com.ar\/index.php?rest_route=%2Fwp%2Fv2%2Fmedia&parent=4291"}],"wp:term":[{"taxonomy":"category","embeddable":true,"href":"https:\/\/zumbalaturba.com.ar\/index.php?rest_route=%2Fwp%2Fv2%2Fcategories&post=4291"},{"taxonomy":"post_tag","embeddable":true,"href":"https:\/\/zumbalaturba.com.ar\/index.php?rest_route=%2Fwp%2Fv2%2Ftags&post=4291"}],"curies":[{"name":"wp","href":"https:\/\/api.w.org\/{rel}","templated":true}]}}