{"id":4421,"date":"2017-09-10T17:52:47","date_gmt":"2017-09-10T17:52:47","guid":{"rendered":"http:\/\/zumbalaturba.com.ar\/?p=4421"},"modified":"2017-09-10T17:53:48","modified_gmt":"2017-09-10T17:53:48","slug":"4421","status":"publish","type":"post","link":"https:\/\/zumbalaturba.com.ar\/?p=4421","title":{"rendered":"Seamus Blake, Chris Cheek y Tramperas Tr\u00edo en vivo en La Nota Azul"},"content":{"rendered":"<p style=\"padding-left: 150px;\"><span style=\"font-size: 14pt;\"><em>Aferrado a la tradici\u00f3n, el jazz puede volar bien lejos. Es la paradoja creativa de esta m\u00fasica. Suelto y desprejuiciado, consciente de lo arbitrario que resulta todo af\u00e1n clasificatorio, puede escapar a todas las tipificaciones y ser siempre singular y diverso. Puede bucear en diferentes estilos, m\u00fasicas, costumbres, diferentes geograf\u00edas e historias, beber de todo lo que suene a su alrededor, y seguir indefinidamente siendo esa m\u00fasica de jazz\u2026\u00a0As\u00ed largamos este\u00a0programa n\u00famero 112 de <\/em><strong>La Nota Azul<\/strong><em>, correspondiente al s\u00e1bado 09 de septiembre de 2017. Por radio <\/em><strong>Zumba La Turba<\/strong><em> en la FM 99.5 de C\u00f3rdoba, Argentina.<\/em><\/span><\/p>\n<p><iframe src=\"http:\/\/ar.ivoox.com\/es\/player_ej_20785262_2_1.html?data=k5WkmpqWepOhhpywj5WVaZS1lpiSlaaYfY6ZmKialJKJe6ShkZKSmaiRdI6ZmKiarsaPktDowpCu3NrQb6-ZpJeSpJWPdZKmjJKYkp6JdqekmoqfqJeUdZihhpywj7HFb8_j1caYw9_ZsIy3hqigh6eXtsXjw8aah5yncZU.&amp;\" width=\"100%\" height=\"200\" frameborder=\"0\" scrolling=\"no\" allowfullscreen=\"allowfullscreen\"><\/iframe><\/p>\n<p><span style=\"font-size: 14pt;\">Comenzamos esta emisi\u00f3n con un duelo de tenores: <strong>Seamus Blake<\/strong> y <strong>Chris Cheek<\/strong>,<img fetchpriority=\"high\" decoding=\"async\" class=\"alignright wp-image-1121 size-medium\" src=\"http:\/\/lanotaazul.com.ar\/wp-content\/uploads\/2017\/09\/Seamus-Blake-Chris-Cheek-300x300.jpg\" alt=\"\" width=\"300\" height=\"300\" \/> desde su \u00e1lbum <strong><em>Let&#8217;s Call The Whole Thing Off<\/em><\/strong>, lanzado el a\u00f1o pasado 2016 por el sello <em>Criss Cross<\/em>. El \u00e1lbum re\u00fane nuevamente a los <strong>Reeds Ramble<\/strong>: <strong>Seamus Blake<\/strong> en saxo tenor, <strong>Chris Cheek<\/strong> tambi\u00e9n en saxo tenor, <strong>Ethan Iverson<\/strong> en piano, <strong>Matt Penman<\/strong> en contrabajo y <strong>Jochen Rueckert<\/strong> en bater\u00eda. Un muy buen disco que embebe la tradici\u00f3n con m\u00faltiples y variadas influencias y define una manera de ser del jazz actual. Adem\u00e1s de un fragmento del tema de Gershwin que da t\u00edtulo al \u00e1lbum, escuchamos <em>Choro Blanco<\/em> de Seamus Blake, <em>La canci\u00f3n que falta<\/em> de Guillermo Klein, y <em>Little Evil<\/em> de Jerry Snook.<\/span><\/p>\n<p><span style=\"font-size: 14pt;\">Recibimos la visita de <strong>Tramperas Tr\u00edo<\/strong>, que est\u00e1n grabando y preparando nuevo disco para noviembre. Ellos son <strong>Nicol\u00e1s Ocampo<\/strong> en saxo alto y clarinete bajo, <strong>Fernando M\u00e9ndez<\/strong> en el bajo y <strong>Mat\u00edas Romero<\/strong> en la bater\u00eda.<\/span><\/p>\n<p><span style=\"font-size: 14pt;\"><strong>Tramperas Tr\u00edo<\/strong> se inicia en 2009 con el inter\u00e9s de desarrollar como grupo una confluencia entre la sonoridad ac\u00fastica, la m\u00fasica contempor\u00e1nea, la improvisaci\u00f3n como herramienta de creaci\u00f3n colectiva y la combinaci\u00f3n con el trabajo compositivo, conjugando la m\u00fasica argentina con el &#8220;nuevo jazz&#8221;. En 2011 editan su primer \u00e1lbum <strong><em>Tramperas<\/em><\/strong> y ahora est\u00e1n preparando un nuevo disco, titulado <strong><em>Calendario<\/em><\/strong>, que prometen para noviembre.<\/span><\/p>\n<p><img decoding=\"async\" class=\"aligncenter wp-image-1116\" src=\"http:\/\/lanotaazul.com.ar\/wp-content\/uploads\/2017\/09\/Tram3_9-1024x768.jpg\" alt=\"\" width=\"498\" height=\"374\" \/><\/p>\n<p>&nbsp;<\/p>\n<p><span style=\"font-size: 14pt;\">Charlamos con los <strong>Tramperas<\/strong> acerca de sus diversos proyectos musicales y sobre lo que que ser\u00e1 su pr\u00f3ximo disco. En la conversaci\u00f3n, Ocampo, Romero y M\u00e9ndez desarrollaron conceptos que iluminan su idea sobre el jazz, sobre la m\u00fasica, sobre la composici\u00f3n y la producci\u00f3n de una obra grabada. Una entrevista con tres l\u00facidos m\u00fasicos con ideas claras y mucho empuje para llevar adelante su trabajo art\u00edstico. &gt;&gt; <a href=\"http:\/\/lanotaazul.com.ar\/entrevistas\/tramperas-trio-en-vivo-en-la-nota-azul\/\" target=\"_blank\" rel=\"noopener noreferrer\"><em><strong>AQU\u00cd UN REGISTRO DE LA ENTREVISTA Y SU PEQUE\u00d1O CONCIERTO EN VIVO EN LA RADIO<\/strong><\/em><\/a>.<\/span><\/p>\n<p><span style=\"font-size: 14pt;\"><img decoding=\"async\" class=\"alignleft wp-image-1122 \" src=\"http:\/\/lanotaazul.com.ar\/wp-content\/uploads\/2017\/09\/Tramperas-300x300.jpg\" alt=\"\" width=\"278\" height=\"278\" \/>Escuchamos en vivo a <strong>Tramperas Tr\u00edo<\/strong> tocando en <strong>La Nota Azul<\/strong> parte de la m\u00fasica que integrar\u00e1 su nuevo disco. Tocaron una composici\u00f3n de <strong>Fernando M\u00e9ndez<\/strong>, una de <strong>Nicol\u00e1s Ocampo<\/strong> y una de <strong>Mat\u00edas Romero<\/strong>. Adem\u00e1s, escuchamos algo de su \u00e1lbum anterior de 2011 y parte del tema <em>Calendario<\/em>, grabado para el pr\u00f3ximo disco con <strong>Eduardo Vald\u00e9s<\/strong> como invitado en la guitarra.<\/span><\/p>\n<p><span style=\"font-size: 14pt;\"><a href=\"https:\/\/www.facebook.com\/events\/1640505975980409\/?ref=br_rs\" target=\"_blank\" rel=\"noopener noreferrer\"><strong>Tramperas Tr\u00edo<\/strong> se presentar\u00e1 en vivo el pr\u00f3ximo s\u00e1bado 16 de septiembre en el <strong><em>Ciclo Descentrados<\/em><\/strong> del <em>Centro Cultural C\u00f3rdoba<\/em><\/a>, con <strong>Mateo Bruno<\/strong> en medios electr\u00f3nicos y <strong>Lucas Acu\u00f1a<\/strong> en guitarra el\u00e9ctrica como invitados.<\/span><\/p>\n<p><span style=\"font-size: 14pt;\">Adem\u00e1s, cerramos el programa con el gran pianista salte\u00f1o <strong>Daniel Tinte<\/strong>, que el pr\u00f3ximo viernes 15 de septiembre en Roque S\u00e1enz Pe\u00f1a, provincia de Chaco, inaugura su nuevo quinteto con <strong>Rodrigo Dom\u00ednguez<\/strong> en saxo, <strong>Richard Nant<\/strong> en trompeta, <strong>Sergio Verdinelli<\/strong> en bater\u00eda y <strong>Jer\u00f3nimo Carmona<\/strong> en contrabajo. Un evento may\u00fasculo para el <strong><em>Jazz Federal Club<\/em><\/strong>. &gt;&gt;\u00a0<\/span><span style=\"font-size: 14pt;\"><strong><a href=\"http:\/\/lanotaazul.com.ar\/agenda\/jazz-calchaqui-en-concierto-daniel-tinte-inaugura-nuevo-quinteto-en-saenz-pena-chaco\/\" target=\"_blank\" rel=\"noopener noreferrer\"><em>AQU\u00cd TODA LA INFORMACI\u00d3N DEL EVENTO<\/em><\/a><\/strong><\/span>.<\/p>\n<p><span style=\"font-size: 14pt;\">Suena como cierre del programa <em>Folkbop<\/em> de <strong>Daniel Tinte<\/strong>.<\/span><\/p>\n<p><span style=\"font-size: 14pt;\">Todo eso y mucho m\u00e1s en dos intensas horas de jazz, m\u00fasica y radio. Un tremendo programa de <strong>La Nota Azul<\/strong>.<\/span><\/p>\n<p>&nbsp;<\/p>\n<p style=\"text-align: center;\"><span style=\"font-size: 14pt;\"><a href=\"http:\/\/lanotaazul.com.ar\/programas\/seamus-blake-chris-cheek-y-tramperas-trio-en-vivo-en-la-nota-azul\/\" target=\"_blank\" rel=\"noopener noreferrer\"><strong><em>ESCUCHALO TAMBI\u00c9N DESDE AC\u00c1<\/em><\/strong><\/a><\/span><\/p>\n<figure id=\"attachment_1127\" aria-describedby=\"caption-attachment-1127\" style=\"width: 532px\" class=\"wp-caption aligncenter\"><img loading=\"lazy\" decoding=\"async\" class=\"wp-image-1127 \" src=\"http:\/\/lanotaazul.com.ar\/wp-content\/uploads\/2017\/09\/Tramperas-Tr\u00edo-en-La-Nota-Azul-1024x768.jpg\" alt=\"\" width=\"532\" height=\"399\" \/><figcaption id=\"caption-attachment-1127\" class=\"wp-caption-text\">Tramperas Tr\u00edo en La Nota Azul<\/figcaption><\/figure>\n<div class='share-to-whatsapp-wrapper'><div class='share-on-whsp'>Share on: <\/div><div class='clear '><\/div><\/div>","protected":false},"excerpt":{"rendered":"<p>Aferrado a la tradici\u00f3n, el jazz puede volar bien lejos. Es la paradoja creativa de esta m\u00fasica. Suelto y desprejuiciado, consciente de lo arbitrario que resulta todo af\u00e1n clasificatorio, puede escapar a todas las tipificaciones y ser siempre singular y diverso. Puede bucear en diferentes estilos, m\u00fasicas, costumbres, diferentes geograf\u00edas e historias, beber de todo [&hellip;]<\/p>\n","protected":false},"author":14,"featured_media":4422,"comment_status":"open","ping_status":"open","sticky":false,"template":"","format":"standard","meta":{"footnotes":""},"categories":[261],"tags":[81,52,293,305,296,166],"class_list":["post-4421","post","type-post","status-publish","format-standard","has-post-thumbnail","hentry","category-la-nota-azul","tag-agenda-cultural","tag-cultura","tag-jazz","tag-jazz-federal-club","tag-la-nota-azul","tag-musica"],"_links":{"self":[{"href":"https:\/\/zumbalaturba.com.ar\/index.php?rest_route=\/wp\/v2\/posts\/4421","targetHints":{"allow":["GET"]}}],"collection":[{"href":"https:\/\/zumbalaturba.com.ar\/index.php?rest_route=\/wp\/v2\/posts"}],"about":[{"href":"https:\/\/zumbalaturba.com.ar\/index.php?rest_route=\/wp\/v2\/types\/post"}],"author":[{"embeddable":true,"href":"https:\/\/zumbalaturba.com.ar\/index.php?rest_route=\/wp\/v2\/users\/14"}],"replies":[{"embeddable":true,"href":"https:\/\/zumbalaturba.com.ar\/index.php?rest_route=%2Fwp%2Fv2%2Fcomments&post=4421"}],"version-history":[{"count":0,"href":"https:\/\/zumbalaturba.com.ar\/index.php?rest_route=\/wp\/v2\/posts\/4421\/revisions"}],"wp:featuredmedia":[{"embeddable":true,"href":"https:\/\/zumbalaturba.com.ar\/index.php?rest_route=\/wp\/v2\/media\/4422"}],"wp:attachment":[{"href":"https:\/\/zumbalaturba.com.ar\/index.php?rest_route=%2Fwp%2Fv2%2Fmedia&parent=4421"}],"wp:term":[{"taxonomy":"category","embeddable":true,"href":"https:\/\/zumbalaturba.com.ar\/index.php?rest_route=%2Fwp%2Fv2%2Fcategories&post=4421"},{"taxonomy":"post_tag","embeddable":true,"href":"https:\/\/zumbalaturba.com.ar\/index.php?rest_route=%2Fwp%2Fv2%2Ftags&post=4421"}],"curies":[{"name":"wp","href":"https:\/\/api.w.org\/{rel}","templated":true}]}}